{"id":30280,"date":"2026-01-30T20:12:57","date_gmt":"2026-01-31T02:12:57","guid":{"rendered":"https:\/\/www.aquilaguna.com\/?p=30280"},"modified":"2026-01-30T20:12:57","modified_gmt":"2026-01-31T02:12:57","slug":"mas-de-2100-vacantes-se-ofertaron-en-la-feria-de-empleo","status":"publish","type":"post","link":"https:\/\/www.aquilaguna.com\/index.php\/2026\/01\/30\/mas-de-2100-vacantes-se-ofertaron-en-la-feria-de-empleo\/","title":{"rendered":"M\u00c1S DE 2,100 VACANTES SE OFERTARON EN LA FERIA DE EMPLEO."},"content":{"rendered":"\n<p><strong>\u2022&nbsp; &nbsp;&nbsp;<em>47 empresas de la regi\u00f3n sureste se instalaron en el magno evento de vinculaci\u00f3n organizado por el Gobierno de Coahuila.<\/em><\/strong><\/p>\n\n\n\n<p>Saltillo, Coahuila; 30 de enero de 2026.- El Gobierno de Coahuila, a trav\u00e9s de la Secretar\u00eda del Trabajo y el Servicio de Empleo, realiz\u00f3 este viernes la Primera Feria de Empleo de 2026, con la oferta de m\u00e1s de 2,100 vacantes de empleo formal.<\/p>\n\n\n\n<p>Gracias a la confianza de los buscadores de empleo y de las empresas en los eventos de vinculaci\u00f3n laboral, esta Feria de Empleo tuvo una gran afluencia de trabajadores que buscan colocarse en un empleo que les ayude a mejorar la calidad de vida de sus familias.<\/p>\n\n\n\n<p>Las vacantes en empleos formales cumplen con toda la normativa que marca la Ley Federal del Trabajo y, en su mayor\u00eda, ofrecen prestaciones superiores, adem\u00e1s de servicios de transporte y comedor, lo que facilita el acceso a estas fuentes de empleo formal.<\/p>\n\n\n\n<p>Cabe destacar que entre las vacantes ofertadas se encontraban sueldos de hasta 50 mil pesos mensuales para gerencias de calidad y otros puestos en las \u00e1reas de costos. La oferta fue muy variada, con oportunidades para todas las \u00e1reas laborales.<\/p>\n\n\n\n<p>La Secretaria del Trabajo, Nazira Zogbi Castro, destac\u00f3 la presencia en el evento protocolario de los l\u00edderes de las c\u00e1maras empresariales y de los principales sindicatos, y mencion\u00f3 que este evento fue posible gracias a la gran coordinaci\u00f3n y di\u00e1logo que se mantiene con todos los actores del sector productivo.<\/p>\n\n\n\n<p>\u201cPudimos realizar este evento con las m\u00e1s de 2,100 vacantes gracias a la solidaridad de los empresarios, de las c\u00e1maras, de los sindicatos y de las \u00e1reas de fomento econ\u00f3mico de los municipios de la regi\u00f3n. Todos trabajamos de manera coordinada para poder traer una gran oferta de empleo a este evento y que los trabajadores puedan acceder a m\u00e1s oportunidades de trabajo\u201d, mencion\u00f3 Nazira Zogbi.<\/p>\n\n\n\n<p>El evento dio inicio desde las 9:00 horas en el Centro de Convenciones Canacintra y, gracias a la gran respuesta, empresas contrataron servicios de transportaci\u00f3n para trasladar a los buscadores de empleo a las plantas y continuar de manera acelerada el proceso de contrataci\u00f3n.<\/p>\n\n\n\n<p>La Secretaria del Trabajo, Nazira Zogbi Castro, destac\u00f3 que esta feria representa un paso decisivo en la estrategia laboral impulsada por el gobernador Manolo Jim\u00e9nez Salinas, ya que por primera vez se integran en una bolsa de trabajo unificada las ofertas de empleo provenientes de c\u00e1maras empresariales, municipios y empresas instaladas en el estado, lo que multiplica las oportunidades de vinculaci\u00f3n y fortalece el acceso a empleos de calidad.<\/p>\n\n\n\n<p>\u201cCon esta suma de esfuerzos logramos potencializar las oportunidades de empleo formal y acercar a los buscadores de trabajo a las empresas que requieren talento para seguir creciendo en Coahuila\u201d, se\u00f1al\u00f3 Zogbi Castro.<\/p>\n\n\n\n<p>La Secretaria del Trabajo record\u00f3 que en 2025 se realizaron 20 Ferias de Empleo en todas las regiones del estado, y que este a\u00f1o se continuar\u00e1 con un calendario din\u00e1mico de eventos que respondan a las necesidades del sector productivo y de la sociedad.<\/p>\n\n\n\n<p>Asimismo, subray\u00f3 que contar con un empleo formal significa acceso a prestaciones de ley, seguridad social, servicios de salud e ingresos estables, lo que se traduce en mejores condiciones de vida para las familias y en un mayor desarrollo econ\u00f3mico para la entidad.<\/p>\n\n\n\n<p>Con esta primera feria del a\u00f1o, Coahuila reafirma su compromiso de mantener un mercado laboral activo y competitivo que ayude a mejorar la calidad de vida de los trabajadores y sus familias.<\/p>\n","protected":false},"excerpt":{"rendered":"<p>\u2022&nbsp; &nbsp;&nbsp;47 empresas de la regi\u00f3n sureste se instalaron en el magno evento de vinculaci\u00f3n organizado por el Gobierno de Coahuila. Saltillo, Coahuila; 30 de enero de 2026.- El Gobierno de Coahuila, a trav\u00e9s de la Secretar\u00eda del Trabajo y el Servicio de Empleo, realiz\u00f3 este viernes la Primera Feria de Empleo de 2026, con la oferta de m\u00e1s de 2,100 vacantes de empleo formal. Gracias a la confianza de&#8230;<\/p>\n","protected":false},"author":1,"featured_media":30281,"comment_status":"closed","ping_status":"","sticky":false,"template":"","format":"standard","meta":{"footnotes":""},"categories":[5,43,15],"tags":[],"class_list":["post-30280","post","type-post","status-publish","format-standard","has-post-thumbnail","hentry","category-coahuila","category-empleo","category-gobierno-de-coahuila","wpcat-5-id","wpcat-43-id","wpcat-15-id"],"_links":{"self":[{"href":"https:\/\/www.aquilaguna.com\/index.php\/wp-json\/wp\/v2\/posts\/30280","targetHints":{"allow":["GET"]}}],"collection":[{"href":"https:\/\/www.aquilaguna.com\/index.php\/wp-json\/wp\/v2\/posts"}],"about":[{"href":"https:\/\/www.aquilaguna.com\/index.php\/wp-json\/wp\/v2\/types\/post"}],"author":[{"embeddable":true,"href":"https:\/\/www.aquilaguna.com\/index.php\/wp-json\/wp\/v2\/users\/1"}],"replies":[{"embeddable":true,"href":"https:\/\/www.aquilaguna.com\/index.php\/wp-json\/wp\/v2\/comments?post=30280"}],"version-history":[{"count":1,"href":"https:\/\/www.aquilaguna.com\/index.php\/wp-json\/wp\/v2\/posts\/30280\/revisions"}],"predecessor-version":[{"id":30282,"href":"https:\/\/www.aquilaguna.com\/index.php\/wp-json\/wp\/v2\/posts\/30280\/revisions\/30282"}],"wp:featuredmedia":[{"embeddable":true,"href":"https:\/\/www.aquilaguna.com\/index.php\/wp-json\/wp\/v2\/media\/30281"}],"wp:attachment":[{"href":"https:\/\/www.aquilaguna.com\/index.php\/wp-json\/wp\/v2\/media?parent=30280"}],"wp:term":[{"taxonomy":"category","embeddable":true,"href":"https:\/\/www.aquilaguna.com\/index.php\/wp-json\/wp\/v2\/categories?post=30280"},{"taxonomy":"post_tag","embeddable":true,"href":"https:\/\/www.aquilaguna.com\/index.php\/wp-json\/wp\/v2\/tags?post=30280"}],"curies":[{"name":"wp","href":"https:\/\/api.w.org\/{rel}","templated":true}]}}