{"id":30283,"date":"2026-01-30T20:14:19","date_gmt":"2026-01-31T02:14:19","guid":{"rendered":"https:\/\/www.aquilaguna.com\/?p=30283"},"modified":"2026-01-30T20:14:19","modified_gmt":"2026-01-31T02:14:19","slug":"se-inaugura-la-exposicion-tiempo-de-pensar-en-comunidad-en-torreon","status":"publish","type":"post","link":"https:\/\/www.aquilaguna.com\/index.php\/2026\/01\/30\/se-inaugura-la-exposicion-tiempo-de-pensar-en-comunidad-en-torreon\/","title":{"rendered":"SE INAUGURA LA EXPOSICI\u00d3N &#8220;TIEMPO DE PENSAR EN COMUNIDAD&#8221;\u00a0 EN TORRE\u00d3N."},"content":{"rendered":"\n<p><strong>\u2022&nbsp; &nbsp;<em>&nbsp;La Secretar\u00eda de Cultura de Coahuila en colaboraci\u00f3n con el Museo Regional de La Laguna presenta esta muestra fotogr\u00e1fica del 29 de enero al 29 de marzo del presente a\u00f1o.<\/em><\/strong><\/p>\n\n\n\n<p>Torre\u00f3n, Coahuila, a 30 de enero de 2026.\u2013 La Secretar\u00eda de Cultura del Estado inaugur\u00f3 la exposici\u00f3n Tiempo de Pensar en Comunidad. Memoria del Concurso Nacional de Fotograf\u00eda \u201cLos Derechos Humanos\u201d, una muestra que re\u00fane 79 fotograf\u00edas resultado de m\u00e1s de media d\u00e9cada de trabajo period\u00edstico y de investigaci\u00f3n visual comprometido con la defensa y visibilizaci\u00f3n de los derechos humanos en M\u00e9xico.<\/p>\n\n\n\n<p>La exposici\u00f3n se inaugur\u00f3 a las 19:00 horas en el Museo Regional de La Laguna (MUREL) y permanecer\u00e1 abierta al p\u00fablico hasta el 29 de marzo, con entrada libre, en un horario de martes a domingo de 10:00 a 18:00 horas.<\/p>\n\n\n\n<p>Tiempo de Pensar en Comunidad es una muestra fotogr\u00e1fica que invita a detenernos y mirar con profundidad realidades que han marcado la vida social del pa\u00eds. Las im\u00e1genes que la conforman no s\u00f3lo documentan hechos: dan voz a historias que durante a\u00f1os han sido silenciadas y colocan a la dignidad humana como eje central de la reflexi\u00f3n colectiva.<\/p>\n\n\n\n<p>El Concurso Nacional de Fotograf\u00eda Los Derechos Humanos, realizado entre 2015 y 2020, se consolid\u00f3 como un espacio que permiti\u00f3 a fot\u00f3grafas y fot\u00f3grafos ejercer una mirada cr\u00edtica, sensible y comprometida frente a los acontecimientos cotidianos relacionados con este tema. Esta exposici\u00f3n recupera ese acervo con el objetivo de mantener viva la memoria, generar conciencia y evitar que estas situaciones se repitan.<\/p>\n\n\n\n<p>La muestra re\u00fane m\u00e1s de media d\u00e9cada de investigaciones gr\u00e1ficas caracterizadas por su rigor, valent\u00eda y responsabilidad social. Cada imagen es un acto de memoria y un llamado a la conciencia colectiva; un reconocimiento a quienes, desde su trabajo visual, han decidido observar, nombrar y defender los derechos de otras personas.<\/p>\n\n\n\n<p>Durante la inauguraci\u00f3n, la secretaria de Cultura del Estado, Esther Quintana Salinas, se\u00f1al\u00f3 que este tipo de exposiciones permiten que el arte y la cultura se conviertan en espacios de encuentro, di\u00e1logo y reflexi\u00f3n comunitaria. Destac\u00f3 que \u201cllevar estas muestras a recintos p\u00fablicos fortalece la relaci\u00f3n entre ciudadan\u00eda, memoria y pensamiento cr\u00edtico, porque la cultura debe vivirse en todos los espacios donde se construye la vida social\u201d.<\/p>\n\n\n\n<p>Asimismo, agradeci\u00f3 el respaldo del gobernador Manolo Jim\u00e9nez Salinas, subrayando que su inter\u00e9s permanente es que el arte y la cultura lleguen a todos los sectores de la poblaci\u00f3n. \u201cCon su apoyo seguimos impulsando proyectos que promueven la conciencia social, la libertad de expresi\u00f3n y el respeto a los derechos humanos, entendiendo la cultura como una herramienta para construir comunidad\u201d, expres\u00f3.<\/p>\n\n\n\n<p>Por su parte, el director del Museo Regional de La Laguna, Dr. Miguel \u00c1ngel Cipr\u00e9s, manifest\u00f3 que \u201ces un gusto para el MUREL recibir una exposici\u00f3n de esta relevancia, que invita a la reflexi\u00f3n y al di\u00e1logo desde la imagen. Este museo es un espacio abierto a la comunidad, y muestras como esta fortalecen nuestra vocaci\u00f3n de ser un punto de encuentro para la memoria, el pensamiento cr\u00edtico y la construcci\u00f3n colectiva\u201d.<\/p>\n\n\n\n<p>El recorrido estuvo a cargo de la Mtra Lilia Rabiela qui\u00e9n di\u00f3 un panorama completo de la muestra conformada por ganadores de las 6 ediciones de este concurso.<\/p>\n\n\n\n<p>La Secretar\u00eda de Cultura agradece la colaboraci\u00f3n del Museo Regional de La Laguna y reitera la invitaci\u00f3n al p\u00fablico a visitar esta exposici\u00f3n, que nos recuerda que s\u00f3lo a trav\u00e9s de la memoria, la empat\u00eda y el trabajo conjunto es posible avanzar hacia una sociedad m\u00e1s justa, solidaria y humana.<\/p>\n","protected":false},"excerpt":{"rendered":"<p>\u2022&nbsp; &nbsp;&nbsp;La Secretar\u00eda de Cultura de Coahuila en colaboraci\u00f3n con el Museo Regional de La Laguna presenta esta muestra fotogr\u00e1fica del 29 de enero al 29 de marzo del presente a\u00f1o. Torre\u00f3n, Coahuila, a 30 de enero de 2026.\u2013 La Secretar\u00eda de Cultura del Estado inaugur\u00f3 la exposici\u00f3n Tiempo de Pensar en Comunidad. Memoria del Concurso Nacional de Fotograf\u00eda \u201cLos Derechos Humanos\u201d, una muestra que re\u00fane 79 fotograf\u00edas resultado de&#8230;<\/p>\n","protected":false},"author":1,"featured_media":30284,"comment_status":"closed","ping_status":"","sticky":false,"template":"","format":"standard","meta":{"footnotes":""},"categories":[5,12,15,28,7],"tags":[],"class_list":["post-30283","post","type-post","status-publish","format-standard","has-post-thumbnail","hentry","category-coahuila","category-cultura","category-gobierno-de-coahuila","category-la-laguna","category-torreon","wpcat-5-id","wpcat-12-id","wpcat-15-id","wpcat-28-id","wpcat-7-id"],"_links":{"self":[{"href":"https:\/\/www.aquilaguna.com\/index.php\/wp-json\/wp\/v2\/posts\/30283","targetHints":{"allow":["GET"]}}],"collection":[{"href":"https:\/\/www.aquilaguna.com\/index.php\/wp-json\/wp\/v2\/posts"}],"about":[{"href":"https:\/\/www.aquilaguna.com\/index.php\/wp-json\/wp\/v2\/types\/post"}],"author":[{"embeddable":true,"href":"https:\/\/www.aquilaguna.com\/index.php\/wp-json\/wp\/v2\/users\/1"}],"replies":[{"embeddable":true,"href":"https:\/\/www.aquilaguna.com\/index.php\/wp-json\/wp\/v2\/comments?post=30283"}],"version-history":[{"count":1,"href":"https:\/\/www.aquilaguna.com\/index.php\/wp-json\/wp\/v2\/posts\/30283\/revisions"}],"predecessor-version":[{"id":30285,"href":"https:\/\/www.aquilaguna.com\/index.php\/wp-json\/wp\/v2\/posts\/30283\/revisions\/30285"}],"wp:featuredmedia":[{"embeddable":true,"href":"https:\/\/www.aquilaguna.com\/index.php\/wp-json\/wp\/v2\/media\/30284"}],"wp:attachment":[{"href":"https:\/\/www.aquilaguna.com\/index.php\/wp-json\/wp\/v2\/media?parent=30283"}],"wp:term":[{"taxonomy":"category","embeddable":true,"href":"https:\/\/www.aquilaguna.com\/index.php\/wp-json\/wp\/v2\/categories?post=30283"},{"taxonomy":"post_tag","embeddable":true,"href":"https:\/\/www.aquilaguna.com\/index.php\/wp-json\/wp\/v2\/tags?post=30283"}],"curies":[{"name":"wp","href":"https:\/\/api.w.org\/{rel}","templated":true}]}}