{"id":30287,"date":"2026-01-30T21:06:04","date_gmt":"2026-01-31T03:06:04","guid":{"rendered":"https:\/\/www.aquilaguna.com\/?p=30287"},"modified":"2026-01-30T21:06:04","modified_gmt":"2026-01-31T03:06:04","slug":"presentan-programa-para-celebracion-de-la-filomena-himno-lagunero","status":"publish","type":"post","link":"https:\/\/www.aquilaguna.com\/index.php\/2026\/01\/30\/presentan-programa-para-celebracion-de-la-filomena-himno-lagunero\/","title":{"rendered":"Presentan programa para celebraci\u00f3n de &#8220;La Filomena&#8221;, himno lagunero."},"content":{"rendered":"\n<p>Torre\u00f3n, Coahuila.- Para ubicar en el tiempo y la memoria colectiva, el arquitecto Antonio\u00a0M\u00e9ndez\u00a0Vigat\u00e1, Director\u00a0del Instituto Muncipal de Cultura -IMCE-, visti\u00f3 de palabras, el arribo\u00a0a su primer\u00a0Centenario de\u00a0 v\u00edvida presencia, en la sensibilidad, en la piel\u00a0de\u00a0varias generaciones, las\u00a0 notas\u00a0de &#8220;La Filomena&#8221;, pieza musical que ahora forma parte de nuestra\u00a0identidad colectiva.\u00a0\u00a0<\/p>\n\n\n\n<p>En la presentaci\u00f3n\u00a0de los eventos programados por la\u00a0Secretar\u00eda de Cultura bajo la conducci\u00f3n de la Licenciada Esther Quintana\u00a0Salinas y una amplia\u00a0participaci\u00f3n\u00a0de organismos e instituciones universitarias p\u00fablicas y privadas, as\u00ed como del Instituto Municipal de Cultura de este municipio\u00a0dirigido por el Arquitecto Antonio M\u00e9ndez Vigat\u00e1,\u00a0con un programa\u00a0que\u00a0incluye\u00a0desde conferencias que abordan desde diversas perspectivas el clima social, cultural\u00a0pol\u00edtico y econ\u00f3mico que\u00a0dominaba\u00a0la \u00e9poca de los a\u00f1os 20&#8217;S\u00a0del siglo pasado, en la que se ubica &#8220;el nacimiento&#8221; de la Filomena como el himno\u00a0de torreonenses\u00a0 que formaron parte de esa\u00a0generaci\u00f3n\u00a0en tales d\u00edas y\u00a0las subsiguientes, que hicieron\u00a0suya,\u00a0y cuyas notas, forman parte de su\u00a0caudal\u00a0 identificatorio.\u00a0<\/p>\n\n\n\n<p>En coordinaci\u00f3n con la Secretar\u00eda de Cultura Estatal, con el\u00a0Instituto Municipal de Cultura, del Archivo Municipal\u00a0e instituciones de educaci\u00f3n\u00a0superior, tanto de \u00edndole p\u00fablica y privadas,\u00a0presentaron este d\u00eda el programa de actividades a desarrollar\u00a0a lo largo del mes de febrero y\u00a0en la que destaca la invitaci\u00f3n, para todo aquel que as\u00ed lo dese\u00e9, el d\u00eda primero de marzo\u00a0del a\u00f1o en curso, a participar en el baile popular que bajo los acordes de la Banda de M\u00fasica de \u00e9ste municipio,\u00a0&#8220;La Filomena&#8221; y el resto del progama musical con la que se amenizar\u00e1 ese evento celebratorio, en el amplio espacio de nuestra Plaza principal.<\/p>\n\n\n\n<p>En la presentaci\u00f3n\u00a0del programa de actividades, realizado esta ma\u00f1ana, destacaron las palabras del \u00a0 Arquitecto M\u00e9ndez Vigat\u00e1,\u00a0diciendo que, &#8220;hay m\u00fasicas que\u00a0no llegan\u00a0con estruendo, sino con la delicadeza de un\u00a0recuerdo que se posa en el\u00a0 coraz\u00f3n, La Filomena es una de esas composiciones que parecen conocernos desde antes, como si hubieran estado presentes en nuestras caminatas, en la espera y en las peque\u00f1as alegr\u00edas\u00a0de cada d\u00eda&#8221;.<\/p>\n\n\n\n<p>&#8220;Hay sonoridades\u00a0que no solo se escuchan, permanecen suspendidas en el aire de\u00a0 una ciudad, formando parte de su respiraci\u00f3n&#8221;.<\/p>\n\n\n\n<p>&#8220;La Filomena naci\u00f3 lejos de aqu\u00ed, en los a\u00f1os que M\u00e9xico\u00a0descubr\u00eda nuevos ritmos y nuevas libertades, y detr\u00e1s de su encanto\u00a0laten tres sensibilidades distintas, tres vidas que sin saberlo, terminaron \u00a0 dialogando con la nuestra&#8221;.\u00a0\u00a0\u00a0<\/p>\n\n\n\n<p>En s\u00edntesis obligada, en este espacio, el\u00a0Arquitecto\u00a0M\u00e9ndez Vigat\u00e1,\u00a0a\u00f1ad\u00eda que, &#8220;la\u00a0 letra la imagin\u00f3 Jorge del Moral, nombre art\u00edstico de Guillermo Ross, nacido en la ciudad de M\u00e9xico en 1900, pianista\u00a0formado entre Nueva York y Europa. Fue un artista capaz de escuchar la vida cotidiana, el rumor de una calle, la sombra de una despedida, la sonrisa de un encuentro y transformarla en gesto musical&#8221;.<\/p>\n\n\n\n<p>&#8220;La m\u00fasica\u00a0la compuso Federico Ruiz, m\u00fasico mexicano de la misma \u00e9poca, colaborador frecuente de Del Moral en foxtrots y piezas teatrales,\u00a0que con su estilo aport\u00f3 a\u00a0La Filomena una vitalidad que la hizo irresistible desde su nacimiento&#8221;.<\/p>\n\n\n\n<p>&#8220;Y el toque final\u00a0lo dio Guillermo Posada, Director de la C\u00e9lebre Orquesta\u00a0Posadas, quien dio a \u00e9sta pieza, un brillo fresco, casi cinematogr\u00e1fico, que la hizo distinta desde\u00a0el primer comp\u00e1s&#8221;.\u00a0\u00a0<\/p>\n\n\n\n<p>&#8220;Pero, fue en Torre\u00f3n donde \u00e9sta composici\u00f3n\u00a0encontr\u00f3 su hogar verdadero. Aqu\u00ed, entre el sol que cae vertical\u00a0y las noches huelen a polvo y memoria&#8221;.<\/p>\n\n\n\n<p>Se record\u00f3 que\u00a0el &#8220;nacimiento&#8221; de la pieza musical, &#8220;se consolid\u00f3 el d\u00eda 4 de marzo de 1926, durante la celebraci\u00f3n de una Convenci\u00f3n Rotaria, cuando la Delegacion Rotaria de Monterrey modific\u00f3 su letra y adoptar para cantar, &#8216;La Laguna tiene dinero, La laguna tiene algod\u00f3n&#8217;, transform\u00e1ndola\u00a0de inmediato en un himno de identidad\u00a0regional&#8221;.<\/p>\n","protected":false},"excerpt":{"rendered":"<p>Torre\u00f3n, Coahuila.- Para ubicar en el tiempo y la memoria colectiva, el arquitecto Antonio\u00a0M\u00e9ndez\u00a0Vigat\u00e1, Director\u00a0del Instituto Muncipal de Cultura -IMCE-, visti\u00f3 de palabras, el arribo\u00a0a su primer\u00a0Centenario de\u00a0 v\u00edvida presencia, en la sensibilidad, en la piel\u00a0de\u00a0varias generaciones, las\u00a0 notas\u00a0de &#8220;La Filomena&#8221;, pieza musical que ahora forma parte de nuestra\u00a0identidad colectiva.\u00a0\u00a0 En la presentaci\u00f3n\u00a0de los eventos programados por la\u00a0Secretar\u00eda de Cultura bajo la conducci\u00f3n de la Licenciada Esther Quintana\u00a0Salinas y una&#8230;<\/p>\n","protected":false},"author":2,"featured_media":0,"comment_status":"closed","ping_status":"","sticky":false,"template":"","format":"standard","meta":{"footnotes":""},"categories":[5,12,28,7],"tags":[],"class_list":["post-30287","post","type-post","status-publish","format-standard","hentry","category-coahuila","category-cultura","category-la-laguna","category-torreon","wpcat-5-id","wpcat-12-id","wpcat-28-id","wpcat-7-id"],"_links":{"self":[{"href":"https:\/\/www.aquilaguna.com\/index.php\/wp-json\/wp\/v2\/posts\/30287","targetHints":{"allow":["GET"]}}],"collection":[{"href":"https:\/\/www.aquilaguna.com\/index.php\/wp-json\/wp\/v2\/posts"}],"about":[{"href":"https:\/\/www.aquilaguna.com\/index.php\/wp-json\/wp\/v2\/types\/post"}],"author":[{"embeddable":true,"href":"https:\/\/www.aquilaguna.com\/index.php\/wp-json\/wp\/v2\/users\/2"}],"replies":[{"embeddable":true,"href":"https:\/\/www.aquilaguna.com\/index.php\/wp-json\/wp\/v2\/comments?post=30287"}],"version-history":[{"count":1,"href":"https:\/\/www.aquilaguna.com\/index.php\/wp-json\/wp\/v2\/posts\/30287\/revisions"}],"predecessor-version":[{"id":30288,"href":"https:\/\/www.aquilaguna.com\/index.php\/wp-json\/wp\/v2\/posts\/30287\/revisions\/30288"}],"wp:attachment":[{"href":"https:\/\/www.aquilaguna.com\/index.php\/wp-json\/wp\/v2\/media?parent=30287"}],"wp:term":[{"taxonomy":"category","embeddable":true,"href":"https:\/\/www.aquilaguna.com\/index.php\/wp-json\/wp\/v2\/categories?post=30287"},{"taxonomy":"post_tag","embeddable":true,"href":"https:\/\/www.aquilaguna.com\/index.php\/wp-json\/wp\/v2\/tags?post=30287"}],"curies":[{"name":"wp","href":"https:\/\/api.w.org\/{rel}","templated":true}]}}