{"id":30885,"date":"2026-03-10T18:12:39","date_gmt":"2026-03-11T00:12:39","guid":{"rendered":"https:\/\/www.aquilaguna.com\/?p=30885"},"modified":"2026-03-10T18:12:39","modified_gmt":"2026-03-11T00:12:39","slug":"inauguran-en-la-uadec-unidad-laguna-el-ciclo-de-conferencias-escuela-para-futuros-padres","status":"publish","type":"post","link":"https:\/\/www.aquilaguna.com\/index.php\/2026\/03\/10\/inauguran-en-la-uadec-unidad-laguna-el-ciclo-de-conferencias-escuela-para-futuros-padres\/","title":{"rendered":"Inauguran en la UAdeC Unidad Laguna el ciclo de conferencias &#8220;Escuela para Futuros Padres\u201d."},"content":{"rendered":"\n<p>TORRE\u00d3N, Coahuila. 10 de marzo de 2026. La Coordinaci\u00f3n Unidad Laguna de la<br>Universidad Aut\u00f3noma de Coahuila, a trav\u00e9s del departamento de Formaci\u00f3n<br>Integral, en conjunto con la Direcci\u00f3n de Seguridad P\u00fablica Municipal de Torre\u00f3n<br>(DGSPM), inaugur\u00f3 el ciclo de conferencias &#8220;Escuela para futuros padres&#8221;, en la sala<br>audiovisual de la Escuela de Ciencias de la Comunidad.<\/p>\n\n\n\n<p>El acto inaugural estuvo a cargo del coordinador de la Unidad Laguna, Omar Rojas<br>Zapata, el director de la DGSPM, Alfredo Flores Originales, y la directora de la<br>Escuela de Ciencias de la Comunidad, Gabriela Perales Garc\u00eda, quienes estuvieron<br>acompa\u00f1ados por docentes y comunidad estudiantil.<\/p>\n\n\n\n<p>En su mensaje el Coordinador, se\u00f1al\u00f3 que el objetivo del ciclo de conferencias es<br>fortalecer el v\u00ednculo entre la familia, la escuela y la comunidad, mediante el abordaje<br>de temas fundamentales como las implicaciones jur\u00eddicas de la omisi\u00f3n de cuidados,<br>las medidas de riesgo, adem\u00e1s de la salud mental, la escucha activa y la<br>identificaci\u00f3n de se\u00f1ales de alerta entre los j\u00f3venes.<\/p>\n\n\n\n<p>A\u00f1adi\u00f3 que, la Universidad Aut\u00f3noma de Coahuila no se limita al aula, tambi\u00e9n se<br>construye desde el hogar, la comunicaci\u00f3n y desde la corresponsabilidad que tiene la<br>sociedad para cuidar y orientar a la comunidad estudiantil.<\/p>\n\n\n\n<p>Cabe se\u00f1alar que la conferencia fue impartida por la comandante Blanca Nancy<br>P\u00e9rez Robles, integrante del \u00e1rea de la Unidad Especializada en Atenci\u00f3n Temprana<br>y Acompa\u00f1amiento en Situaciones de Riesgo de la Direcci\u00f3n de Seguridad P\u00fablica<br>Municipal de Torre\u00f3n, quien proporcion\u00f3 informaci\u00f3n sobre la responsabilidad legal<br>en el cuidado de los hijos y las repercusiones legales tanto para los padres de<br>familia, como para los adolescentes en caso de cometer actos il\u00edcitos.<\/p>\n\n\n\n<p>Adem\u00e1s, las consecuencias de la omisi\u00f3n de cuidados, la relevancia de los<br>operativos mochila en las escuelas, los peligros asociados con la introducci\u00f3n de<br>armas de fuego, armas blancas y sustancias ilegales en los planteles.<\/p>\n","protected":false},"excerpt":{"rendered":"<p>TORRE\u00d3N, Coahuila. 10 de marzo de 2026. La Coordinaci\u00f3n Unidad Laguna de laUniversidad Aut\u00f3noma de Coahuila, a trav\u00e9s del departamento de Formaci\u00f3nIntegral, en conjunto con la Direcci\u00f3n de Seguridad P\u00fablica Municipal de Torre\u00f3n(DGSPM), inaugur\u00f3 el ciclo de conferencias &#8220;Escuela para futuros padres&#8221;, en la salaaudiovisual de la Escuela de Ciencias de la Comunidad. El acto inaugural estuvo a cargo del coordinador de la Unidad Laguna, Omar RojasZapata, el director de&#8230;<\/p>\n","protected":false},"author":1,"featured_media":30886,"comment_status":"closed","ping_status":"","sticky":false,"template":"","format":"standard","meta":{"footnotes":""},"categories":[7,2],"tags":[],"class_list":["post-30885","post","type-post","status-publish","format-standard","has-post-thumbnail","hentry","category-torreon","category-uadec","wpcat-7-id","wpcat-2-id"],"_links":{"self":[{"href":"https:\/\/www.aquilaguna.com\/index.php\/wp-json\/wp\/v2\/posts\/30885","targetHints":{"allow":["GET"]}}],"collection":[{"href":"https:\/\/www.aquilaguna.com\/index.php\/wp-json\/wp\/v2\/posts"}],"about":[{"href":"https:\/\/www.aquilaguna.com\/index.php\/wp-json\/wp\/v2\/types\/post"}],"author":[{"embeddable":true,"href":"https:\/\/www.aquilaguna.com\/index.php\/wp-json\/wp\/v2\/users\/1"}],"replies":[{"embeddable":true,"href":"https:\/\/www.aquilaguna.com\/index.php\/wp-json\/wp\/v2\/comments?post=30885"}],"version-history":[{"count":1,"href":"https:\/\/www.aquilaguna.com\/index.php\/wp-json\/wp\/v2\/posts\/30885\/revisions"}],"predecessor-version":[{"id":30887,"href":"https:\/\/www.aquilaguna.com\/index.php\/wp-json\/wp\/v2\/posts\/30885\/revisions\/30887"}],"wp:featuredmedia":[{"embeddable":true,"href":"https:\/\/www.aquilaguna.com\/index.php\/wp-json\/wp\/v2\/media\/30886"}],"wp:attachment":[{"href":"https:\/\/www.aquilaguna.com\/index.php\/wp-json\/wp\/v2\/media?parent=30885"}],"wp:term":[{"taxonomy":"category","embeddable":true,"href":"https:\/\/www.aquilaguna.com\/index.php\/wp-json\/wp\/v2\/categories?post=30885"},{"taxonomy":"post_tag","embeddable":true,"href":"https:\/\/www.aquilaguna.com\/index.php\/wp-json\/wp\/v2\/tags?post=30885"}],"curies":[{"name":"wp","href":"https:\/\/api.w.org\/{rel}","templated":true}]}}