{"id":30906,"date":"2026-03-11T18:02:55","date_gmt":"2026-03-12T00:02:55","guid":{"rendered":"https:\/\/www.aquilaguna.com\/?p=30906"},"modified":"2026-03-11T18:02:55","modified_gmt":"2026-03-12T00:02:55","slug":"montessori-mexico-reconoce-el-modelo-educativo-implementado-en-casa-nana-de-dif-torreon","status":"publish","type":"post","link":"https:\/\/www.aquilaguna.com\/index.php\/2026\/03\/11\/montessori-mexico-reconoce-el-modelo-educativo-implementado-en-casa-nana-de-dif-torreon\/","title":{"rendered":"Montessori M\u00e9xico reconoce el modelo educativo implementado en Casa Nana de DIF Torre\u00f3n."},"content":{"rendered":"\n<p>Torre\u00f3n, Coahuila. A 11 de marzo de 2026.<\/p>\n\n\n\n<p>Esta semana, el equipo de Montessori M\u00e9xico visit\u00f3 las instalaciones de Casa<br>Nana del DIF Torre\u00f3n, donde reconoci\u00f3 el trabajo que realiza el organismo<br>municipal al implementar el sistema pedag\u00f3gico Montessori en este espacio<br>dedicado a la atenci\u00f3n de ni\u00f1as y ni\u00f1os en situaci\u00f3n de vulnerabilidad.<\/p>\n\n\n\n<p>El proyecto de Casa Nana forma parte de una de las iniciativas impulsadas por el<br>alcalde de Torre\u00f3n, Rom\u00e1n Alberto Cepeda Gonz\u00e1lez, en conjunto con la<br>presidenta honoraria del Sistema para el Desarrollo Integral de la Familia (DIF)<br>Torre\u00f3n, Selina Bremer de Cepeda, con el objetivo de brindar un entorno seguro,<br>formativo y digno para las infancias que requieren protecci\u00f3n y acompa\u00f1amiento<br>institucional.<\/p>\n\n\n\n<p>Al respecto, la se\u00f1ora Selina Bremer de Cepeda inform\u00f3 que, durante la visita,<br>dialogaron con el director ejecutivo de la organizaci\u00f3n, Eder Cuevas, sobre los<br>beneficios del sistema Montessori en el desarrollo integral de las infancias, as\u00ed<br>como los avances que se han logrado en el crecimiento y aprendizaje de los<br>menores resguardados en este espacio.<\/p>\n\n\n\n<p>\u201cPara nosotros es muy importante que las ni\u00f1as y ni\u00f1os que se encuentran bajo el<br>cuidado del DIF Torre\u00f3n tengan acceso a herramientas educativas que impulsen<br>su desarrollo integral. El sistema Montessori les permite fortalecer su autonom\u00eda,<br>su creatividad y su confianza, brind\u00e1ndoles oportunidades reales para construir un<br>mejor futuro\u201d, expres\u00f3.<\/p>\n\n\n\n<p>Por su parte, la directora general del DIF Torre\u00f3n, Marlene Mart\u00ednez Vald\u00e9s,<br>record\u00f3 que Casa Nana fue inaugurada en diciembre de 2024 y cuenta con<br>capacidad para atender hasta 100 ni\u00f1as y ni\u00f1os, adem\u00e1s de instalaciones<br>dise\u00f1adas para favorecer su desarrollo integral.<\/p>\n\n\n\n<p>Destac\u00f3 que este espacio cuenta con ambientes educativos basados en el m\u00e9todo<br>Montessori, as\u00ed como biblioteca, sal\u00f3n de m\u00fasica y diversas \u00e1reas dise\u00f1adas para<br>estimular el aprendizaje, la creatividad y el bienestar emocional de los menores<br>que son canalizados a este lugar.<\/p>\n\n\n\n<p>\u201cCasa Nana representa un esfuerzo institucional muy importante por parte del<br>alcalde Rom\u00e1n Alberto Cepeda Gonz\u00e1lez, para brindar atenci\u00f3n digna y<br>especializada a ni\u00f1as y ni\u00f1os que han enfrentado situaciones complejas. Cada<br>espacio fue pensado para favorecer su desarrollo integral, su aprendizaje y su<br>bienestar emocional\u201d, se\u00f1al\u00f3.<\/p>\n\n\n\n<p>Con este tipo de proyectos, la directora indic\u00f3 que el DIF Torre\u00f3n reafirma su<br>compromiso de trabajar por el bienestar de las infancias, impulsando iniciativas<br>que garanticen su protecci\u00f3n, desarrollo y acceso a oportunidades que<br>contribuyan a transformar positivamente su presente y su futuro.<\/p>\n","protected":false},"excerpt":{"rendered":"<p>Torre\u00f3n, Coahuila. A 11 de marzo de 2026. Esta semana, el equipo de Montessori M\u00e9xico visit\u00f3 las instalaciones de CasaNana del DIF Torre\u00f3n, donde reconoci\u00f3 el trabajo que realiza el organismomunicipal al implementar el sistema pedag\u00f3gico Montessori en este espaciodedicado a la atenci\u00f3n de ni\u00f1as y ni\u00f1os en situaci\u00f3n de vulnerabilidad. El proyecto de Casa Nana forma parte de una de las iniciativas impulsadas por elalcalde de Torre\u00f3n, Rom\u00e1n Alberto&#8230;<\/p>\n","protected":false},"author":1,"featured_media":30907,"comment_status":"closed","ping_status":"","sticky":false,"template":"","format":"standard","meta":{"footnotes":""},"categories":[5,28,7],"tags":[],"class_list":["post-30906","post","type-post","status-publish","format-standard","has-post-thumbnail","hentry","category-coahuila","category-la-laguna","category-torreon","wpcat-5-id","wpcat-28-id","wpcat-7-id"],"_links":{"self":[{"href":"https:\/\/www.aquilaguna.com\/index.php\/wp-json\/wp\/v2\/posts\/30906","targetHints":{"allow":["GET"]}}],"collection":[{"href":"https:\/\/www.aquilaguna.com\/index.php\/wp-json\/wp\/v2\/posts"}],"about":[{"href":"https:\/\/www.aquilaguna.com\/index.php\/wp-json\/wp\/v2\/types\/post"}],"author":[{"embeddable":true,"href":"https:\/\/www.aquilaguna.com\/index.php\/wp-json\/wp\/v2\/users\/1"}],"replies":[{"embeddable":true,"href":"https:\/\/www.aquilaguna.com\/index.php\/wp-json\/wp\/v2\/comments?post=30906"}],"version-history":[{"count":1,"href":"https:\/\/www.aquilaguna.com\/index.php\/wp-json\/wp\/v2\/posts\/30906\/revisions"}],"predecessor-version":[{"id":30908,"href":"https:\/\/www.aquilaguna.com\/index.php\/wp-json\/wp\/v2\/posts\/30906\/revisions\/30908"}],"wp:featuredmedia":[{"embeddable":true,"href":"https:\/\/www.aquilaguna.com\/index.php\/wp-json\/wp\/v2\/media\/30907"}],"wp:attachment":[{"href":"https:\/\/www.aquilaguna.com\/index.php\/wp-json\/wp\/v2\/media?parent=30906"}],"wp:term":[{"taxonomy":"category","embeddable":true,"href":"https:\/\/www.aquilaguna.com\/index.php\/wp-json\/wp\/v2\/categories?post=30906"},{"taxonomy":"post_tag","embeddable":true,"href":"https:\/\/www.aquilaguna.com\/index.php\/wp-json\/wp\/v2\/tags?post=30906"}],"curies":[{"name":"wp","href":"https:\/\/api.w.org\/{rel}","templated":true}]}}