{"id":30909,"date":"2026-03-11T18:04:16","date_gmt":"2026-03-12T00:04:16","guid":{"rendered":"https:\/\/www.aquilaguna.com\/?p=30909"},"modified":"2026-03-11T18:04:16","modified_gmt":"2026-03-12T00:04:16","slug":"reconocen-coordinacion-en-actividades-del-8m-y-refuerzan-seguridad-rumbo-a-semana-santa","status":"publish","type":"post","link":"https:\/\/www.aquilaguna.com\/index.php\/2026\/03\/11\/reconocen-coordinacion-en-actividades-del-8m-y-refuerzan-seguridad-rumbo-a-semana-santa\/","title":{"rendered":"Reconocen coordinaci\u00f3n en actividades del 8M y refuerzan seguridad rumbo a Semana Santa."},"content":{"rendered":"\n<p>Torre\u00f3n, Coahuila. A 11 de marzo de 2026.<\/p>\n\n\n\n<p>Este mi\u00e9rcoles, durante la d\u00e9cima reuni\u00f3n semanal de seguridad, presidida por el<br>secretario del Ayuntamiento, Eduardo Olmos Castro, en representaci\u00f3n del alcalde<br>Rom\u00e1n Alberto Cepeda Gonz\u00e1lez, se agradeci\u00f3 a los distintos \u00f3rdenes de<br>Gobierno por el desempe\u00f1o realizado durante las actividades del pasado 8 de<br>marzo, en conmemoraci\u00f3n del D\u00eda Internacional de la Mujer, destacando la<br>coordinaci\u00f3n entre autoridades para el desarrollo de la jornada.<\/p>\n\n\n\n<p>El Secretario del Ayuntamiento reconoci\u00f3, a nombre del Presidente Municipal, el<br>trabajo conjunto que permiti\u00f3 que las actividades se llevaran a cabo en un<br>ambiente de respeto y orden, privilegiando en todo momento la seguridad de las<br>participantes y de la ciudadan\u00eda en general.<\/p>\n\n\n\n<p>Asimismo, expres\u00f3 su reconocimiento al Consejo Consultivo de Vialidad y al<br>Consejo Ciudadano de Seguridad P\u00fablica por la calidad de los operativos<br>implementados, as\u00ed como por las acciones realizadas para garantizar que este tipo<br>de eventos se desarrollen de manera pac\u00edfica.<\/p>\n\n\n\n<p>Adem\u00e1s, se\u00f1al\u00f3 que, por instrucci\u00f3n del Alcalde, ante la cercan\u00eda del periodo de<br>Semana Santa es importante reforzar las medidas de seguridad en quintas y<br>salones de eventos, con el objetivo de prevenir incidentes y mantener el orden<br>durante estas fechas.<\/p>\n\n\n\n<p>En cuanto al \u00edndice semanal de incidencia delictiva, el comisario Alfredo Flores<br>Originales, director de la Polic\u00eda de Torre\u00f3n, inform\u00f3 que del 02 al 08 de marzo<br>disminuy\u00f3 el robo a veh\u00edculo, con dos eventos, as\u00ed como el robo a local comercial,<br>con seis eventos.<\/p>\n\n\n\n<p>Destac\u00f3 que, a trav\u00e9s de los grupos de WhatsApp que funcionan como canales de<br>comunicaci\u00f3n directa, as\u00ed como del uso de c\u00e1maras de videovigilancia, se ha<br>logrado atender de manera oportuna la problem\u00e1tica del pandillerismo, con el<br>objetivo de fortalecer la vigilancia y mantener una mayor seguridad en los<br>sectores.<\/p>\n\n\n\n<p>En otro asunto, se\u00f1al\u00f3 que la Polic\u00eda Municipal efectu\u00f3 121 detenciones que<br>fueron remitidas al Ministerio P\u00fablico y 88 al Juez Calificador. Asimismo, el Grupo<br>de Reacci\u00f3n Torre\u00f3n realiz\u00f3 13 detenciones relacionadas con la posesi\u00f3n de<br>narc\u00f3ticos.<\/p>\n\n\n\n<p>Por su parte, Martha Esther Rodr\u00edguez Romero, directora general del Centro de<br>Justicia Municipal (CJM), indic\u00f3 que el personal de peritos en tr\u00e1nsito terrestre se<br>encuentra en etapa de capacitaci\u00f3n para la implementaci\u00f3n del Sistema \u00danico<br>(SISUN).<\/p>\n\n\n\n<p>Explic\u00f3 que esta herramienta tecnol\u00f3gica permitir\u00e1 el registro digital de personas<br>detenidas y accidentes viales mediante el uso de tablets, incorporando validaci\u00f3n<br>por huella digital para la consulta de antecedentes de infractores, lo que brindar\u00e1<br>mayor precisi\u00f3n, agilidad y transparencia en los procesos.<\/p>\n\n\n\n<p>Martha Alicia Faz D\u00e1vila, directora de Tr\u00e1nsito y Vialidad, dio a conocer que<br>agentes de la corporaci\u00f3n acudieron a la empresa \u201cPasteler\u00eda Nina\u201d, ubicada en la<br>avenida Ju\u00e1rez, en la colonia Centro, donde impartieron pl\u00e1ticas de seguridad vial<br>con el objetivo de prevenir hechos viales, beneficiando a 21 empleados.<\/p>\n\n\n\n<p>Asimismo, como parte de las acciones de proximidad social, elementos de la<br>direcci\u00f3n se organizaron para entregar burritos a los ciudadanos que se<br>encontraban afuera de las instalaciones de la cl\u00ednica 71.<\/p>\n\n\n\n<p>Por su parte, Luis Alberto Morales Cort\u00e9s, director general de Movilidad Urbana,<br>inform\u00f3 que, a trav\u00e9s de la capacitaci\u00f3n \u201cConducci\u00f3n defensiva y preventiva\u201d,<br>realizada en coordinaci\u00f3n con la Direcci\u00f3n de Tr\u00e1nsito y Vialidad, la dependencia<br>brind\u00f3 a los motociclistas las herramientas necesarias para conducir de manera<br>segura y consciente.<\/p>\n\n\n\n<p>En otro tema, indic\u00f3 que como parte del compromiso para crear un sistema<br>integral de gesti\u00f3n que permita optimizar la movilidad urbana en la modalidad de<br>autob\u00fas, se llevaron a cabo diversas reuniones de trabajo con transportistas.<\/p>\n\n\n\n<p>Jorge Luis Ju\u00e1rez Llanas, director de Protecci\u00f3n Civil y Bomberos, dijo que<br>durante la semana se realizaron 171 servicios, entre los que destacan incendios<br>en lotes bald\u00edos, presencia de enjambres de abejas, falsas alarmas, incendios en<br>casas habitaci\u00f3n y en casas abandonadas, entre otros.<\/p>\n\n\n\n<p>Asimismo, inform\u00f3 que se impartieron pl\u00e1ticas de prevenci\u00f3n en el Colegio<br>Cervantes, dirigidas a 174 alumnos y ocho docentes. Adem\u00e1s, como parte de la<br>capacitaci\u00f3n continua, los elementos recibieron el curso \u201cGesti\u00f3n de Riesgos\u201d en<br>la Plaza Mayor.<\/p>\n\n\n\n<p>De igual forma, dijo, que en el marco de la conmemoraci\u00f3n del 8M, 40 mujeres<br>participaron en el curso de Extracci\u00f3n Vehicular, impartido por el Centro de Salud<br>y Capacitaci\u00f3n de Torre\u00f3n A.C. (CESACT).<\/p>\n\n\n\n<p>Por parte de Inspecci\u00f3n y Verificaci\u00f3n, el director Pablo Fern\u00e1ndez Llamas se\u00f1al\u00f3<br>que los principales reportes recibidos por la dependencia mediante el sistema 073<br>fueron por veh\u00edculos chatarra, con 19 casos; obstrucci\u00f3n a la v\u00eda p\u00fablica, con 10; e<br>instalaci\u00f3n indebida, con ocho.<\/p>\n","protected":false},"excerpt":{"rendered":"<p>Torre\u00f3n, Coahuila. A 11 de marzo de 2026. Este mi\u00e9rcoles, durante la d\u00e9cima reuni\u00f3n semanal de seguridad, presidida por elsecretario del Ayuntamiento, Eduardo Olmos Castro, en representaci\u00f3n del alcaldeRom\u00e1n Alberto Cepeda Gonz\u00e1lez, se agradeci\u00f3 a los distintos \u00f3rdenes deGobierno por el desempe\u00f1o realizado durante las actividades del pasado 8 demarzo, en conmemoraci\u00f3n del D\u00eda Internacional de la Mujer, destacando lacoordinaci\u00f3n entre autoridades para el desarrollo de la jornada. El Secretario&#8230;<\/p>\n","protected":false},"author":1,"featured_media":30910,"comment_status":"closed","ping_status":"","sticky":false,"template":"","format":"standard","meta":{"footnotes":""},"categories":[5,28,7],"tags":[],"class_list":["post-30909","post","type-post","status-publish","format-standard","has-post-thumbnail","hentry","category-coahuila","category-la-laguna","category-torreon","wpcat-5-id","wpcat-28-id","wpcat-7-id"],"_links":{"self":[{"href":"https:\/\/www.aquilaguna.com\/index.php\/wp-json\/wp\/v2\/posts\/30909","targetHints":{"allow":["GET"]}}],"collection":[{"href":"https:\/\/www.aquilaguna.com\/index.php\/wp-json\/wp\/v2\/posts"}],"about":[{"href":"https:\/\/www.aquilaguna.com\/index.php\/wp-json\/wp\/v2\/types\/post"}],"author":[{"embeddable":true,"href":"https:\/\/www.aquilaguna.com\/index.php\/wp-json\/wp\/v2\/users\/1"}],"replies":[{"embeddable":true,"href":"https:\/\/www.aquilaguna.com\/index.php\/wp-json\/wp\/v2\/comments?post=30909"}],"version-history":[{"count":1,"href":"https:\/\/www.aquilaguna.com\/index.php\/wp-json\/wp\/v2\/posts\/30909\/revisions"}],"predecessor-version":[{"id":30911,"href":"https:\/\/www.aquilaguna.com\/index.php\/wp-json\/wp\/v2\/posts\/30909\/revisions\/30911"}],"wp:featuredmedia":[{"embeddable":true,"href":"https:\/\/www.aquilaguna.com\/index.php\/wp-json\/wp\/v2\/media\/30910"}],"wp:attachment":[{"href":"https:\/\/www.aquilaguna.com\/index.php\/wp-json\/wp\/v2\/media?parent=30909"}],"wp:term":[{"taxonomy":"category","embeddable":true,"href":"https:\/\/www.aquilaguna.com\/index.php\/wp-json\/wp\/v2\/categories?post=30909"},{"taxonomy":"post_tag","embeddable":true,"href":"https:\/\/www.aquilaguna.com\/index.php\/wp-json\/wp\/v2\/tags?post=30909"}],"curies":[{"name":"wp","href":"https:\/\/api.w.org\/{rel}","templated":true}]}}