{"id":30912,"date":"2026-03-11T20:31:33","date_gmt":"2026-03-12T02:31:33","guid":{"rendered":"https:\/\/www.aquilaguna.com\/?p=30912"},"modified":"2026-03-11T20:31:33","modified_gmt":"2026-03-12T02:31:33","slug":"destaca-coahuilense-ruben-delgadillo-en-historico-titulo-de-mexico-en-el-panamericano-de-softbol","status":"publish","type":"post","link":"https:\/\/www.aquilaguna.com\/index.php\/2026\/03\/11\/destaca-coahuilense-ruben-delgadillo-en-historico-titulo-de-mexico-en-el-panamericano-de-softbol\/","title":{"rendered":"DESTACA COAHUILENSE RUB\u00c9N DELGADILLO EN HIST\u00d3RICO T\u00cdTULO DE M\u00c9XICO EN EL PANAMERICANO DE S\u00d3FTBOL."},"content":{"rendered":"\n<p>Saltillo, Coahuila de Zaragoza; a 11 de marzo de 2026.- El coahuilense Rub\u00e9n Delgadillo Hern\u00e1ndez ha sido una pieza fundamental e hist\u00f3rica de la Selecci\u00f3n Mexicana de S\u00f3ftbol, fungiendo como capit\u00e1n, rol que desempe\u00f1\u00f3 en el t\u00edtulo azteca dentro del Campeonato Panamericano de S\u00f3ftbol celebrado en Monter\u00eda, Colombia.<\/p>\n\n\n\n<p>El pelotero nacido en Torre\u00f3n, quien hoy representa al estado de Sinaloa, fue el l\u00edder de la novena tricolor que venci\u00f3 en la final a su similar de Argentina por 1-0 para obtener el t\u00edtulo continental por primera vez en su historia dentro de la rama varonil.<\/p>\n\n\n\n<p>M\u00e9xico avanz\u00f3 la ronda de apertura en el primer lugar del Grupo C con marca de 2-1, donde comparti\u00f3 cr\u00e9ditos con Estados Unidos, Rep\u00fablica Dominicana y Guatemala. En la S\u00faper Ronda se posicion\u00f3 con r\u00e9cord de 6-2 en el segundo lugar, lo que lo llev\u00f3 a la gran final.<\/p>\n\n\n\n<p>Rub\u00e9n Delgadillo Hern\u00e1ndez fue titular en los 10 encuentros de M\u00e9xico en este Panamericano de S\u00f3ftbol; 27 turnos legales donde conect\u00f3 cuatro imparables, uno de ellos cuadrangular, para tres carreras producidas por 2 anotadas y un promedio de bateo de .148.<\/p>\n\n\n\n<p>Con este resultado, la Selecci\u00f3n Mexicana de S\u00f3ftbol asegur\u00f3 su boleto al Campeonato Mundial a realizarse en 2027; el coahuilense Rub\u00e9n Delgadillo buscar\u00e1 disputar su s\u00e9ptima justa mundialista en su carrera.<\/p>\n","protected":false},"excerpt":{"rendered":"<p>Saltillo, Coahuila de Zaragoza; a 11 de marzo de 2026.- El coahuilense Rub\u00e9n Delgadillo Hern\u00e1ndez ha sido una pieza fundamental e hist\u00f3rica de la Selecci\u00f3n Mexicana de S\u00f3ftbol, fungiendo como capit\u00e1n, rol que desempe\u00f1\u00f3 en el t\u00edtulo azteca dentro del Campeonato Panamericano de S\u00f3ftbol celebrado en Monter\u00eda, Colombia. El pelotero nacido en Torre\u00f3n, quien hoy representa al estado de Sinaloa, fue el l\u00edder de la novena tricolor que venci\u00f3 en&#8230;<\/p>\n","protected":false},"author":1,"featured_media":30913,"comment_status":"closed","ping_status":"","sticky":false,"template":"","format":"standard","meta":{"footnotes":""},"categories":[5,33,15],"tags":[],"class_list":["post-30912","post","type-post","status-publish","format-standard","has-post-thumbnail","hentry","category-coahuila","category-deporte","category-gobierno-de-coahuila","wpcat-5-id","wpcat-33-id","wpcat-15-id"],"_links":{"self":[{"href":"https:\/\/www.aquilaguna.com\/index.php\/wp-json\/wp\/v2\/posts\/30912","targetHints":{"allow":["GET"]}}],"collection":[{"href":"https:\/\/www.aquilaguna.com\/index.php\/wp-json\/wp\/v2\/posts"}],"about":[{"href":"https:\/\/www.aquilaguna.com\/index.php\/wp-json\/wp\/v2\/types\/post"}],"author":[{"embeddable":true,"href":"https:\/\/www.aquilaguna.com\/index.php\/wp-json\/wp\/v2\/users\/1"}],"replies":[{"embeddable":true,"href":"https:\/\/www.aquilaguna.com\/index.php\/wp-json\/wp\/v2\/comments?post=30912"}],"version-history":[{"count":1,"href":"https:\/\/www.aquilaguna.com\/index.php\/wp-json\/wp\/v2\/posts\/30912\/revisions"}],"predecessor-version":[{"id":30914,"href":"https:\/\/www.aquilaguna.com\/index.php\/wp-json\/wp\/v2\/posts\/30912\/revisions\/30914"}],"wp:featuredmedia":[{"embeddable":true,"href":"https:\/\/www.aquilaguna.com\/index.php\/wp-json\/wp\/v2\/media\/30913"}],"wp:attachment":[{"href":"https:\/\/www.aquilaguna.com\/index.php\/wp-json\/wp\/v2\/media?parent=30912"}],"wp:term":[{"taxonomy":"category","embeddable":true,"href":"https:\/\/www.aquilaguna.com\/index.php\/wp-json\/wp\/v2\/categories?post=30912"},{"taxonomy":"post_tag","embeddable":true,"href":"https:\/\/www.aquilaguna.com\/index.php\/wp-json\/wp\/v2\/tags?post=30912"}],"curies":[{"name":"wp","href":"https:\/\/api.w.org\/{rel}","templated":true}]}}