{"id":30921,"date":"2026-03-11T20:40:13","date_gmt":"2026-03-12T02:40:13","guid":{"rendered":"https:\/\/www.aquilaguna.com\/?p=30921"},"modified":"2026-03-11T20:40:13","modified_gmt":"2026-03-12T02:40:13","slug":"aqui-laguna-491","status":"publish","type":"post","link":"https:\/\/www.aquilaguna.com\/index.php\/2026\/03\/11\/aqui-laguna-491\/","title":{"rendered":"Aqu\u00ed Laguna."},"content":{"rendered":"\n<p>\u00a1Por primera vez en la historia!, cual mantra que se repite <em>ad infinitum<\/em> en el presente r\u00e9gimen, se dir\u00e1 que esto ha ocurrido ya esta misma tarde, cuando en el pleno de la C\u00e1mara de Diputados no se reuni\u00f3 el n\u00famero de votos requerido como mayor\u00eda calificada para dar paso a la Reforma Electoral enviada por la Presidenta Claudia Sheinbaum.<\/p>\n\n\n\n<p>Reforma Electoral, esa que dice, le ha venido justificando conque &#8220;se la pide el pueblo&#8221;, con todo y que el negativo resultado se perfilaba desde hace semanas. Obvio resulta que representa una fenomenal derrota pol\u00edtica para la Presidenta, con todo y que esta haya sido, parodiando el t\u00edtulo de una obra de Garc\u00eda M\u00e1rquez, &#8220;cr\u00f3nica de una muerte anunciada&#8221;.<\/p>\n\n\n\n<p>Desde hace semanas tal derrota no le fue propinada por las fuerzas pol\u00edticas que hist\u00f3ricamente fueron hegem\u00f3nicas hasta hace apenas unos a\u00f1os, sino por sus &#8220;aliados&#8221; que sumara al Movimiento de Regeneraci\u00f3n Nacional para alcanzar el poder &#8220;haya sido como haya sido&#8221;; el que permiti\u00f3 al PT y al PVEM su parasitaria sobrevivencia, y con ello a AMLO la mayor\u00eda calificada que le hizo posible consumar nadar de pechito y sacar su Reforma Judicial y otras m\u00e1s sin mayores problemas.<\/p>\n\n\n\n<p>Pero tal &#8220;luna de miel&#8221; lleg\u00f3 a su t\u00e9rmino, y hoy le revienta en las manos a Claudia Sheinbaum, que sin duda tendr\u00e1 por ah\u00ed, de manos de Pablo G\u00f3mez, la opci\u00f3n que dice tiene ya preparada para reemplazar a la opci\u00f3n A derrotada.<\/p>\n\n\n\n<p>\u00bfY qu\u00e9 decir el &#8220;pueblo&#8221; de este rifirrafe? Al que en verdad no estuvo invitado, as\u00ed fuera siquiera por la participaci\u00f3n de las organizaciones pol\u00edticas con registro en este pa\u00eds, pues en tal reforma va impl\u00edcito el cambio de las reglas del juego para acceder al poder. Y en el que dicen que conocieron la versi\u00f3n A, solo se trataba de empedrar el camino rumbo a un partido hegem\u00f3nico, y solo una simb\u00f3lica oposici\u00f3n aceptada como tal por la v\u00eda de la representaci\u00f3n plurinominal, con todo y los &#8220;detallitos&#8221; que esa registraba, cual bot\u00edn de las burocracias partidistas.<\/p>\n\n\n\n<p>\u00bfY qu\u00e9 decir de la reducci\u00f3n a las multimillonarias aportaciones de dineros p\u00fablicos a las campa\u00f1as electorales en estas tierras, a considerar en estos d\u00edas, cuando ya conocidas en el argot popular est\u00e1n calificadas por propios y extra\u00f1os como &#8220;narcolandia&#8221;, a la vista incluso con las versiones y se\u00f1alamientos de hechos ocurridos en la anterior elecci\u00f3n federal en amplias regiones del pa\u00eds?<\/p>\n\n\n\n<p>Bueno, pues la decisi\u00f3n hoy tomada en la legislatura federal dejar\u00e1 mucho espacio donde corra tinta, pero m\u00e1s a\u00fan, de madurar el clima donde las palabras se conviertan en acciones para recuperar rumbo, camino que sostenga a lo que ya era una fr\u00e1gil democracia. Es decir, nos faltan patriotas&#8230;<\/p>\n\n\n\n<p>Tambi\u00e9n los eternizados l\u00edderes, due\u00f1os de las franquicias del PT y del PVEM, estar\u00e1n m\u00e1s que revisando actuaciones de los diputados federales que militan bajo sus banderas; sus intereses, pues. De ah\u00ed que el Ni\u00f1o Verde y Alberto Anaya tampoco las tienen hoy todas consigo, basta solo revisar el n\u00famero de votos aportados en esta jornada.<\/p>\n\n\n\n<p>Ya tapizados los espacios a\u00e9reos de la zona urbana con espectaculares montados en estructuras met\u00e1licas, resistiendo a los aires y polvaredas cl\u00e1sicas de estos d\u00edas, decenas de espectaculares han invadido el espacio a\u00e9reo de la zona urbana de la regi\u00f3n, am\u00e9n de otros m\u00e1s escasos instalados precariamente a los lados de las carreteras que convergen a la capital de la comarca, por parte de las organizaciones partidistas que estar\u00e1n en la contienda por la elecci\u00f3n de los diputados locales que integrar\u00e1n la pr\u00f3xima legislatura estatal.<\/p>\n\n\n\n<p>Algunos con proclamas que nada dicen y otras que llaman a risa, o a reflexi\u00f3n seg\u00fan sea el caso, como el que protagoniza Ricardo Mej\u00eda Berdeja, muy anticipado miembro de la comunidad de <em>Thierans<\/em>, pues &#8220;a huevo&#8221;, como dicen, cubre su humanidad tratando de imitar a un &#8220;Tigre&#8221; cuando es bien conocido en estas, s\u00ed, su tierra de origen, donde se le conoce y bien, no le alcanza para ser ni tan solo un tierno gatito.<\/p>\n\n\n\n<p>Otro que ya parece merolico digital resulta ser el l\u00edder nacional de Movimiento Ciudadano, que en el colmo, en sus muy repetidos videos difundidos en YouTube, grita y grita mostrando su muy saludable y gigantesca dentadura, no buscando votos, sino &#8220;candidatos&#8221; que poder registrar; en nada subliminal estrategia que utilizando a la afici\u00f3n futbolera local, al Santos pues. Pues al parecer, Movimiento Ciudadano a nivel local carece de cuadros suficientes conocidos entre la poblaci\u00f3n&#8230;<\/p>\n\n\n\n<p>Por cierto, poco o m\u00e1s bien nada se sabe el avance que registra en el Congreso del Estado la autorizaci\u00f3n para que el nuevo contrato concesi\u00f3n signado por el Ayuntamiento de Torre\u00f3n y la empresa PASA, y dos empresas as\u00ed de nuevo cu\u00f1o, cual ap\u00e9ndices de la primera, estar\u00e1n usufructuando a lo largo de los pr\u00f3ximos 25 a\u00f1os tal servicio p\u00fablico. La concesi\u00f3n de los servicios de recolecci\u00f3n de basura en este municipio a lo largo de los pr\u00f3ximos 30 o 25 a\u00f1os, y de ser as\u00ed \u00bfpodr\u00e1 cobrar -con o sin coyotes de por medio, la \u00faltima quincena de este mes su primer millonario pago mensual? Es pregunta&#8230;<\/p>\n\n\n\n<p>Y con m\u00e1s de 11 mil firmas de igual n\u00famero de ciudadanos que dice haber recolectado el controversial diputado pluri Antonio Attolini Murra para exigir a la Legislatura de la que forma parte d\u00e9 inicio al proceso de Juicio Pol\u00edtico por \u00e9l solicitado <em>versus<\/em> el alcalde Rom\u00e1n Alberto Cepeda Gonz\u00e1lez. Diremos que a tan sobresaliente legislador, de ocupado que anda rodando ruedas de molino, no se ha dado cuenta que los aires que lo acompa\u00f1aron a su favor en meses pasados han cambiado de rumbo, al menos por ahora. Y deber\u00e1 cambiar de estrategia para ocupar titulares&#8230;<\/p>\n\n\n\n<p>Anote a Simas-Torre\u00f3n y a su titular Roberto Escalante Gonz\u00e1lez el haber tomado la decisi\u00f3n de insertar la cobranza de esta importante paramunicipal a un sistema digital de cobro, a trav\u00e9s de una plataforma <em>ad hoc<\/em> contratada exprofeso, insertando as\u00ed a la instituci\u00f3n a la modernidad que los cambios que en materia tecnol\u00f3gica se hacen presentes en todos los \u00e1mbitos de nuestras vidas.<\/p>\n\n\n\n<p>En principio con la aplicaci\u00f3n, comparable con la que instituida en Simas Rural, har\u00e1n posible que a los 230 mil usuarios del sistema, de as\u00ed desearlo y de contar con tel\u00e9fonos celulares, hacer el pago mensual del servicio de agua y saneamiento a trav\u00e9s de la plataforma correspondiente. Seg\u00fan se explic\u00f3 esta ma\u00f1ana en su lanzamiento, tal aplicaci\u00f3n no tendr\u00e1 costo alguno para el usuario, que podr\u00e1 pagar y conocer el historial de su cuenta, y tampoco significar\u00e1 inversi\u00f3n alguna por parte de Simas, ya que la empresa concesionaria de este servicio devengar\u00e1 de cinco a diez pesos por pago, solo cobrable cuando se haya generado el ingreso por pago del usuario. No m\u00e1s.<\/p>\n\n\n\n<p>Descargando as\u00ed el tema de la cobranza de manera tradicional, que tambi\u00e9n seguir\u00e1 vigente para quienes padezcan de rezago tecnol\u00f3gico. En el mismo acto, Amira Darwick, titular del Instituto de la Mujer, dio a conocer que, en coordinaci\u00f3n con la paramunicipal SIMAS, para reforzar acciones destinadas a la protecci\u00f3n de las mujeres, en la parte posterior de cada recibo de cobranza f\u00edsica que emita la paramunicipal estar\u00e1 impreso un C\u00f3digo QR que, una vez escaneado por el o la interesada, servir\u00e1 de herramienta para realizar denuncias de violencia f\u00edsica u otras a instancias p\u00fablicas conectadas exprofeso que prestar\u00e1n respuesta y atenci\u00f3n inmediata a lo largo de las 24 horas diarias.<\/p>\n\n\n\n<p>Con estas acciones, la administraci\u00f3n p\u00fablica municipal muestra y demuestra que s\u00ed hay espacio sobrado para innovaciones que favorezcan no solo al ciudadano sino, de paso, a la propia administraci\u00f3n p\u00fablica.<\/p>\n","protected":false},"excerpt":{"rendered":"<p>\u00a1Por primera vez en la historia!, cual mantra que se repite ad infinitum en el presente r\u00e9gimen, se dir\u00e1 que esto ha ocurrido ya esta misma tarde, cuando en el pleno de la C\u00e1mara de Diputados no se reuni\u00f3 el n\u00famero de votos requerido como mayor\u00eda calificada para dar paso a la Reforma Electoral enviada por la Presidenta Claudia Sheinbaum. Reforma Electoral, esa que dice, le ha venido justificando conque&#8230;<\/p>\n","protected":false},"author":2,"featured_media":0,"comment_status":"closed","ping_status":"","sticky":false,"template":"","format":"standard","meta":{"footnotes":""},"categories":[8],"tags":[],"class_list":["post-30921","post","type-post","status-publish","format-standard","hentry","category-aqui-laguna","wpcat-8-id"],"_links":{"self":[{"href":"https:\/\/www.aquilaguna.com\/index.php\/wp-json\/wp\/v2\/posts\/30921","targetHints":{"allow":["GET"]}}],"collection":[{"href":"https:\/\/www.aquilaguna.com\/index.php\/wp-json\/wp\/v2\/posts"}],"about":[{"href":"https:\/\/www.aquilaguna.com\/index.php\/wp-json\/wp\/v2\/types\/post"}],"author":[{"embeddable":true,"href":"https:\/\/www.aquilaguna.com\/index.php\/wp-json\/wp\/v2\/users\/2"}],"replies":[{"embeddable":true,"href":"https:\/\/www.aquilaguna.com\/index.php\/wp-json\/wp\/v2\/comments?post=30921"}],"version-history":[{"count":1,"href":"https:\/\/www.aquilaguna.com\/index.php\/wp-json\/wp\/v2\/posts\/30921\/revisions"}],"predecessor-version":[{"id":30922,"href":"https:\/\/www.aquilaguna.com\/index.php\/wp-json\/wp\/v2\/posts\/30921\/revisions\/30922"}],"wp:attachment":[{"href":"https:\/\/www.aquilaguna.com\/index.php\/wp-json\/wp\/v2\/media?parent=30921"}],"wp:term":[{"taxonomy":"category","embeddable":true,"href":"https:\/\/www.aquilaguna.com\/index.php\/wp-json\/wp\/v2\/categories?post=30921"},{"taxonomy":"post_tag","embeddable":true,"href":"https:\/\/www.aquilaguna.com\/index.php\/wp-json\/wp\/v2\/tags?post=30921"}],"curies":[{"name":"wp","href":"https:\/\/api.w.org\/{rel}","templated":true}]}}