{"id":30929,"date":"2026-03-12T17:47:01","date_gmt":"2026-03-12T23:47:01","guid":{"rendered":"https:\/\/www.aquilaguna.com\/?p=30929"},"modified":"2026-03-12T17:47:01","modified_gmt":"2026-03-12T23:47:01","slug":"invita-cise-de-la-uadec-a-participar-en-el-seminario-permanente-de-investigacion-sobre-economia-regional-sepier","status":"publish","type":"post","link":"https:\/\/www.aquilaguna.com\/index.php\/2026\/03\/12\/invita-cise-de-la-uadec-a-participar-en-el-seminario-permanente-de-investigacion-sobre-economia-regional-sepier\/","title":{"rendered":"Invita CISE de la UAdeC a Participar en el Seminario Permanente de Investigaci\u00f3n sobre Econom\u00eda Regional (SEPIER)."},"content":{"rendered":"\n<p>SALTILLO, Coahuila.12 de marzo de 2026. La Universidad Aut\u00f3noma de Coahuila a<br>trav\u00e9s del Centro de Investigaciones Socioecon\u00f3micas (CISE), invita a participar en<br>el Seminario Permanente de Investigaci\u00f3n sobre Econom\u00eda Regional (SEPIER),<br>cuyas sesiones se desarrollan en mi\u00e9rcoles a las 10:00 horas en el Edificio S en<br>Unidad Camporredondo.<\/p>\n\n\n\n<p>El 18 de marzo se impartir\u00e1 \u201cCaracterizaci\u00f3n de subcentros de empleo: una<br>aproximaci\u00f3n espacial\u201d, a cargo del docente del CISE, Dr. Jhonny Na\u00edm Manr\u00edquez<br>Garc\u00eda; el 29 de abril \u201cLa llave de tierra adentro y otros imaginarios de Saltillo en su<br>historia\u201d, por el investigador de la Facultad de Ciencias Sociales de la UAdeC, Carlos<br>Recio D\u00e1vila.<\/p>\n\n\n\n<p>El 13 de mayo \u201cC\u00f3mo elaborar art\u00edculos de divulgaci\u00f3n para prensa hoy\u201d, a cargo de<br>la colaborado de la Direcci\u00f3n de Investigaci\u00f3n y Posgrado, Lic. Loyda E. Gil Noriega<br>y el 27 de mayo \u201cLa transici\u00f3n hacia un nuevo orden econ\u00f3mico mundial\u201d, por el<br>docente de la Facultad de Econom\u00eda, Dr. Arnoldo Ochoa Cort\u00e9s.<\/p>\n\n\n\n<p>El objetivo es crear un espacio de discusi\u00f3n y aprendizaje continuo para estudiantes,<br>investigadores y profesionales interesados en la econom\u00eda regional, para<br>proporcionar herramientas de investigaci\u00f3n, metodolog\u00edas y enfoques te\u00f3ricos<br>relevantes, as\u00ed como, servir de plataforma para la presentaci\u00f3n y el an\u00e1lisis de<br>trabajos emp\u00edricos relacionados con la econom\u00eda regional.<\/p>\n\n\n\n<p>El seminario est\u00e1 abierto a estudiantes, docentes, investigadores y profesionales<br>interesados en la econom\u00eda regional, no es necesario contar con experiencia previa,<br>solo inter\u00e9s en la tem\u00e1tica y disposici\u00f3n para el aprendizaje y el debate.<\/p>\n\n\n\n<p>Para m\u00e1s informaci\u00f3n llamar a los tel\u00e9fonos (844) 412 90 29 y (844) 412 11 13,<br>escribir al correo cise@uadec.edu.mx o visitar la p\u00e1gina de Facebook Centro de<br>Investigaciones Socioecon\u00f3micas.<\/p>\n","protected":false},"excerpt":{"rendered":"<p>SALTILLO, Coahuila.12 de marzo de 2026. La Universidad Aut\u00f3noma de Coahuila atrav\u00e9s del Centro de Investigaciones Socioecon\u00f3micas (CISE), invita a participar enel Seminario Permanente de Investigaci\u00f3n sobre Econom\u00eda Regional (SEPIER),cuyas sesiones se desarrollan en mi\u00e9rcoles a las 10:00 horas en el Edificio S enUnidad Camporredondo. El 18 de marzo se impartir\u00e1 \u201cCaracterizaci\u00f3n de subcentros de empleo: unaaproximaci\u00f3n espacial\u201d, a cargo del docente del CISE, Dr. Jhonny Na\u00edm Manr\u00edquezGarc\u00eda; el 29&#8230;<\/p>\n","protected":false},"author":1,"featured_media":30931,"comment_status":"closed","ping_status":"","sticky":false,"template":"","format":"standard","meta":{"footnotes":""},"categories":[2],"tags":[],"class_list":["post-30929","post","type-post","status-publish","format-standard","has-post-thumbnail","hentry","category-uadec","wpcat-2-id"],"_links":{"self":[{"href":"https:\/\/www.aquilaguna.com\/index.php\/wp-json\/wp\/v2\/posts\/30929","targetHints":{"allow":["GET"]}}],"collection":[{"href":"https:\/\/www.aquilaguna.com\/index.php\/wp-json\/wp\/v2\/posts"}],"about":[{"href":"https:\/\/www.aquilaguna.com\/index.php\/wp-json\/wp\/v2\/types\/post"}],"author":[{"embeddable":true,"href":"https:\/\/www.aquilaguna.com\/index.php\/wp-json\/wp\/v2\/users\/1"}],"replies":[{"embeddable":true,"href":"https:\/\/www.aquilaguna.com\/index.php\/wp-json\/wp\/v2\/comments?post=30929"}],"version-history":[{"count":1,"href":"https:\/\/www.aquilaguna.com\/index.php\/wp-json\/wp\/v2\/posts\/30929\/revisions"}],"predecessor-version":[{"id":30932,"href":"https:\/\/www.aquilaguna.com\/index.php\/wp-json\/wp\/v2\/posts\/30929\/revisions\/30932"}],"wp:featuredmedia":[{"embeddable":true,"href":"https:\/\/www.aquilaguna.com\/index.php\/wp-json\/wp\/v2\/media\/30931"}],"wp:attachment":[{"href":"https:\/\/www.aquilaguna.com\/index.php\/wp-json\/wp\/v2\/media?parent=30929"}],"wp:term":[{"taxonomy":"category","embeddable":true,"href":"https:\/\/www.aquilaguna.com\/index.php\/wp-json\/wp\/v2\/categories?post=30929"},{"taxonomy":"post_tag","embeddable":true,"href":"https:\/\/www.aquilaguna.com\/index.php\/wp-json\/wp\/v2\/tags?post=30929"}],"curies":[{"name":"wp","href":"https:\/\/api.w.org\/{rel}","templated":true}]}}