{"id":30933,"date":"2026-03-12T18:20:47","date_gmt":"2026-03-13T00:20:47","guid":{"rendered":"https:\/\/www.aquilaguna.com\/?p=30933"},"modified":"2026-03-12T18:20:47","modified_gmt":"2026-03-13T00:20:47","slug":"refuerzan-preferencia-peatonal-en-el-cruce-de-la-calzada-cuauhtemoc-y-cuatro-caminos","status":"publish","type":"post","link":"https:\/\/www.aquilaguna.com\/index.php\/2026\/03\/12\/refuerzan-preferencia-peatonal-en-el-cruce-de-la-calzada-cuauhtemoc-y-cuatro-caminos\/","title":{"rendered":"Refuerzan preferencia peatonal en el cruce de la calzada Cuauht\u00e9moc y Cuatro Caminos."},"content":{"rendered":"\n<p>Torre\u00f3n, Coahuila. A 12 de marzo de 2026.<\/p>\n\n\n\n<p>Personal de la Direcci\u00f3n General de Movilidad Urbana realiz\u00f3 una intervenci\u00f3n en<br>el cruce de la calzada Cuauht\u00e9moc, a la altura del centro comercial Cuatro<br>Caminos, donde peatones han se\u00f1alado dificultades para atravesar la vialidad de<br>forma segura.<\/p>\n\n\n\n<p>Luis Morales Cort\u00e9s, director general de la dependencia, explic\u00f3 que la medida se<br>tom\u00f3 en atenci\u00f3n a solicitudes ciudadanas. Dijo que a pesar de que en el sitio<br>existen se\u00f1alamientos de alto con preferencia peatonal y un cruce tipo cebra, los<br>automovilistas suelen ignorarlos, lo que complica el paso de las personas y pone<br>en riesgo su integridad f\u00edsica.<\/p>\n\n\n\n<p>Se\u00f1al\u00f3 que la situaci\u00f3n se vuelve m\u00e1s compleja para adultos mayores o personas<br>con movilidad reducida, quienes enfrentan mayores dificultades para cruzar la<br>calle.<\/p>\n\n\n\n<p>En seguimiento a la solicitud que se atiende desde hace unos d\u00edas, esta ma\u00f1ana<br>personal de la dependencia acudi\u00f3 con representantes del Consejo Consultivo de<br>Vialidad a la zona mencionada, para socializar las medidas de preferencia<br>peatonal.<\/p>\n\n\n\n<p>En el ejercicio el personal municipal se instal\u00f3 con chalecos reflejantes y paletas<br>de alto, para detener moment\u00e1neamente la circulaci\u00f3n vehicular y permitir el paso<br>seguro de los peatones.<\/p>\n\n\n\n<p>Cabe destacar que esta pr\u00e1ctica se repetir\u00e1 de manera peri\u00f3dica para reforzar el<br>respeto a la preferencia peatonal. \u201cSe realizar\u00e1n intervenciones en las llamadas<br>horas pico para observar el comportamiento vial y efectuar un balance que permita<br>implementar estrategias para mejorar la seguridad de los peatones\u201d, refiri\u00f3 el<br>funcionario.<\/p>\n\n\n\n<p>Adem\u00e1s, el director mencion\u00f3 que este ejercicio se va a replicar en otros puntos<br>de la ciudad con la misma situaci\u00f3n.<\/p>\n\n\n\n<p>Morales Cort\u00e9s destac\u00f3 que la visi\u00f3n del alcalde Rom\u00e1n Alberto Cepeda Gonz\u00e1lez<br>es brindar una movilidad m\u00e1s segura, ordenada y respetuosa.<\/p>\n\n\n\n<p>\u201cCon estas acciones se busca fortalecer la educaci\u00f3n y la cultura vial entre los<br>conductores, promoviendo el respeto a las normas de tr\u00e1nsito, la responsabilidad<br>del manejo y la convivencia segura entre peatones, ciclistas y automovilistas, con<br>el objetivo de contribuir a la prevenci\u00f3n de accidentes y a una movilidad m\u00e1s<br>ordenada para todos\u201d, reiter\u00f3 el director.<\/p>\n","protected":false},"excerpt":{"rendered":"<p>Torre\u00f3n, Coahuila. A 12 de marzo de 2026. Personal de la Direcci\u00f3n General de Movilidad Urbana realiz\u00f3 una intervenci\u00f3n enel cruce de la calzada Cuauht\u00e9moc, a la altura del centro comercial CuatroCaminos, donde peatones han se\u00f1alado dificultades para atravesar la vialidad deforma segura. Luis Morales Cort\u00e9s, director general de la dependencia, explic\u00f3 que la medida setom\u00f3 en atenci\u00f3n a solicitudes ciudadanas. Dijo que a pesar de que en el sitioexisten&#8230;<\/p>\n","protected":false},"author":1,"featured_media":30934,"comment_status":"closed","ping_status":"","sticky":false,"template":"","format":"standard","meta":{"footnotes":""},"categories":[5,28,7],"tags":[],"class_list":["post-30933","post","type-post","status-publish","format-standard","has-post-thumbnail","hentry","category-coahuila","category-la-laguna","category-torreon","wpcat-5-id","wpcat-28-id","wpcat-7-id"],"_links":{"self":[{"href":"https:\/\/www.aquilaguna.com\/index.php\/wp-json\/wp\/v2\/posts\/30933","targetHints":{"allow":["GET"]}}],"collection":[{"href":"https:\/\/www.aquilaguna.com\/index.php\/wp-json\/wp\/v2\/posts"}],"about":[{"href":"https:\/\/www.aquilaguna.com\/index.php\/wp-json\/wp\/v2\/types\/post"}],"author":[{"embeddable":true,"href":"https:\/\/www.aquilaguna.com\/index.php\/wp-json\/wp\/v2\/users\/1"}],"replies":[{"embeddable":true,"href":"https:\/\/www.aquilaguna.com\/index.php\/wp-json\/wp\/v2\/comments?post=30933"}],"version-history":[{"count":1,"href":"https:\/\/www.aquilaguna.com\/index.php\/wp-json\/wp\/v2\/posts\/30933\/revisions"}],"predecessor-version":[{"id":30935,"href":"https:\/\/www.aquilaguna.com\/index.php\/wp-json\/wp\/v2\/posts\/30933\/revisions\/30935"}],"wp:featuredmedia":[{"embeddable":true,"href":"https:\/\/www.aquilaguna.com\/index.php\/wp-json\/wp\/v2\/media\/30934"}],"wp:attachment":[{"href":"https:\/\/www.aquilaguna.com\/index.php\/wp-json\/wp\/v2\/media?parent=30933"}],"wp:term":[{"taxonomy":"category","embeddable":true,"href":"https:\/\/www.aquilaguna.com\/index.php\/wp-json\/wp\/v2\/categories?post=30933"},{"taxonomy":"post_tag","embeddable":true,"href":"https:\/\/www.aquilaguna.com\/index.php\/wp-json\/wp\/v2\/tags?post=30933"}],"curies":[{"name":"wp","href":"https:\/\/api.w.org\/{rel}","templated":true}]}}