{"id":30950,"date":"2026-03-13T21:57:09","date_gmt":"2026-03-14T03:57:09","guid":{"rendered":"https:\/\/www.aquilaguna.com\/?p=30950"},"modified":"2026-03-13T21:57:09","modified_gmt":"2026-03-14T03:57:09","slug":"llega-a-ciudad-universitaria-de-la-uadec-campus-torreon-la-exposicion-acercate-al-acervo","status":"publish","type":"post","link":"https:\/\/www.aquilaguna.com\/index.php\/2026\/03\/13\/llega-a-ciudad-universitaria-de-la-uadec-campus-torreon-la-exposicion-acercate-al-acervo\/","title":{"rendered":"Llega a Ciudad Universitaria de la UAdeC Campus Torre\u00f3n la Exposici\u00f3n \u201cAc\u00e9rcate al Acervo\u201d."},"content":{"rendered":"\n<p>TORRE\u00d3N, Coahuila. 13 de marzo de 2026. La Universidad Aut\u00f3noma de Coahuila<br>a trav\u00e9s de la Coordinaci\u00f3n Unidad Laguna y su Departamento de Difusi\u00f3n Cultural<br>en conjunto con el Instituto Municipal de Cultura y Educaci\u00f3n (IMCE) del<br>Ayuntamiento de Torre\u00f3n, llev\u00f3 a cabo la inauguraci\u00f3n de la Exposici\u00f3n \u201cAc\u00e9rcate al<br>Acervo\u201d en la explanada de la Infoteca \u201cLe\u00f3n Felipe\u201d de Ciudad Universitaria<br>Campus Torre\u00f3n y que estar\u00e1 hasta el 15 de junio.<\/p>\n\n\n\n<p>La exposici\u00f3n \u201cAc\u00e9rcate al Acervo\u201d, es una iniciativa que busca, mediante el uso de<br>estructuras donadas por el Museo del Prado a la ciudad de Torre\u00f3n, acercar a la<br>comunidad estudiantil y al p\u00fablico en general las obras que a lo largo de los a\u00f1os<br>han sido integradas al acervo del Museo Hist\u00f3rico Casa del Cerro.<\/p>\n\n\n\n<p>En el evento inaugural se cont\u00f3 con la presencia del coordinador de la UL, Omar<br>Rojas Zapata; la jefa de Difusi\u00f3n Cultural, Arcelia Ayub Silvetti; el director de la<br>Infoteca \u201cLe\u00f3n Felipe\u201d; Juan Carlos Hern\u00e1ndez el director del IMCE, Antonio<br>Edmundo M\u00e9ndez Vigat\u00e1; el coordinador de Artes Visuales del IMCE, Jes\u00fas<br>Alejandro Gonz\u00e1lez Enr\u00edquez, la coordinadora de Museos Municipales y Proyectos<br>Especiales, Ana Karen Botello Soto, la encargada del Museo Hist\u00f3rico de la Ciudad<br>&#8220;Casa del Cerro&#8221;, Marta Beatriz G\u00e1ndara V\u00e1zquez, la coordinadora Jur\u00eddica del<br>IMCE, Larisa Altamirano Cimental, docentes y alumnos.<\/p>\n\n\n\n<p>En su mensaje el coordinador Omar Rojas Zapata, se\u00f1al\u00f3 que recibir esta muestra<br>representa una oportunidad para fortalecer la formaci\u00f3n integral de las y los<br>estudiantes, esto gracias al respaldo de Antonio M\u00e9ndez Vigat\u00e1, director del IMCE,<br>por su constante colaboraci\u00f3n con la Universidad.<\/p>\n\n\n\n<p>Subray\u00f3 que el compromiso del rector Octavio Pimentel se mantiene firme para<br>impulsar proyectos culturales de gran alcance, y dentro de las obras expuestas se<br>encuentra el trabajo del artista lagunero Manuel Mu\u00f1oz Olivares, originario de<br>Matamoros, Coahuila, por lo cual esta muestra enriquece nuestra vida cultural<br>universitaria.<\/p>\n\n\n\n<p>La exposici\u00f3n \u201cAc\u00e9rcate al Acervo\u201d cuenta con 56 obras de artistas regionales,<br>nacionales e internacionales, que fueron donadas al Museo \u201cCasa del Cerro\u201d, y tiene<br>como prop\u00f3sito llevar una selecci\u00f3n de estas obras a distintos puntos de la ciudad,<br>en un recorrido abierto que permita a la comunidad conocer, valorar y nutrirse del<br>arte que forma parte de su identidad cultural.<\/p>\n\n\n\n<p>Dentro de la muestra est\u00e1n los siguientes artistas regionales: Lorenzo Haces Gil,<br>Juan Basilio, Jos\u00e9 M\u00e9ndez, Alonso de Alba Bessonier, Rafael Rodr\u00edguez Fabela,<br>Patricia Ruiz Webber, Rhiux.A, Ra\u00fal Esparza, Sergio Chapoy, Manuel Mu\u00f1oz<br>Olivares, Estela Moreno Argumedo, Ionne Villarreal, Sergio Chapoy, Roc\u00edo Mat\u00edas<br>Anal\u00eds, Estela Ramos Mart\u00ednez, Patricia G. Santiago, Martha G\u00e1ndara, Mar\u00eda Vign\u00e9,<\/p>\n\n\n\n<p>Gerardo Beuchot, Rodolfo Escalera, Rosa Elena Gordillo, Mar\u00eda Esther Aguirre<br>Rodr\u00edguez, Ana Fuentes, Liliana Fischer, Estela Ramos Mart\u00ednez.<\/p>\n\n\n\n<p>Adem\u00e1s, los artistas nacionales: Roberto Humphrey, Marcela L\u00f3pez, Adela<br>Santib\u00e1\u00f1ez, Sergio P\u00e9rez Corella, Ana Cuevas, Itziar Fern\u00e1ndez, Vladimir Alvarado,<br>Jorge Eduardo Salcido e internacionales: Lizzy Hanses de Got\u00e9s y Guadalupe<br>Castro.<\/p>\n","protected":false},"excerpt":{"rendered":"<p>TORRE\u00d3N, Coahuila. 13 de marzo de 2026. La Universidad Aut\u00f3noma de Coahuilaa trav\u00e9s de la Coordinaci\u00f3n Unidad Laguna y su Departamento de Difusi\u00f3n Culturalen conjunto con el Instituto Municipal de Cultura y Educaci\u00f3n (IMCE) delAyuntamiento de Torre\u00f3n, llev\u00f3 a cabo la inauguraci\u00f3n de la Exposici\u00f3n \u201cAc\u00e9rcate alAcervo\u201d en la explanada de la Infoteca \u201cLe\u00f3n Felipe\u201d de Ciudad UniversitariaCampus Torre\u00f3n y que estar\u00e1 hasta el 15 de junio. La exposici\u00f3n \u201cAc\u00e9rcate&#8230;<\/p>\n","protected":false},"author":1,"featured_media":30951,"comment_status":"closed","ping_status":"","sticky":false,"template":"","format":"standard","meta":{"footnotes":""},"categories":[7,2],"tags":[],"class_list":["post-30950","post","type-post","status-publish","format-standard","has-post-thumbnail","hentry","category-torreon","category-uadec","wpcat-7-id","wpcat-2-id"],"_links":{"self":[{"href":"https:\/\/www.aquilaguna.com\/index.php\/wp-json\/wp\/v2\/posts\/30950","targetHints":{"allow":["GET"]}}],"collection":[{"href":"https:\/\/www.aquilaguna.com\/index.php\/wp-json\/wp\/v2\/posts"}],"about":[{"href":"https:\/\/www.aquilaguna.com\/index.php\/wp-json\/wp\/v2\/types\/post"}],"author":[{"embeddable":true,"href":"https:\/\/www.aquilaguna.com\/index.php\/wp-json\/wp\/v2\/users\/1"}],"replies":[{"embeddable":true,"href":"https:\/\/www.aquilaguna.com\/index.php\/wp-json\/wp\/v2\/comments?post=30950"}],"version-history":[{"count":1,"href":"https:\/\/www.aquilaguna.com\/index.php\/wp-json\/wp\/v2\/posts\/30950\/revisions"}],"predecessor-version":[{"id":30952,"href":"https:\/\/www.aquilaguna.com\/index.php\/wp-json\/wp\/v2\/posts\/30950\/revisions\/30952"}],"wp:featuredmedia":[{"embeddable":true,"href":"https:\/\/www.aquilaguna.com\/index.php\/wp-json\/wp\/v2\/media\/30951"}],"wp:attachment":[{"href":"https:\/\/www.aquilaguna.com\/index.php\/wp-json\/wp\/v2\/media?parent=30950"}],"wp:term":[{"taxonomy":"category","embeddable":true,"href":"https:\/\/www.aquilaguna.com\/index.php\/wp-json\/wp\/v2\/categories?post=30950"},{"taxonomy":"post_tag","embeddable":true,"href":"https:\/\/www.aquilaguna.com\/index.php\/wp-json\/wp\/v2\/tags?post=30950"}],"curies":[{"name":"wp","href":"https:\/\/api.w.org\/{rel}","templated":true}]}}