{"id":30959,"date":"2026-03-13T22:03:02","date_gmt":"2026-03-14T04:03:02","guid":{"rendered":"https:\/\/www.aquilaguna.com\/?p=30959"},"modified":"2026-03-13T22:03:02","modified_gmt":"2026-03-14T04:03:02","slug":"gobierno-del-estado-acerca-la-lengua-de-senas-mexicana-a-la-ciudadania","status":"publish","type":"post","link":"https:\/\/www.aquilaguna.com\/index.php\/2026\/03\/13\/gobierno-del-estado-acerca-la-lengua-de-senas-mexicana-a-la-ciudadania\/","title":{"rendered":"GOBIERNO DEL ESTADO ACERCA LA LENGUA DE SE\u00d1AS MEXICANA A LA CIUDADAN\u00cdA."},"content":{"rendered":"\n<p>\u2022&nbsp;&nbsp;&nbsp;&nbsp;&nbsp;&nbsp;&nbsp;&nbsp;&nbsp;&nbsp;&nbsp;&nbsp;&nbsp;&nbsp;&nbsp;<em>El secretario Enrique Mart\u00ednez y Morales, encabez\u00f3 la entrega de constancias del primer curso abierto a la poblaci\u00f3n en general para fomentar una sociedad m\u00e1s incluyente.<\/em><\/p>\n\n\n\n<p>Saltillo, Coahuila de Zaragoza; 13 de marzo de 2026.- Con el objetivo de fortalecer la atenci\u00f3n y el respeto a los derechos de las personas con discapacidad auditiva, el secretario de Inclusi\u00f3n y Desarrollo Social, Enrique Mart\u00ednez y Morales, encabez\u00f3 la entrega de constancias del Curso\u2013Taller \u201cLengua de Se\u00f1as Mexicana\u201d, iniciativa impulsada a trav\u00e9s de la Direcci\u00f3n para Promover la Igualdad y Prevenir la Discriminaci\u00f3n.<\/p>\n\n\n\n<p>El curso tuvo como finalidad brindar a las y los participantes herramientas te\u00f3ricas y pr\u00e1cticas de Lengua de Se\u00f1as Mexicana, permiti\u00e9ndoles desarrollar habilidades b\u00e1sicas para comunicarse con personas con discapacidad auditiva y contribuir as\u00ed a la construcci\u00f3n de una sociedad m\u00e1s incluyente y emp\u00e1tica.<\/p>\n\n\n\n<p>La capacitaci\u00f3n se llev\u00f3 a cabo en el Auditorio de la Fiscal\u00eda General del Estado, donde se desarrollaron cuatro sesiones de tres horas cada una, sumando 12 horas de formaci\u00f3n, en las que las y los asistentes aprendieron fundamentos de comunicaci\u00f3n, expresiones b\u00e1sicas y elementos clave para interactuar con la comunidad sorda.<\/p>\n\n\n\n<p>Durante su mensaje, el secretario Mart\u00ednez y Morales, expres\u00f3 la emoci\u00f3n que representa este esfuerzo colectivo. \u201cEs una tarde muy especial. Estamos haciendo historia, est\u00e1n haciendo historia ustedes\u201d, se\u00f1al\u00f3 al destacar que, por primera vez, este curso se abri\u00f3 a poblaci\u00f3n en general, ya que anteriormente se impart\u00eda a funcionarias y funcionarios estatales y municipales que brindan atenci\u00f3n al p\u00fablico.<\/p>\n\n\n\n<p>El titular de la dependencia resalt\u00f3 que la respuesta super\u00f3 las expectativas, pues con poca promoci\u00f3n el curso se llen\u00f3 en pocos d\u00edas, lo que refleja dijo: la calidad humana y el compromiso social de la ciudadan\u00eda, ya que participaron personas de todas las edades motivadas por familiares, amistades, alumnos o vecinos con discapacidad auditiva, as\u00ed como por el deseo genuino de aprender y construir espacios m\u00e1s incluyentes.<\/p>\n\n\n\n<p>En el evento estuvieron presentes Martha Garay Cadena, en representaci\u00f3n del alcalde Javier D\u00edaz; Luciana S\u00e1nchez Arriaga, en representaci\u00f3n de Liliana Salinas, presidenta honoraria del DIF Coahuila; y Fernanda Copola, en representaci\u00f3n de MEJORA Coahuila.&nbsp;<\/p>\n\n\n\n<p>Asimismo, el secretario transmiti\u00f3 un mensaje del gobernador Manolo Jim\u00e9nez: \u201cPor favor diles de mi parte que como gobernador los felicito y estoy muy orgulloso de ustedes\u201d, reconociendo el compromiso de quienes decidieron aprender Lengua de Se\u00f1as Mexicana para promover una inclusi\u00f3n real en la vida diaria.<\/p>\n","protected":false},"excerpt":{"rendered":"<p>\u2022&nbsp;&nbsp;&nbsp;&nbsp;&nbsp;&nbsp;&nbsp;&nbsp;&nbsp;&nbsp;&nbsp;&nbsp;&nbsp;&nbsp;&nbsp;El secretario Enrique Mart\u00ednez y Morales, encabez\u00f3 la entrega de constancias del primer curso abierto a la poblaci\u00f3n en general para fomentar una sociedad m\u00e1s incluyente. Saltillo, Coahuila de Zaragoza; 13 de marzo de 2026.- Con el objetivo de fortalecer la atenci\u00f3n y el respeto a los derechos de las personas con discapacidad auditiva, el secretario de Inclusi\u00f3n y Desarrollo Social, Enrique Mart\u00ednez y Morales, encabez\u00f3 la entrega de constancias&#8230;<\/p>\n","protected":false},"author":1,"featured_media":30960,"comment_status":"closed","ping_status":"","sticky":false,"template":"","format":"standard","meta":{"footnotes":""},"categories":[5,9,15],"tags":[],"class_list":["post-30959","post","type-post","status-publish","format-standard","has-post-thumbnail","hentry","category-coahuila","category-educacion","category-gobierno-de-coahuila","wpcat-5-id","wpcat-9-id","wpcat-15-id"],"_links":{"self":[{"href":"https:\/\/www.aquilaguna.com\/index.php\/wp-json\/wp\/v2\/posts\/30959","targetHints":{"allow":["GET"]}}],"collection":[{"href":"https:\/\/www.aquilaguna.com\/index.php\/wp-json\/wp\/v2\/posts"}],"about":[{"href":"https:\/\/www.aquilaguna.com\/index.php\/wp-json\/wp\/v2\/types\/post"}],"author":[{"embeddable":true,"href":"https:\/\/www.aquilaguna.com\/index.php\/wp-json\/wp\/v2\/users\/1"}],"replies":[{"embeddable":true,"href":"https:\/\/www.aquilaguna.com\/index.php\/wp-json\/wp\/v2\/comments?post=30959"}],"version-history":[{"count":1,"href":"https:\/\/www.aquilaguna.com\/index.php\/wp-json\/wp\/v2\/posts\/30959\/revisions"}],"predecessor-version":[{"id":30961,"href":"https:\/\/www.aquilaguna.com\/index.php\/wp-json\/wp\/v2\/posts\/30959\/revisions\/30961"}],"wp:featuredmedia":[{"embeddable":true,"href":"https:\/\/www.aquilaguna.com\/index.php\/wp-json\/wp\/v2\/media\/30960"}],"wp:attachment":[{"href":"https:\/\/www.aquilaguna.com\/index.php\/wp-json\/wp\/v2\/media?parent=30959"}],"wp:term":[{"taxonomy":"category","embeddable":true,"href":"https:\/\/www.aquilaguna.com\/index.php\/wp-json\/wp\/v2\/categories?post=30959"},{"taxonomy":"post_tag","embeddable":true,"href":"https:\/\/www.aquilaguna.com\/index.php\/wp-json\/wp\/v2\/tags?post=30959"}],"curies":[{"name":"wp","href":"https:\/\/api.w.org\/{rel}","templated":true}]}}