{"id":30966,"date":"2026-03-15T19:17:08","date_gmt":"2026-03-16T01:17:08","guid":{"rendered":"https:\/\/www.aquilaguna.com\/?p=30966"},"modified":"2026-03-15T19:17:08","modified_gmt":"2026-03-16T01:17:08","slug":"coahuila-celebra-sus-grandes-tradiciones-manolo","status":"publish","type":"post","link":"https:\/\/www.aquilaguna.com\/index.php\/2026\/03\/15\/coahuila-celebra-sus-grandes-tradiciones-manolo\/","title":{"rendered":"COAHUILA CELEBRA SUS GRANDES TRADICIONES: MANOLO."},"content":{"rendered":"\n<ul class=\"wp-block-list\">\n<li>Gobernador Manolo Jim\u00e9nez Salinas encabeza la tradicional Arreada en M\u00fazquiz_<\/li>\n<\/ul>\n\n\n\n<p>M\u00fazquiz, Coahuila de Zaragoza; 14 de marzo de 2026.- El gobernador del estado, Manolo Jim\u00e9nez Salinas, encabez\u00f3 la tradicional Arreada M\u00fazquiz 2026, una de las celebraciones m\u00e1s representativas de este Pueblo M\u00e1gico que re\u00fane tradici\u00f3n, convivencia familiar y promoci\u00f3n tur\u00edstica, consolid\u00e1ndose como uno de los eventos insignia de Coahuila y una muestra del orgullo y la identidad de la regi\u00f3n Carbon\u00edfera.<\/p>\n\n\n\n<p>&#8220;Nos la pasamos atm en el arranque de la \u201cArreada 2026\u201d en M\u00fazquiz disfrutando con miles de asistentes de nuestra cultura vaquera. Junto con nuestra amiga alcaldesa Laura Jim\u00e9nez seguimos reconstruyendo la grandeza de este hermoso pueblo m\u00e1gico y mostrando al mundo la riqueza de su historia, su cultura y su gente.&nbsp; Seguimos impulsando nuestras tradiciones para fortalecer el turismo y la econom\u00eda de la regi\u00f3n Carbon\u00edfera&#8221;, destac\u00f3 el gobernador.<\/p>\n\n\n\n<p>Jim\u00e9nez Salinas se\u00f1al\u00f3 que en todas las regiones de Coahuila se impulsan eventos de gran relevancia que fortalecen la convivencia comunitaria, promueven el turismo y generan derrama econ\u00f3mica para las familias.<\/p>\n\n\n\n<p>\u201cEs un gran evento tradicional de este hermoso Pueblo M\u00e1gico, y como siempre en estas celebraciones familiares y recreativas invitamos a toda nuestra gente de Coahuila a disfrutar de nuestras tradiciones\u201d, expres\u00f3.<\/p>\n\n\n\n<p>El gobernador destac\u00f3 que en la entidad se impulsa una agenda permanente de actividades tur\u00edsticas y culturales, donde cada municipio cuenta con celebraciones emblem\u00e1ticas que fortalecen la identidad local, atraen visitantes y proyectan lo mejor de Coahuila.<\/p>\n\n\n\n<p>Asimismo, resalt\u00f3 que uno de los factores clave para el crecimiento del turismo en el estado es el trabajo permanente para mantener a Coahuila como uno de los lugares m\u00e1s seguros del pa\u00eds, lo que permite que las familias disfruten con tranquilidad de festivales, eventos y actividades recreativas.<\/p>\n\n\n\n<p>Reiter\u00f3 que su gobierno seguir\u00e1 fortaleciendo la seguridad, el turismo y la promoci\u00f3n de las tradiciones que distinguen a cada regi\u00f3n del estado, consolidando a Coahuila como un destino atractivo para visitantes de todo M\u00e9xico.<\/p>\n\n\n\n<p>La Arreada M\u00fazquiz 2026 reuni\u00f3 a familias, visitantes y participantes que celebraron con orgullo las tradiciones del norte del estado, en un ambiente de fiesta que reafirma al Pueblo M\u00e1gico de M\u00fazquiz como uno de los destinos culturales y tur\u00edsticos m\u00e1s emblem\u00e1ticos de Coahuila.<\/p>\n\n\n\n<p>El tradicional recorrido de \u201cLa Arreada\u201d por las principales calles inici\u00f3 en Rancho El Jaralito y continu\u00f3 por la Carretera al Pante\u00f3n, el bulevar Kickapoo, las calles Presidente Ju\u00e1rez, Santa Rosa, Hidalgo, 5 de Mayo, Reforma y Callej\u00f3n La Misi\u00f3n, para concluir en la Arena La Misi\u00f3n, donde se concentran las actividades de esta tradicional celebraci\u00f3n.<\/p>\n\n\n\n<p>En la Arreada M\u00fazquiz 2026 participaron las ganader\u00edas La Babia, La Posta, Los Cascabeles, La Escondida, El Pato, Golondrinas, El Jaralito y Ca\u00f1\u00f3n de Lobo; as\u00ed como Lupe Villarreal, conocido como El Se\u00f1or de las Carretas; el equipo de mulas del Rancho El 6 de M\u00fazquiz y el convoy de 17 camiones ganaderos del municipio.<\/p>\n","protected":false},"excerpt":{"rendered":"<p>M\u00fazquiz, Coahuila de Zaragoza; 14 de marzo de 2026.- El gobernador del estado, Manolo Jim\u00e9nez Salinas, encabez\u00f3 la tradicional Arreada M\u00fazquiz 2026, una de las celebraciones m\u00e1s representativas de este Pueblo M\u00e1gico que re\u00fane tradici\u00f3n, convivencia familiar y promoci\u00f3n tur\u00edstica, consolid\u00e1ndose como uno de los eventos insignia de Coahuila y una muestra del orgullo y la identidad de la regi\u00f3n Carbon\u00edfera. &#8220;Nos la pasamos atm en el arranque de la&#8230;<\/p>\n","protected":false},"author":1,"featured_media":30967,"comment_status":"closed","ping_status":"","sticky":false,"template":"","format":"standard","meta":{"footnotes":""},"categories":[5,15,24],"tags":[],"class_list":["post-30966","post","type-post","status-publish","format-standard","has-post-thumbnail","hentry","category-coahuila","category-gobierno-de-coahuila","category-seguridad","wpcat-5-id","wpcat-15-id","wpcat-24-id"],"_links":{"self":[{"href":"https:\/\/www.aquilaguna.com\/index.php\/wp-json\/wp\/v2\/posts\/30966","targetHints":{"allow":["GET"]}}],"collection":[{"href":"https:\/\/www.aquilaguna.com\/index.php\/wp-json\/wp\/v2\/posts"}],"about":[{"href":"https:\/\/www.aquilaguna.com\/index.php\/wp-json\/wp\/v2\/types\/post"}],"author":[{"embeddable":true,"href":"https:\/\/www.aquilaguna.com\/index.php\/wp-json\/wp\/v2\/users\/1"}],"replies":[{"embeddable":true,"href":"https:\/\/www.aquilaguna.com\/index.php\/wp-json\/wp\/v2\/comments?post=30966"}],"version-history":[{"count":1,"href":"https:\/\/www.aquilaguna.com\/index.php\/wp-json\/wp\/v2\/posts\/30966\/revisions"}],"predecessor-version":[{"id":30968,"href":"https:\/\/www.aquilaguna.com\/index.php\/wp-json\/wp\/v2\/posts\/30966\/revisions\/30968"}],"wp:featuredmedia":[{"embeddable":true,"href":"https:\/\/www.aquilaguna.com\/index.php\/wp-json\/wp\/v2\/media\/30967"}],"wp:attachment":[{"href":"https:\/\/www.aquilaguna.com\/index.php\/wp-json\/wp\/v2\/media?parent=30966"}],"wp:term":[{"taxonomy":"category","embeddable":true,"href":"https:\/\/www.aquilaguna.com\/index.php\/wp-json\/wp\/v2\/categories?post=30966"},{"taxonomy":"post_tag","embeddable":true,"href":"https:\/\/www.aquilaguna.com\/index.php\/wp-json\/wp\/v2\/tags?post=30966"}],"curies":[{"name":"wp","href":"https:\/\/api.w.org\/{rel}","templated":true}]}}