{"id":30973,"date":"2026-03-15T20:02:30","date_gmt":"2026-03-16T02:02:30","guid":{"rendered":"https:\/\/www.aquilaguna.com\/?p=30973"},"modified":"2026-03-15T20:02:30","modified_gmt":"2026-03-16T02:02:30","slug":"aqui-laguna-492","status":"publish","type":"post","link":"https:\/\/www.aquilaguna.com\/index.php\/2026\/03\/15\/aqui-laguna-492\/","title":{"rendered":"Aqu\u00ed Laguna."},"content":{"rendered":"\n<p>\u00a1Sali\u00f3 desde &#8220;La Chingada&#8221;! S\u00ed, el expresidente Andr\u00e9s Manuel L\u00f3pez Obrador abandon\u00f3 el prometido y silencioso retiro de su vida p\u00fablica para invitar a los mexicanos a sumarse con su \u00f3bolo -en met\u00e1lico, claro-, en apoyo al pueblo de Cuba, que vive en estos d\u00edas una prolongada agon\u00eda con alt\u00edsimo costo para su pueblo, que ve derrumbarse entre la miseria y la desesperaci\u00f3n el final de la utop\u00eda que aliment\u00f3 la imaginaci\u00f3n, algunas muy rom\u00e1nticas, de muchos, pero muchos miembros de las generaciones latinoamericanas que so\u00f1aron con cambiar su mundo y que optaron transitar por el camino del socialismo, a contrapelo del capitalismo que enfrentaba el mundo cual saldo de la Segunda Guerra Mundial, y que singulariz\u00f3 al mundo a lo largo de la segunda mitad del Siglo XX. Acicateados en ese entonces por el triunfo de la Revoluci\u00f3n Cubana, luego que Fidel Castro desde M\u00e9xico y luego en Sierra Maestra se alzara con el triunfo en enero de 1959 y expulsara del pa\u00eds al dictador Batista, para dar paso al hist\u00f3rico per\u00edodo castrista que consumi\u00f3 en el imaginario popular a la mayor\u00eda, por no decir que a todos los cubanos que lo acompa\u00f1aran en tal conquista, en especial por Camilo Cienfuegos y el hoy m\u00edtico guerrillero argentino Ch\u00e9 Guevara.<\/p>\n\n\n\n<p>Y la decisi\u00f3n de Cuba y tal gobierno, y su paulatina evoluci\u00f3n de su gobierno al socialismo, am\u00e9n de establecer alianza con Rusia -decisi\u00f3n que puso al borde de una nueva guerra al mundo-, periodo en el que se registr\u00f3 el \u00e9xodo cubano rumbo, en especial, a Miami, por los cubanos que no se identificaran para nada con el r\u00e9gimen castrista, que finalmente, tras muchos tumbos, la realidad hoy lo muestra: el modelo de gobierno implantado con la dictadura castrista no pudo alcanzar meta alguna prometida con su Revoluci\u00f3n.<\/p>\n\n\n\n<p>Hoy, sin duda, la postura asumida por la Presidenta Claudia Sheinbaum no se aparta de la que M\u00e9xico ha sostenido con Cuba a lo largo de la historia contempor\u00e1nea. No, no es nueva, solo ratifica desde la perspectiva de la solidaridad su decisi\u00f3n de apoyar con apoyo humanitario y con petr\u00f3leo no al gobierno de Cuba, sino al pueblo cubano, y con ello, de paso, presenta virtual resistencia al gobierno de Trump, que insiste en afirmar de manera p\u00fablica y hasta burlona, cual jiribilla, que M\u00e9xico est\u00e1 gobernado por los narcos y que la presidenta no quiere aceptar que sus fuerzas militares realicen acciones punitivas para combatir o &#8220;extraer&#8221;, seg\u00fan sea el caso, a los narcos y sus socios, miembros, estos \u00faltimos, de alguna clase pol\u00edtica.<\/p>\n\n\n\n<p>La aparici\u00f3n de AMLO, as\u00ed sea en los espacios digitales por ahora y con el tema seleccionado, que nada tiene que ver con las problem\u00e1ticas que registra este pa\u00eds, sino la del vecino, se anticipa que el expresidente est\u00e1 construyendo el camino para retornar a las calles, a la actividad pol\u00edtica, al parecer ante las obvias complicaciones que alcanza la &#8220;cosa p\u00fablica&#8221; en nuestro pa\u00eds&#8230;<\/p>\n\n\n\n<p>Complejo, pues, y ante un nuevo escenario pol\u00edtico que revela, cuando menos, empecinamiento en cambiar las reglas del juego bajo el cual se acceda al poder p\u00fablico en M\u00e9xico, tema que, hay que decirlo, nadie se lo pidi\u00f3 a la se\u00f1ora Presidenta, que m\u00e1s bien est\u00e1 tratando de sacar una encomienda con muy alto costo que hered\u00f3 de su antecesor. El denominado Plan B, luego de la hist\u00f3rica derrota pol\u00edtica que le propinaran, no los partidos de oposici\u00f3n, sino de sus parasitarios aliados que han sobrevivido en el pa\u00eds gracias a la concesi\u00f3n expl\u00edcita del antiguo r\u00e9gimen. Pero como dice el dicho: &#8220;Cr\u00eda cuervos y te sacar\u00e1n los ojos&#8221;, y ya se vio c\u00f3mo dejaron en la picota la iniciativa enviada por la Presidenta Claudia Sheinbaum, pues los colocaba en peligro de extinci\u00f3n, al Partido del Trabajo y el Partido Verde, por ahora.<\/p>\n\n\n\n<p>La verdad sea dicha, poco se entiende eso de que el Plan B pretenda, con eso de limitar los recursos destinados a sostener el Poder Legislativo de todas las entidades que forman el pacto federal en este pa\u00eds, bajo el argumento de que algunas resultan ser muy costosas. Sin duda as\u00ed lo son, vista su productividad de algunos de estos entes, pero resulta que cada Estado en este pa\u00eds tiene autonom\u00eda -&#8220;soberan\u00eda&#8221;, dir\u00edamos-, que ya veremos c\u00f3mo se modifica y se logra obtener tal resultado. Am\u00e9n de otros apartados contenidos en el citado Plan, estando por verse c\u00f3mo resistir\u00e1n tal embestida cada una de las legislaturas estatales en M\u00e9xico. Ya diremos cuando se reforme tal marco, si es que esto se logra, cuando los nuevos padres de la patria, es decir, los nuevos diputados locales -en este caso de quienes resulten electos para tales cargos-, en Coahuila, con la elecci\u00f3n en puerta.<\/p>\n\n\n\n<p>En este marco, como dir\u00edan los cl\u00e1sicos, poco o nada se entiende cuando en tales v\u00edsperas se registran remociones en el ampuloso y caro aparato de Comunicaci\u00f3n Social, \u00e1rea de lo m\u00e1s sensible en el aparato administrativo de cualquier instancia p\u00fablica. Y es en este espacio donde el fin de semana que concluy\u00f3 se registr\u00f3 una remoci\u00f3n, si bien en la empresa paramunicipal SIMAS-Torre\u00f3n, en donde al parecer la autonom\u00eda jur\u00eddica que registra tal ente como empresa paramunicipal se la pasaron por el arco del triunfo. El Director Roberto Escalante, funcionario de nuevo cu\u00f1o en los \u00e1mbitos del servicio p\u00fablico, recibi\u00f3, dijeron, la encomienda de comunicar un cese de la relaci\u00f3n laboral con su hasta entonces titular del \u00e1rea de Comunicaci\u00f3n Social de la empresa a su cargo, sin dar argumento o causa sostenible en el campo pol\u00edtico siquiera, ya no digamos en el \u00e1mbito jur\u00eddico-laboral. Simas-Torre\u00f3n resulta ser, seg\u00fan estudio de mercado pol\u00edtico preelectoral -esos que se realizan cada vez que hay elecciones, en el cual se le marca qu\u00e9 son los servicios que la paramunicipal presta a la poblaci\u00f3n, es decir, la prestaci\u00f3n del servicio de abasto de agua y saneamiento-, como uno de los que registran el mayor n\u00famero de se\u00f1alamientos negativos por parte de la poblaci\u00f3n consultada, al que deber\u00e1 agregarse el tema de los colectores y las condiciones resultantes en da\u00f1os al pavimento a lo largo y ancho de la ciudad. Se ignora la motivaci\u00f3n del cambio, pues el alcalde ni el titular de Simas-Torre\u00f3n han ofrecido argumento alguno de tal decisi\u00f3n, consider\u00e1ndose que tal vez el alcalde Rom\u00e1n Alberto Cepeda ni siquiera se haya dado cuenta y por lo pronto, en los Medios, en espera a que saque la cabeza no solo el sucesor en tal cargo, sino los intereses que motivaron este cambio de &#8220;caballo a la mitad del r\u00edo&#8221;&#8230;<\/p>\n\n\n\n<p>A prop\u00f3sito, se desconoce si Simas-Torre\u00f3n ya subsan\u00f3 las Observaciones que le se\u00f1alara la Auditor\u00eda Superior del Estado y mucho menos, el porqu\u00e9 del retraso notable en el tema de la construcci\u00f3n de la prometida nueva Planta Tratadora de Aguas Residuales, al menos una de las cuatro prometidas en su primera campa\u00f1a electoral de su primer periodo del alcalde. Al paso que van, tal promesa quedar\u00e1, al parecer, en eso&#8230;<\/p>\n\n\n\n<p>Y los d\u00edas se agotan al l\u00edder del PAN en este municipio, Sergio Lara Galv\u00e1n, que deber\u00e1 presentarlos poco antes de que concluya el presente mes, no m\u00e1s all\u00e1 del d\u00eda 28, y a la fecha se oyen algunos nombres &#8220;del pasado&#8221;; entre estos, el del exdirigente Bernardo Gonz\u00e1lez, pero solo se asegura el del Quillo, que buscar\u00e1 su reelecci\u00f3n, pues ya se sabe: &#8220;en tierra de ciegos, el tuerto es rey&#8221;.<\/p>\n","protected":false},"excerpt":{"rendered":"<p>\u00a1Sali\u00f3 desde &#8220;La Chingada&#8221;! S\u00ed, el expresidente Andr\u00e9s Manuel L\u00f3pez Obrador abandon\u00f3 el prometido y silencioso retiro de su vida p\u00fablica para invitar a los mexicanos a sumarse con su \u00f3bolo -en met\u00e1lico, claro-, en apoyo al pueblo de Cuba, que vive en estos d\u00edas una prolongada agon\u00eda con alt\u00edsimo costo para su pueblo, que ve derrumbarse entre la miseria y la desesperaci\u00f3n el final de la utop\u00eda que aliment\u00f3&#8230;<\/p>\n","protected":false},"author":2,"featured_media":0,"comment_status":"closed","ping_status":"","sticky":false,"template":"","format":"standard","meta":{"footnotes":""},"categories":[8],"tags":[],"class_list":["post-30973","post","type-post","status-publish","format-standard","hentry","category-aqui-laguna","wpcat-8-id"],"_links":{"self":[{"href":"https:\/\/www.aquilaguna.com\/index.php\/wp-json\/wp\/v2\/posts\/30973","targetHints":{"allow":["GET"]}}],"collection":[{"href":"https:\/\/www.aquilaguna.com\/index.php\/wp-json\/wp\/v2\/posts"}],"about":[{"href":"https:\/\/www.aquilaguna.com\/index.php\/wp-json\/wp\/v2\/types\/post"}],"author":[{"embeddable":true,"href":"https:\/\/www.aquilaguna.com\/index.php\/wp-json\/wp\/v2\/users\/2"}],"replies":[{"embeddable":true,"href":"https:\/\/www.aquilaguna.com\/index.php\/wp-json\/wp\/v2\/comments?post=30973"}],"version-history":[{"count":1,"href":"https:\/\/www.aquilaguna.com\/index.php\/wp-json\/wp\/v2\/posts\/30973\/revisions"}],"predecessor-version":[{"id":30974,"href":"https:\/\/www.aquilaguna.com\/index.php\/wp-json\/wp\/v2\/posts\/30973\/revisions\/30974"}],"wp:attachment":[{"href":"https:\/\/www.aquilaguna.com\/index.php\/wp-json\/wp\/v2\/media?parent=30973"}],"wp:term":[{"taxonomy":"category","embeddable":true,"href":"https:\/\/www.aquilaguna.com\/index.php\/wp-json\/wp\/v2\/categories?post=30973"},{"taxonomy":"post_tag","embeddable":true,"href":"https:\/\/www.aquilaguna.com\/index.php\/wp-json\/wp\/v2\/tags?post=30973"}],"curies":[{"name":"wp","href":"https:\/\/api.w.org\/{rel}","templated":true}]}}