{"id":30975,"date":"2026-03-17T18:18:51","date_gmt":"2026-03-18T00:18:51","guid":{"rendered":"https:\/\/www.aquilaguna.com\/?p=30975"},"modified":"2026-03-17T18:18:51","modified_gmt":"2026-03-18T00:18:51","slug":"inicia-en-la-uadec-la-xxi-semana-de-economia","status":"publish","type":"post","link":"https:\/\/www.aquilaguna.com\/index.php\/2026\/03\/17\/inicia-en-la-uadec-la-xxi-semana-de-economia\/","title":{"rendered":"Inicia en la UAdeC la XXI Semana de Econom\u00eda."},"content":{"rendered":"\n<p>SALTILLO, Coahuila.17 de marzo de 2026. La Facultad de Econom\u00eda Unidad<br>Sureste de la Universidad Aut\u00f3noma de Coahuila, inaugur\u00f3 su XXI Semana de<br>Econom\u00eda, evento anual que re\u00fane a expertos y estudiantes para analizar temas<br>econ\u00f3micos actuales que se desarrolla del 17 al 20 de marzo de 2026.<\/p>\n\n\n\n<p>En el auditorio del plantel, asisti\u00f3 el rector de la m\u00e1xima casa de estudios, Octavio<br>Pimentel Mart\u00ednez, la coordinadora de Unidad Sureste, Eva Kerena Hern\u00e1ndez<br>Mart\u00ednez, el director de la Facultad de Econom\u00eda, Jonathan Flores P\u00e9rez, el<br>subgobernador del Banco de M\u00e9xico, Jos\u00e9 Gabriel Cuadra Garc\u00eda, en representaci\u00f3n<br>del comit\u00e9 organizador de la Semana de Econom\u00eda, Andrea Lara Rivera, alumnos y<br>docentes.<\/p>\n\n\n\n<p>En su mensaje el Rector, enfatiz\u00f3 que la Semana de Econom\u00eda es una tradici\u00f3n en la<br>Aut\u00f3noma de Coahuila, un evento acad\u00e9mico de gran valor y de gran prestigio y,<br>sobre todo, porque lo organizan y lo coordinan los mismos estudiantes, que abren un<br>espacio en donde la comunidad universitaria se re\u00fane para debatir, comprender y<br>entender fen\u00f3menos econ\u00f3micos que moldean nuestro tiempo y m\u00e1s a\u00fan hoy con la<br>situaci\u00f3n pol\u00edtica y econ\u00f3mica que es de gran trascendencia a nivel mundial.<\/p>\n\n\n\n<p>\u201cSon dos d\u00e9cadas de di\u00e1logo acad\u00e9mico constante, de pensamiento cr\u00edtico, de<br>compromiso con la formaci\u00f3n de los economistas de nuestro estado y de nuestro<br>pa\u00eds y al hacerlo desde Coahuila, tiene un significado especial, ya que, nuestra<br>regi\u00f3n hoy es uno de los motores industriales m\u00e1s productivos de M\u00e9xico, por ello,<br>los invito a aprovechar plenamente estos espacios de di\u00e1logo, de trabajo y de<br>aprendizaje y que este encuentro permita interactuar con especialistas y l\u00edderes\u201d,<br>expres\u00f3.<\/p>\n\n\n\n<p>Por su parte, el director de la Facultad de Econom\u00eda, Jonathan Flores P\u00e9rez, se\u00f1al\u00f3<br>que, este es uno de los eventos acad\u00e9micos m\u00e1s importantes que realiza la Facultad<br>de Econom\u00eda de la Aut\u00f3noma de Coahuila, un formato que con el paso del tiempo se<br>ha ido consolidando, por lo que, se ha convertido en un espacio de an\u00e1lisis, de<br>debate y de reflexi\u00f3n sobre los grandes desaf\u00edos econ\u00f3micos de nuestro tiempo y<br>que al d\u00eda de hoy es un momento particularmente relevante para la econom\u00eda<br>mundial y para la econom\u00eda de nuestro pa\u00eds .<\/p>\n\n\n\n<p>\u201cEsta edici\u00f3n representa una oportunidad para que los universitarios dialoguen con<br>especialistas que aportar\u00e1n distintas perspectivas para comprender mejor el contexto<br>econ\u00f3mico nacional e internacional, porque la Facultad de Econom\u00eda, adem\u00e1s de<br>formar economistas que dominan modelos econom\u00e9tricos, tambi\u00e9n los prepara para<br>que puedan comprender el mundo, interpretar sus transformaciones y desde el<br>conocimiento universitario contribuyan en la toma de decisiones para mejorar sus<br>entornos\u201d, dijo.<\/p>\n\n\n\n<p>La integrante del comit\u00e9 organizador de la Semana de Econom\u00eda, Andrea Lara<br>Rivera, coment\u00f3 que, este evento se ha consolidado a lo largo de los a\u00f1os como uno<br>de los encuentros acad\u00e9micos m\u00e1s importantes para la comunidad de la UAdeC,<br>siendo una oportunidad para escuchar especialistas, investigadores y profesionales<br>del \u00e1mbito econ\u00f3mico, as\u00ed como para reflexionar sobre los retos que enfrenta el pa\u00eds<br>y el papel que tienen los estudiantes y futuros economistas en la construcci\u00f3n de<br>soluciones.<\/p>\n\n\n\n<p>\u201cInvito a todas y a todos a aprovechar al m\u00e1ximo esta Semana de Econom\u00eda, a<br>participar activamente en las conferencias, en los paneles y en los espacios de<br>discusi\u00f3n, obteniendo aprendizajes del di\u00e1logo acad\u00e9mico, por lo que espero que<br>est\u00e9 encuentro nos motive a seguir pensando en la econom\u00eda con responsabilidad,<br>con visi\u00f3n cr\u00edtica y con compromiso hacia el futuro de nuestro pa\u00eds \u201c, coment\u00f3.<\/p>\n\n\n\n<p>En esta edici\u00f3n se cuenta con la participaci\u00f3n de destacados especialistas, entre<br>ellos el subgobernador del Banco de M\u00e9xico, el Dr. Jos\u00e9 Gabriel Cuadra Garc\u00eda,<br>reconocido referente en materia de pol\u00edtica monetaria, quien imparti\u00f3 la conferencia<br>magistral de apertura \u201cLa pol\u00edtica monetaria del Banco de M\u00e9xico\u201d, y en su<br>intervenci\u00f3n abord\u00f3 el contexto actual de la pol\u00edtica monetaria en M\u00e9xico y los retos<br>que enfrenta en el cambiante entorno global.<\/p>\n\n\n\n<p>Asimismo, participar\u00e1 el secretario de Econom\u00eda del Estado de Coahuila, Luis<br>Eduardo Olivares Mart\u00ednez, quien dialogar\u00e1 con la comunidad acad\u00e9mica sobre la<br>posici\u00f3n de la econom\u00eda de Coahuila en el contexto nacional, as\u00ed como sobre los<br>retos y oportunidades que se presentan ante el escenario econ\u00f3mico internacional.<\/p>\n\n\n\n<p>Durante el evento tambi\u00e9n se contar\u00e1 con la participaci\u00f3n de representantes del<br>sector empresarial de la regi\u00f3n, quienes compartir\u00e1n su visi\u00f3n sobre los desaf\u00edos y<br>oportunidades de la econom\u00eda local desde la experiencia del sector productivo y de<br>igual forma, acad\u00e9micos integrantes del Sistema Nacional de Investigadoras e<br>Investigadores presentar\u00e1n reflexiones derivadas de sus m\u00e1s recientes trabajos de<br>investigaci\u00f3n.<\/p>\n","protected":false},"excerpt":{"rendered":"<p>SALTILLO, Coahuila.17 de marzo de 2026. La Facultad de Econom\u00eda UnidadSureste de la Universidad Aut\u00f3noma de Coahuila, inaugur\u00f3 su XXI Semana deEconom\u00eda, evento anual que re\u00fane a expertos y estudiantes para analizar temasecon\u00f3micos actuales que se desarrolla del 17 al 20 de marzo de 2026. En el auditorio del plantel, asisti\u00f3 el rector de la m\u00e1xima casa de estudios, OctavioPimentel Mart\u00ednez, la coordinadora de Unidad Sureste, Eva Kerena Hern\u00e1ndezMart\u00ednez, el&#8230;<\/p>\n","protected":false},"author":1,"featured_media":30976,"comment_status":"closed","ping_status":"","sticky":false,"template":"","format":"standard","meta":{"footnotes":""},"categories":[2],"tags":[],"class_list":["post-30975","post","type-post","status-publish","format-standard","has-post-thumbnail","hentry","category-uadec","wpcat-2-id"],"_links":{"self":[{"href":"https:\/\/www.aquilaguna.com\/index.php\/wp-json\/wp\/v2\/posts\/30975","targetHints":{"allow":["GET"]}}],"collection":[{"href":"https:\/\/www.aquilaguna.com\/index.php\/wp-json\/wp\/v2\/posts"}],"about":[{"href":"https:\/\/www.aquilaguna.com\/index.php\/wp-json\/wp\/v2\/types\/post"}],"author":[{"embeddable":true,"href":"https:\/\/www.aquilaguna.com\/index.php\/wp-json\/wp\/v2\/users\/1"}],"replies":[{"embeddable":true,"href":"https:\/\/www.aquilaguna.com\/index.php\/wp-json\/wp\/v2\/comments?post=30975"}],"version-history":[{"count":1,"href":"https:\/\/www.aquilaguna.com\/index.php\/wp-json\/wp\/v2\/posts\/30975\/revisions"}],"predecessor-version":[{"id":30977,"href":"https:\/\/www.aquilaguna.com\/index.php\/wp-json\/wp\/v2\/posts\/30975\/revisions\/30977"}],"wp:featuredmedia":[{"embeddable":true,"href":"https:\/\/www.aquilaguna.com\/index.php\/wp-json\/wp\/v2\/media\/30976"}],"wp:attachment":[{"href":"https:\/\/www.aquilaguna.com\/index.php\/wp-json\/wp\/v2\/media?parent=30975"}],"wp:term":[{"taxonomy":"category","embeddable":true,"href":"https:\/\/www.aquilaguna.com\/index.php\/wp-json\/wp\/v2\/categories?post=30975"},{"taxonomy":"post_tag","embeddable":true,"href":"https:\/\/www.aquilaguna.com\/index.php\/wp-json\/wp\/v2\/tags?post=30975"}],"curies":[{"name":"wp","href":"https:\/\/api.w.org\/{rel}","templated":true}]}}