{"id":30978,"date":"2026-03-17T18:20:11","date_gmt":"2026-03-18T00:20:11","guid":{"rendered":"https:\/\/www.aquilaguna.com\/?p=30978"},"modified":"2026-03-17T18:20:11","modified_gmt":"2026-03-18T00:20:11","slug":"dan-primer-claquetazo-del-rodaje-ofelia-en-la-uadec","status":"publish","type":"post","link":"https:\/\/www.aquilaguna.com\/index.php\/2026\/03\/17\/dan-primer-claquetazo-del-rodaje-ofelia-en-la-uadec\/","title":{"rendered":"Dan Primer Claquetazo del Rodaje \u201cOfelia\u201d en la UAdeC."},"content":{"rendered":"\n<p>SALTILLO, Coahuila. 17 de marzo de 2026. En el Edificio de la Escuela de<br>Bachilleres Dr. Mariano Narv\u00e1ez Gonz\u00e1lez de la Universidad Aut\u00f3noma de Coahuila,<br>el equipo de producci\u00f3n del Taller de Cortometraje que se imparte a trav\u00e9s de la<br>Coordinaci\u00f3n de Difusi\u00f3n y Patrimonio Cultural y del Recinto del Patrimonio Cultural<br>Universitario, dio el Primer Claquetazo del Cortometraje \u201cOfelia\u201d.<\/p>\n\n\n\n<p>Bajo la direcci\u00f3n del realizador Fernando Recio Valadez de Indomito Studio, el<br>equipo del Crew conformado por alumnas y alumnos de la primera, segunda y<br>tercera edici\u00f3n del Taller a su cargo, el pasado fin de semana tuvieron de locaci\u00f3n un<br>emblem\u00e1tico edificio, inaugurado en 1950 para la Escuela de Enfermer\u00eda \u201cDr.<br>Santiago Vald\u00e9s Galindo\u201d, y en el que actualmente miles de j\u00f3venes estudian su<br>educaci\u00f3n preparatoria.<\/p>\n\n\n\n<p>El cineasta comparti\u00f3 que el lugar fue seleccionado como locaci\u00f3n debido a la trama<br>de \u201cOfelia\u201d, que es un drama de ciencia ficci\u00f3n que se desarrolla en un laboratorio de<br>investigaci\u00f3n m\u00e9dica, y en donde los protagonistas, Isis Zapata, Sergio Cortez,<br>Jerem\u00edas Rodr\u00edguez, Lidia Medina, Said Ampudia y Arath Granados muestran su<br>talento en una historia en la que la protagonista es una investigadora a quien le<br>intentan salvar la vida y su logro cient\u00edfico, con un paralelismo en el tiempo.<\/p>\n\n\n\n<p>La idea original es de Sabina Cepeda Garc\u00eda, guion adaptado por Fernando Recio;<br>sus alumnos y alumnas participantes son Alejandro Reyna, Carlos Carre\u00f3n, Mat\u00edas<br>Estrada, Sabina Cepeda, Natalia Dom\u00ednguez, Barbara Reyes, Haziel Ortega, Diego<br>Luz Mar\u00eda Rodr\u00edguez, Diego Hern\u00e1ndez y Fardy Hern\u00e1ndez.<\/p>\n\n\n\n<p>\u201cSomos 30 personas las que participamos en la producci\u00f3n, incluye a los actores y<br>actrices, personal de Producci\u00f3n, Direcci\u00f3n, Fotograf\u00eda, Arte, Sonido Directo, Data<br>Manager, Staff y externos de Maquillaje, Vestuario y Catering; fueron dos d\u00edas de<br>producci\u00f3n intensa, porque es rodaje nocturno, mismo que continuaremos en los<br>pr\u00f3ximos d\u00edas\u201d, inform\u00f3 Recio Valadez.<\/p>\n\n\n\n<p>Agreg\u00f3 que la proyecci\u00f3n del cortometraje \u201cOfelia\u201d ser\u00e1 a finales de semestre, en el<br>mes de junio, durante el cierre del Taller junto al proyecto final de los alumnos de la<br>tercera edici\u00f3n, para ambas producciones se buscar\u00e1 m\u00e1s espacios de proyecci\u00f3n,<br>as\u00ed como la participaci\u00f3n en festivales de cine nacionales e internacionales.<\/p>\n\n\n\n<p>Agradeci\u00f3 las facilidades para el uso de las instalaciones del edificio universitario a<br>su directora Claudia Elena Garc\u00eda Vega, a su secretaria administrativa Hortencia de<br>Luna Strozzi, as\u00ed como al personal de apoyo de la Preparatoria Mariano Narv\u00e1ez de<br>la UAdeC.<\/p>\n","protected":false},"excerpt":{"rendered":"<p>SALTILLO, Coahuila. 17 de marzo de 2026. En el Edificio de la Escuela deBachilleres Dr. Mariano Narv\u00e1ez Gonz\u00e1lez de la Universidad Aut\u00f3noma de Coahuila,el equipo de producci\u00f3n del Taller de Cortometraje que se imparte a trav\u00e9s de laCoordinaci\u00f3n de Difusi\u00f3n y Patrimonio Cultural y del Recinto del Patrimonio CulturalUniversitario, dio el Primer Claquetazo del Cortometraje \u201cOfelia\u201d. Bajo la direcci\u00f3n del realizador Fernando Recio Valadez de Indomito Studio, elequipo del Crew&#8230;<\/p>\n","protected":false},"author":1,"featured_media":30979,"comment_status":"closed","ping_status":"","sticky":false,"template":"","format":"standard","meta":{"footnotes":""},"categories":[2],"tags":[],"class_list":["post-30978","post","type-post","status-publish","format-standard","has-post-thumbnail","hentry","category-uadec","wpcat-2-id"],"_links":{"self":[{"href":"https:\/\/www.aquilaguna.com\/index.php\/wp-json\/wp\/v2\/posts\/30978","targetHints":{"allow":["GET"]}}],"collection":[{"href":"https:\/\/www.aquilaguna.com\/index.php\/wp-json\/wp\/v2\/posts"}],"about":[{"href":"https:\/\/www.aquilaguna.com\/index.php\/wp-json\/wp\/v2\/types\/post"}],"author":[{"embeddable":true,"href":"https:\/\/www.aquilaguna.com\/index.php\/wp-json\/wp\/v2\/users\/1"}],"replies":[{"embeddable":true,"href":"https:\/\/www.aquilaguna.com\/index.php\/wp-json\/wp\/v2\/comments?post=30978"}],"version-history":[{"count":1,"href":"https:\/\/www.aquilaguna.com\/index.php\/wp-json\/wp\/v2\/posts\/30978\/revisions"}],"predecessor-version":[{"id":30980,"href":"https:\/\/www.aquilaguna.com\/index.php\/wp-json\/wp\/v2\/posts\/30978\/revisions\/30980"}],"wp:featuredmedia":[{"embeddable":true,"href":"https:\/\/www.aquilaguna.com\/index.php\/wp-json\/wp\/v2\/media\/30979"}],"wp:attachment":[{"href":"https:\/\/www.aquilaguna.com\/index.php\/wp-json\/wp\/v2\/media?parent=30978"}],"wp:term":[{"taxonomy":"category","embeddable":true,"href":"https:\/\/www.aquilaguna.com\/index.php\/wp-json\/wp\/v2\/categories?post=30978"},{"taxonomy":"post_tag","embeddable":true,"href":"https:\/\/www.aquilaguna.com\/index.php\/wp-json\/wp\/v2\/tags?post=30978"}],"curies":[{"name":"wp","href":"https:\/\/api.w.org\/{rel}","templated":true}]}}