{"id":30981,"date":"2026-03-17T18:21:52","date_gmt":"2026-03-18T00:21:52","guid":{"rendered":"https:\/\/www.aquilaguna.com\/?p=30981"},"modified":"2026-03-17T18:21:52","modified_gmt":"2026-03-18T00:21:52","slug":"invitan-a-maraton-de-teatro-2026-en-torreon","status":"publish","type":"post","link":"https:\/\/www.aquilaguna.com\/index.php\/2026\/03\/17\/invitan-a-maraton-de-teatro-2026-en-torreon\/","title":{"rendered":"Invitan a Marat\u00f3n de Teatro 2026 en Torre\u00f3n."},"content":{"rendered":"\n<p>Torre\u00f3n, Coahuila a 17 de marzo del 2026.<\/p>\n\n\n\n<p>El Ayuntamiento de Torre\u00f3n, a trav\u00e9s del Instituto Municipal de Cultura y<br>Educaci\u00f3n de Torre\u00f3n (IMCE), invita a la ciudadan\u00eda a disfrutar del Marat\u00f3n de<br>Teatro 2026, una jornada esc\u00e9nica que reunir\u00e1 tres propuestas el pr\u00f3ximo s\u00e1bado<br>21 de marzo, con entrada libre.<\/p>\n\n\n\n<p>Antonio M\u00e9ndez Vigat\u00e1, director del IMCE, inform\u00f3 que el evento se desarrollar\u00e1<br>en el escenario del Teatro Alfonso Garibay de 15:00 a 20:30 horas, con funciones<br>continuas dirigidas a distintos p\u00fablicos, con el objetivo de acercar esta disciplina<br>art\u00edstica a la comunidad, y promover el trabajo de compa\u00f1\u00edas esc\u00e9nicas<br>destacadas.<\/p>\n\n\n\n<p>La programaci\u00f3n iniciar\u00e1 a las 15:00 horas con la obra \u201cJaguar de Luna\u201d, escrita<br>por Ver\u00f3nica Maldonado y dirigida por Laura Borrego, presentada por la compa\u00f1\u00eda<br>A\u00fan Teatro. Esta puesta en escena est\u00e1 dirigida a todo p\u00fablico y propone una<br>experiencia cargada de simbolismo y narrativa esc\u00e9nica.<\/p>\n\n\n\n<p>Posteriormente, a las 17:00 horas, se presentar\u00e1 \u201cPeque\u00f1a nube de Magallanes\u201d,<br>del dramaturgo Luis Ayhll\u00f3n, bajo la direcci\u00f3n de Boris Schoemann. La obra ser\u00e1<br>interpretada por la compa\u00f1\u00eda Los Endebles y est\u00e1 dirigida a adolescentes y<br>adultos, abordando tem\u00e1ticas contempor\u00e1neas con una propuesta esc\u00e9nica<br>reflexiva.<\/p>\n\n\n\n<p>El marat\u00f3n concluir\u00e1 a las 19:15 horas con la obra \u201cFaltan \u00e1rboles para llorar m\u00e1s<br>noches tristes\u201d, escrita por Lety Alc\u00e1ntara y dirigida por Iv\u00e1n Torres, presentada<br>por la compa\u00f1\u00eda Imaginante Teatro, tambi\u00e9n recomendada para adolescentes y<br>p\u00fablico adulto.<\/p>\n\n\n\n<p>El director del IMCE destac\u00f3 que este tipo de actividades que impulsa la<br>Administraci\u00f3n Municipal del alcalde Rom\u00e1n Alberto Cepeda Gonz\u00e1lez, buscan<br>fortalecer la oferta cultural de la ciudad y fomentar el acercamiento del p\u00fablico a<br>las artes esc\u00e9nicas, adem\u00e1s de brindar espacios para la difusi\u00f3n del talento teatral<br>y la convivencia cultural.<\/p>\n\n\n\n<p>El Teatro Alfonso Garibay est\u00e1 ubicado en avenida Bravo n\u00famero 245 poniente,<br>entre Galeana y Jim\u00e9nez, en el centro de la ciudad.<\/p>\n\n\n\n<p>Para conocer m\u00e1s actividades culturales, se puede consultar la agenda semanal<br>en la p\u00e1gina de Facebook del Instituto Municipal de Cultura y Educaci\u00f3n y en<br>Instagram @Cultura.trc.<\/p>\n","protected":false},"excerpt":{"rendered":"<p>Torre\u00f3n, Coahuila a 17 de marzo del 2026. El Ayuntamiento de Torre\u00f3n, a trav\u00e9s del Instituto Municipal de Cultura yEducaci\u00f3n de Torre\u00f3n (IMCE), invita a la ciudadan\u00eda a disfrutar del Marat\u00f3n deTeatro 2026, una jornada esc\u00e9nica que reunir\u00e1 tres propuestas el pr\u00f3ximo s\u00e1bado21 de marzo, con entrada libre. Antonio M\u00e9ndez Vigat\u00e1, director del IMCE, inform\u00f3 que el evento se desarrollar\u00e1en el escenario del Teatro Alfonso Garibay de 15:00 a 20:30&#8230;<\/p>\n","protected":false},"author":1,"featured_media":30982,"comment_status":"closed","ping_status":"","sticky":false,"template":"","format":"standard","meta":{"footnotes":""},"categories":[5,28,7],"tags":[],"class_list":["post-30981","post","type-post","status-publish","format-standard","has-post-thumbnail","hentry","category-coahuila","category-la-laguna","category-torreon","wpcat-5-id","wpcat-28-id","wpcat-7-id"],"_links":{"self":[{"href":"https:\/\/www.aquilaguna.com\/index.php\/wp-json\/wp\/v2\/posts\/30981","targetHints":{"allow":["GET"]}}],"collection":[{"href":"https:\/\/www.aquilaguna.com\/index.php\/wp-json\/wp\/v2\/posts"}],"about":[{"href":"https:\/\/www.aquilaguna.com\/index.php\/wp-json\/wp\/v2\/types\/post"}],"author":[{"embeddable":true,"href":"https:\/\/www.aquilaguna.com\/index.php\/wp-json\/wp\/v2\/users\/1"}],"replies":[{"embeddable":true,"href":"https:\/\/www.aquilaguna.com\/index.php\/wp-json\/wp\/v2\/comments?post=30981"}],"version-history":[{"count":1,"href":"https:\/\/www.aquilaguna.com\/index.php\/wp-json\/wp\/v2\/posts\/30981\/revisions"}],"predecessor-version":[{"id":30983,"href":"https:\/\/www.aquilaguna.com\/index.php\/wp-json\/wp\/v2\/posts\/30981\/revisions\/30983"}],"wp:featuredmedia":[{"embeddable":true,"href":"https:\/\/www.aquilaguna.com\/index.php\/wp-json\/wp\/v2\/media\/30982"}],"wp:attachment":[{"href":"https:\/\/www.aquilaguna.com\/index.php\/wp-json\/wp\/v2\/media?parent=30981"}],"wp:term":[{"taxonomy":"category","embeddable":true,"href":"https:\/\/www.aquilaguna.com\/index.php\/wp-json\/wp\/v2\/categories?post=30981"},{"taxonomy":"post_tag","embeddable":true,"href":"https:\/\/www.aquilaguna.com\/index.php\/wp-json\/wp\/v2\/tags?post=30981"}],"curies":[{"name":"wp","href":"https:\/\/api.w.org\/{rel}","templated":true}]}}