{"id":30984,"date":"2026-03-17T18:23:37","date_gmt":"2026-03-18T00:23:37","guid":{"rendered":"https:\/\/www.aquilaguna.com\/?p=30984"},"modified":"2026-03-17T18:23:37","modified_gmt":"2026-03-18T00:23:37","slug":"instituto-municipal-de-la-mujer-y-el-instituto-tecnologico-de-torreon-impulsan-dialogo-y-colaboracion-en-favor-de-la-comunidad-estudiantil","status":"publish","type":"post","link":"https:\/\/www.aquilaguna.com\/index.php\/2026\/03\/17\/instituto-municipal-de-la-mujer-y-el-instituto-tecnologico-de-torreon-impulsan-dialogo-y-colaboracion-en-favor-de-la-comunidad-estudiantil\/","title":{"rendered":"Instituto Municipal de la Mujer y el Instituto Tecnol\u00f3gico de Torre\u00f3n impulsan di\u00e1logo y colaboraci\u00f3n en favor de la comunidad estudiantil."},"content":{"rendered":"\n<p>Torre\u00f3n, Coahuila a 17 de marzo de 2026.<\/p>\n\n\n\n<p>Con el objetivo de generar nuevas estrategias de colaboraci\u00f3n en favor de la<br>comunidad estudiantil, Amira Darwich Garc\u00eda, directora del Instituto Municipal de la<br>Mujer de Torre\u00f3n (IMM), recibi\u00f3 al director del Instituto Tecnol\u00f3gico de Torre\u00f3n<br>Jaime D\u00edaz Posada, con quien acord\u00f3 diversas iniciativas que contribuyan a la<br>sensibilizaci\u00f3n, la prevenci\u00f3n de la violencia y la construcci\u00f3n de entornos m\u00e1s<br>seguros e incluyentes para las y los j\u00f3venes.<\/p>\n\n\n\n<p>Durante la reuni\u00f3n se dialog\u00f3 sobre la importancia de mantener una coordinaci\u00f3n<br>permanente entre el \u00e1mbito educativo y las instituciones p\u00fablicas.<\/p>\n\n\n\n<p>La directora del IMM destac\u00f3 que el trabajo coordinado con instituciones<br>educativas es fundamental para ampliar el alcance de las acciones que<br>promueven los derechos de las mujeres y la prevenci\u00f3n de la violencia.<\/p>\n\n\n\n<p>\u201cLas instituciones educativas son espacios donde se generan ideas, se construyen<br>valores y se forman las nuevas generaciones que dar\u00e1n rumbo a nuestra<br>sociedad. Por eso es tan importante fortalecer la colaboraci\u00f3n con el Instituto<br>Tecnol\u00f3gico de Torre\u00f3n. A trav\u00e9s de estas alianzas podemos acercar informaci\u00f3n,<br>generar conciencia y abrir espacios de di\u00e1logo que permitan avanzar hacia una<br>comunidad m\u00e1s respetuosa, m\u00e1s igualitaria y con mayores oportunidades para<br>todas y todos\u201d, expres\u00f3 Darwich Garc\u00eda.<\/p>\n\n\n\n<p>En el encuentro tambi\u00e9n se compartieron propuestas para desarrollar actividades<br>dirigidas a la comunidad estudiantil, entre ellas pl\u00e1ticas informativas, espacios de<br>di\u00e1logo, talleres de sensibilizaci\u00f3n y redes de apoyo que permitan fortalecer la<br>cultura de igualdad y respeto dentro de los espacios acad\u00e9micos.<\/p>\n\n\n\n<p>Con estas acciones, la Administraci\u00f3n Municipal del alcalde Rom\u00e1n Alberto<br>Cepeda Gonz\u00e1lez contin\u00faa trabajando de manera cercana con instituciones<br>educativas, empresas y diversos sectores de la sociedad para impulsar<br>propuestas que fortalezcan el desarrollo de las mujeres y promuevan una cultura<br>de paz.<\/p>\n","protected":false},"excerpt":{"rendered":"<p>Torre\u00f3n, Coahuila a 17 de marzo de 2026. Con el objetivo de generar nuevas estrategias de colaboraci\u00f3n en favor de lacomunidad estudiantil, Amira Darwich Garc\u00eda, directora del Instituto Municipal de laMujer de Torre\u00f3n (IMM), recibi\u00f3 al director del Instituto Tecnol\u00f3gico de Torre\u00f3nJaime D\u00edaz Posada, con quien acord\u00f3 diversas iniciativas que contribuyan a lasensibilizaci\u00f3n, la prevenci\u00f3n de la violencia y la construcci\u00f3n de entornos m\u00e1sseguros e incluyentes para las y los&#8230;<\/p>\n","protected":false},"author":1,"featured_media":30985,"comment_status":"closed","ping_status":"","sticky":false,"template":"","format":"standard","meta":{"footnotes":""},"categories":[5,28,7],"tags":[],"class_list":["post-30984","post","type-post","status-publish","format-standard","has-post-thumbnail","hentry","category-coahuila","category-la-laguna","category-torreon","wpcat-5-id","wpcat-28-id","wpcat-7-id"],"_links":{"self":[{"href":"https:\/\/www.aquilaguna.com\/index.php\/wp-json\/wp\/v2\/posts\/30984","targetHints":{"allow":["GET"]}}],"collection":[{"href":"https:\/\/www.aquilaguna.com\/index.php\/wp-json\/wp\/v2\/posts"}],"about":[{"href":"https:\/\/www.aquilaguna.com\/index.php\/wp-json\/wp\/v2\/types\/post"}],"author":[{"embeddable":true,"href":"https:\/\/www.aquilaguna.com\/index.php\/wp-json\/wp\/v2\/users\/1"}],"replies":[{"embeddable":true,"href":"https:\/\/www.aquilaguna.com\/index.php\/wp-json\/wp\/v2\/comments?post=30984"}],"version-history":[{"count":1,"href":"https:\/\/www.aquilaguna.com\/index.php\/wp-json\/wp\/v2\/posts\/30984\/revisions"}],"predecessor-version":[{"id":30986,"href":"https:\/\/www.aquilaguna.com\/index.php\/wp-json\/wp\/v2\/posts\/30984\/revisions\/30986"}],"wp:featuredmedia":[{"embeddable":true,"href":"https:\/\/www.aquilaguna.com\/index.php\/wp-json\/wp\/v2\/media\/30985"}],"wp:attachment":[{"href":"https:\/\/www.aquilaguna.com\/index.php\/wp-json\/wp\/v2\/media?parent=30984"}],"wp:term":[{"taxonomy":"category","embeddable":true,"href":"https:\/\/www.aquilaguna.com\/index.php\/wp-json\/wp\/v2\/categories?post=30984"},{"taxonomy":"post_tag","embeddable":true,"href":"https:\/\/www.aquilaguna.com\/index.php\/wp-json\/wp\/v2\/tags?post=30984"}],"curies":[{"name":"wp","href":"https:\/\/api.w.org\/{rel}","templated":true}]}}