{"id":30993,"date":"2026-03-17T18:27:47","date_gmt":"2026-03-18T00:27:47","guid":{"rendered":"https:\/\/www.aquilaguna.com\/?p=30993"},"modified":"2026-03-17T18:27:47","modified_gmt":"2026-03-18T00:27:47","slug":"invierte-estado-mas-de-330-mdp-en-programas-para-personas-con-discapacidad","status":"publish","type":"post","link":"https:\/\/www.aquilaguna.com\/index.php\/2026\/03\/17\/invierte-estado-mas-de-330-mdp-en-programas-para-personas-con-discapacidad\/","title":{"rendered":"INVIERTE ESTADO M\u00c1S DE 330 MDP EN PROGRAMAS PARA PERSONAS CON DISCAPACIDAD."},"content":{"rendered":"\n<p>\u00b7&nbsp;&nbsp;&nbsp;&nbsp;&nbsp;&nbsp;<em>\u201cEste programa re\u00fane acciones concretas para asegurar que las personas con discapacidad en Coahuila tengan mayores oportunidades en el desarrollo, autonom\u00eda, participaci\u00f3n plena en la sociedad\u201d: Liliana Salinas.&nbsp;<\/em><\/p>\n\n\n\n<p>Arteaga, Coahuila de Zaragoza; a 17 de marzo de 2026.- El gobernador Manolo Jim\u00e9nez salinas, acompa\u00f1ado por Liliana Salinas Vald\u00e9s, presidenta honoraria del DIF Coahuila, y de Paola Rodr\u00edguez L\u00f3pez, presidenta honoraria de Inspira, deton\u00f3 el Gran Programa de Inclusi\u00f3n para Personas con Discapacidad, en donde se inform\u00f3 que se invierten m\u00e1s de 331 millones de pesos en acciones,&nbsp;&nbsp;programas, proyectos y apoyos para personas con discapacidad y sus cuidadores.<\/p>\n\n\n\n<p>&#8220;Junto con mi mam\u00e1 Liliana Salinas presentamos el Gran Programa de Inclusi\u00f3n para Personas con Discapacidad. Una estrategia integral con programas, obras y acciones a favor de nuestra gente con discapacidad y sus familias. Con una inversi\u00f3n de 331 millones de pesos para este gran programa, en Coahuila trabajamos para que nadie se quede atr\u00e1s y todas y todos avancemos pa&#8217; delante a pasos de gigante&#8221;, destac\u00f3 el gobernador.<\/p>\n\n\n\n<p>Adem\u00e1s, se anunci\u00f3 la entrega de apoyos econ\u00f3micos \u201cVeamos la Discapacidad\u201d, con una inversi\u00f3n estatal de 20 millones de pesos, otorgando 10 mil pesos a cada beneficiario.<\/p>\n\n\n\n<p>Manolo Jim\u00e9nez destac\u00f3 que este gran programa se construy\u00f3 con un plan y con una estrategia transversal para poder beneficiar a la mayor cantidad de gente posible, y que cubre muchas \u00e1reas de gobierno, muchos proyectos, programas y obras tanto estatales como municipales.<\/p>\n\n\n\n<p>Coment\u00f3 que en este proyecto se invierten 331 millones de pesos estatales, adem\u00e1s de la inversi\u00f3n de los municipios, con lo que se hace una bolsa muy importante.<\/p>\n\n\n\n<p>\u201cEn Coahuila entendemos que para que alguien pueda tener calidad de vida, se requieren de varios factores como las obras y los programas sociales, los programas de salud, los programas de educaci\u00f3n, de mujeres; el desarrollo econ\u00f3mico, oportunidades de empleo, y la seguridad\u201d, expres\u00f3.&nbsp;<\/p>\n\n\n\n<p>Jim\u00e9nez Salinas agreg\u00f3 que por esa raz\u00f3n, el recurso que se tiene se diversifica y se canaliza en los temas m\u00e1s importantes, y que hoy en d\u00eda, Coahuila es de los mejores estados en todos los indicadores a nivel nacional.<\/p>\n\n\n\n<p>De la misma manera, se\u00f1al\u00f3 que la formula m\u00e1gica con que se trabaja en Coahuila es el trabajo en equipo, y que de esa misma manera se trabaja en el tema de discapacidad, trabajando con los organismos de la sociedad civil y de la iniciativa privada.<\/p>\n\n\n\n<p>\u201cHoy reiteramos nuestro compromiso con todas y todos los coahuilenses, pero principalmente, reiteramos nuestro compromiso con nuestra gente m\u00e1s vulnerable\u201d, expres\u00f3 el gobernador Manolo Jim\u00e9nez.<\/p>\n\n\n\n<p>Liliana Salinas, presidenta honoraria del DIF Coahuila, mencion\u00f3 que el Gran Programa de Inclusi\u00f3n para Personas con Discapacidad es una estrategia integral que busca transformar la manera en como el Gobierno entiende, atiende e incluye a las personas con discapacidad o con alguna condici\u00f3n.<\/p>\n\n\n\n<p>\u201cEste programa re\u00fane acciones concretas para asegurar que las personas con discapacidad en Coahuila tengan mayores oportunidades en el desarrollo, autonom\u00eda, participaci\u00f3n plena en la sociedad\u201d, expres\u00f3.<\/p>\n\n\n\n<p>Inform\u00f3 que el objetivo de este gran programa es el de fortalecer las acciones y programas en favor de las personas con discapacidad, para favorecer su desarrollo f\u00edsico, cognitivo, socioemocional, promoviendo adem\u00e1s su inclusi\u00f3n social y una vida independiente.<\/p>\n\n\n\n<p>Liliana Salinas agreg\u00f3 que, para lograrlo, se estructur\u00f3 esta gran estrategia en conjunto con otras secretar\u00edas y dependencias. y que est\u00e1 dividido en cinco ejes de acci\u00f3n: Sensibilizaci\u00f3n, Detecci\u00f3n, Atenci\u00f3n, Movilidad y Fortalecimiento.<\/p>\n\n\n\n<p>En ese contexto, la presidenta honoraria explic\u00f3 las acciones, obras proyectos y programas que se han puesto en marcha, y que est\u00e1n por arrancar en cada uno de estos cinco ejes de acci\u00f3n.<\/p>\n\n\n\n<p>\u201cTodos estos programas han representado m\u00e1s de 331 millones de pesos de inversi\u00f3n en acciones y apoyos destinados a personas con discapacidad o alguna condici\u00f3n\u201d, mencion\u00f3.<\/p>\n\n\n\n<p>Abund\u00f3 que, m\u00e1s all\u00e1 de estas cifras, este programa representa un compromiso claro con la inclusi\u00f3n, con la dignidad y con la igualdad de oportunidades.<\/p>\n","protected":false},"excerpt":{"rendered":"<p>\u00b7&nbsp;&nbsp;&nbsp;&nbsp;&nbsp;&nbsp;\u201cEste programa re\u00fane acciones concretas para asegurar que las personas con discapacidad en Coahuila tengan mayores oportunidades en el desarrollo, autonom\u00eda, participaci\u00f3n plena en la sociedad\u201d: Liliana Salinas.&nbsp; Arteaga, Coahuila de Zaragoza; a 17 de marzo de 2026.- El gobernador Manolo Jim\u00e9nez salinas, acompa\u00f1ado por Liliana Salinas Vald\u00e9s, presidenta honoraria del DIF Coahuila, y de Paola Rodr\u00edguez L\u00f3pez, presidenta honoraria de Inspira, deton\u00f3 el Gran Programa de Inclusi\u00f3n para Personas&#8230;<\/p>\n","protected":false},"author":1,"featured_media":30994,"comment_status":"closed","ping_status":"","sticky":false,"template":"","format":"standard","meta":{"footnotes":""},"categories":[5,15,14],"tags":[],"class_list":["post-30993","post","type-post","status-publish","format-standard","has-post-thumbnail","hentry","category-coahuila","category-gobierno-de-coahuila","category-salud","wpcat-5-id","wpcat-15-id","wpcat-14-id"],"_links":{"self":[{"href":"https:\/\/www.aquilaguna.com\/index.php\/wp-json\/wp\/v2\/posts\/30993","targetHints":{"allow":["GET"]}}],"collection":[{"href":"https:\/\/www.aquilaguna.com\/index.php\/wp-json\/wp\/v2\/posts"}],"about":[{"href":"https:\/\/www.aquilaguna.com\/index.php\/wp-json\/wp\/v2\/types\/post"}],"author":[{"embeddable":true,"href":"https:\/\/www.aquilaguna.com\/index.php\/wp-json\/wp\/v2\/users\/1"}],"replies":[{"embeddable":true,"href":"https:\/\/www.aquilaguna.com\/index.php\/wp-json\/wp\/v2\/comments?post=30993"}],"version-history":[{"count":1,"href":"https:\/\/www.aquilaguna.com\/index.php\/wp-json\/wp\/v2\/posts\/30993\/revisions"}],"predecessor-version":[{"id":30995,"href":"https:\/\/www.aquilaguna.com\/index.php\/wp-json\/wp\/v2\/posts\/30993\/revisions\/30995"}],"wp:featuredmedia":[{"embeddable":true,"href":"https:\/\/www.aquilaguna.com\/index.php\/wp-json\/wp\/v2\/media\/30994"}],"wp:attachment":[{"href":"https:\/\/www.aquilaguna.com\/index.php\/wp-json\/wp\/v2\/media?parent=30993"}],"wp:term":[{"taxonomy":"category","embeddable":true,"href":"https:\/\/www.aquilaguna.com\/index.php\/wp-json\/wp\/v2\/categories?post=30993"},{"taxonomy":"post_tag","embeddable":true,"href":"https:\/\/www.aquilaguna.com\/index.php\/wp-json\/wp\/v2\/tags?post=30993"}],"curies":[{"name":"wp","href":"https:\/\/api.w.org\/{rel}","templated":true}]}}