{"id":30996,"date":"2026-03-17T18:29:19","date_gmt":"2026-03-18T00:29:19","guid":{"rendered":"https:\/\/www.aquilaguna.com\/?p=30996"},"modified":"2026-03-17T18:29:19","modified_gmt":"2026-03-18T00:29:19","slug":"gobierno-del-estado-invita-al-concurso-de-dibujo-yoporlainclusion","status":"publish","type":"post","link":"https:\/\/www.aquilaguna.com\/index.php\/2026\/03\/17\/gobierno-del-estado-invita-al-concurso-de-dibujo-yoporlainclusion\/","title":{"rendered":"GOBIERNO DEL ESTADO INVITA AL CONCURSO DE DIBUJO #YOPORLAINCLUSI\u00d3N."},"content":{"rendered":"\n<p>\u00b7&nbsp;&nbsp;&nbsp;&nbsp;&nbsp;&nbsp;<em>Invitan a infancias, adolescencias y juventudes a expresar, a trav\u00e9s del arte, mensajes de inclusi\u00f3n, respeto y derechos humanos.<\/em><\/p>\n\n\n\n<p>Saltillo, Coahuila de Zaragoza&nbsp;<\/p>\n\n\n\n<p>17 de marzo de 2026.- Con el llamado a las infancias, adolescencias y juventudes expresen su visi\u00f3n de un mundo m\u00e1s justo a trav\u00e9s del arte, el Gobierno del Estado invita a participar en el sexto Concurso Estatal de Dibujo #YoPorLaInclusi\u00f3n, una iniciativa que promueve la empat\u00eda, el respeto y la no discriminaci\u00f3n.<\/p>\n\n\n\n<p>El secretario de Inclusi\u00f3n y Desarrollo Social, Enrique Mart\u00ednez y Morales, dio a conocer, a trav\u00e9s de la Direcci\u00f3n para Promover la Igualdad y Prevenir la Discriminaci\u00f3n, la convocatoria de este certamen que se ha consolidado como una actividad anual clave para fomentar la reflexi\u00f3n social desde edades tempranas. Destac\u00f3 que este concurso busca que, mediante el dibujo, las y los participantes contribuyan a construir una sociedad basada en los derechos humanos, la diversidad y la inclusi\u00f3n.<\/p>\n\n\n\n<p>En la edici\u00f3n anterior se recibieron 539 trabajos provenientes de 18 municipios de Coahuila, los cuales destacaron por su calidad art\u00edstica y la profundidad de sus mensajes. Adem\u00e1s, 114 dibujos con menci\u00f3n honor\u00edfica han sido expuestos en distintos museos del estado, recorriendo regiones como la Sureste, Centro y Laguna, acercando estos mensajes a m\u00e1s poblaci\u00f3n.<\/p>\n\n\n\n<p>Para este a\u00f1o, el concurso ampl\u00eda su alcance con la apertura de tres categor\u00edas: infancias de 4 a 10 a\u00f1os, adolescencias de 11 a 18 a\u00f1os y juventudes de 19 a 29 a\u00f1os, con el objetivo de generar una competencia m\u00e1s equitativa. Los trabajos deber\u00e1n realizarse en media cartulina (50 x 33 cm) y podr\u00e1n utilizar diversas t\u00e9cnicas como l\u00e1piz, acuarela, acr\u00edlico, entre otras.<\/p>\n\n\n\n<p>Las obras deber\u00e1n abordar temas relacionados con la inclusi\u00f3n y los derechos humanos, como el respeto a personas migrantes, comunidad LGBTTTI, personas con discapacidad, adultas mayores, entre otros grupos hist\u00f3ricamente vulnerabilizados. Se evaluar\u00e1n aspectos como creatividad, impacto social, composici\u00f3n, t\u00e9cnica y presentaci\u00f3n, y el jurado estar\u00e1 integrado por especialistas en la materia.<\/p>\n\n\n\n<p>En cada categor\u00eda se otorgar\u00e1n premios econ\u00f3micos de 10 mil, 5 mil y 3 mil pesos para los tres primeros lugares, adem\u00e1s de reconocimientos y premios en especie. La recepci\u00f3n de trabajos estar\u00e1 abierta hasta el 27 de abril de 2026, en las oficinas de la Direcci\u00f3n para Promover la Igualdad y Prevenir la Discriminaci\u00f3n, as\u00ed como en coordinaciones municipales y centros educativos del estado.<\/p>\n","protected":false},"excerpt":{"rendered":"<p>\u00b7&nbsp;&nbsp;&nbsp;&nbsp;&nbsp;&nbsp;Invitan a infancias, adolescencias y juventudes a expresar, a trav\u00e9s del arte, mensajes de inclusi\u00f3n, respeto y derechos humanos. Saltillo, Coahuila de Zaragoza&nbsp; 17 de marzo de 2026.- Con el llamado a las infancias, adolescencias y juventudes expresen su visi\u00f3n de un mundo m\u00e1s justo a trav\u00e9s del arte, el Gobierno del Estado invita a participar en el sexto Concurso Estatal de Dibujo #YoPorLaInclusi\u00f3n, una iniciativa que promueve la empat\u00eda,&#8230;<\/p>\n","protected":false},"author":1,"featured_media":30997,"comment_status":"closed","ping_status":"","sticky":false,"template":"","format":"standard","meta":{"footnotes":""},"categories":[5,12,15],"tags":[],"class_list":["post-30996","post","type-post","status-publish","format-standard","has-post-thumbnail","hentry","category-coahuila","category-cultura","category-gobierno-de-coahuila","wpcat-5-id","wpcat-12-id","wpcat-15-id"],"_links":{"self":[{"href":"https:\/\/www.aquilaguna.com\/index.php\/wp-json\/wp\/v2\/posts\/30996","targetHints":{"allow":["GET"]}}],"collection":[{"href":"https:\/\/www.aquilaguna.com\/index.php\/wp-json\/wp\/v2\/posts"}],"about":[{"href":"https:\/\/www.aquilaguna.com\/index.php\/wp-json\/wp\/v2\/types\/post"}],"author":[{"embeddable":true,"href":"https:\/\/www.aquilaguna.com\/index.php\/wp-json\/wp\/v2\/users\/1"}],"replies":[{"embeddable":true,"href":"https:\/\/www.aquilaguna.com\/index.php\/wp-json\/wp\/v2\/comments?post=30996"}],"version-history":[{"count":1,"href":"https:\/\/www.aquilaguna.com\/index.php\/wp-json\/wp\/v2\/posts\/30996\/revisions"}],"predecessor-version":[{"id":30998,"href":"https:\/\/www.aquilaguna.com\/index.php\/wp-json\/wp\/v2\/posts\/30996\/revisions\/30998"}],"wp:featuredmedia":[{"embeddable":true,"href":"https:\/\/www.aquilaguna.com\/index.php\/wp-json\/wp\/v2\/media\/30997"}],"wp:attachment":[{"href":"https:\/\/www.aquilaguna.com\/index.php\/wp-json\/wp\/v2\/media?parent=30996"}],"wp:term":[{"taxonomy":"category","embeddable":true,"href":"https:\/\/www.aquilaguna.com\/index.php\/wp-json\/wp\/v2\/categories?post=30996"},{"taxonomy":"post_tag","embeddable":true,"href":"https:\/\/www.aquilaguna.com\/index.php\/wp-json\/wp\/v2\/tags?post=30996"}],"curies":[{"name":"wp","href":"https:\/\/api.w.org\/{rel}","templated":true}]}}