{"id":31542,"date":"2026-04-24T22:07:40","date_gmt":"2026-04-25T04:07:40","guid":{"rendered":"https:\/\/www.aquilaguna.com\/?p=31542"},"modified":"2026-04-24T22:07:40","modified_gmt":"2026-04-25T04:07:40","slug":"el-pri-coahuila-muestra-musculo-en-torreon-rinden-protesta-candidatos-a-diputados-locales","status":"publish","type":"post","link":"https:\/\/www.aquilaguna.com\/index.php\/2026\/04\/24\/el-pri-coahuila-muestra-musculo-en-torreon-rinden-protesta-candidatos-a-diputados-locales\/","title":{"rendered":"El PRI Coahuila muestra m\u00fasculo en Torre\u00f3n: rinden protesta candidatos a diputados locales."},"content":{"rendered":"\n<p>Torre\u00f3n, Coahuila.- Con la singular emoci\u00f3n que imprime como sello el viejo Partido Revolucionario Institucional, que en Coahuila sigue vigente, esta tarde miles de militantes laguneros y sus dirigentes estatales estuvieron presentes en la rendici\u00f3n de protesta de las duplas de candidatos titulares y suplentes seleccionadas para representar sus siglas en la contienda electoral en marcha, la cual culminar\u00e1 el pr\u00f3ximo 7 de junio para renovar el Poder Legislativo estatal.<\/p>\n\n\n\n<p>La Velaria del Bosque Urbano result\u00f3 insuficiente para dar cabida a los participantes. La algarab\u00eda singulariz\u00f3 el ambiente generado a favor de las siglas que los arropan en el \u00e1mbito partidista, lo cual pudieron constatar desde el pres\u00eddium los operadores, dirigentes, alcaldes y miembros de la organizaci\u00f3n. En este grupo destac\u00f3 el retorno a la visibilidad p\u00fablica del l\u00edder social, profesor Mario Cepeda Ram\u00edrez.<\/p>\n\n\n\n<p>El punto culminante se registr\u00f3 al arribo del l\u00edder estatal, Carlos Robles Lostanau, as\u00ed como de su secretario, licenciado Diego Rodr\u00edguez Canales. Este acto sirvi\u00f3 de marco para hacer la presentaci\u00f3n p\u00fablica del licenciado Fernando Sim\u00f3n Guti\u00e9rrez como delegado regional del PRI para la zona lagunera de Coahuila.<\/p>\n\n\n\n<p>El tema central de la toma de protesta incluy\u00f3 a las f\u00f3rmulas seleccionadas para el Distrito 08 con Ximena Villarreal Blake -una de las m\u00e1s j\u00f3venes participantes-, quien tendr\u00e1 como suplente a la maestra Ruth Idalia Ant\u00fanez; en el Distrito 09 la participante ser\u00e1 la licenciada Ver\u00f3nica Mart\u00ednez; el Distrito 10 estar\u00e1 a cargo del licenciado Felipe Gonz\u00e1lez, mientras que en el Distrito 11 la propuesta correr\u00e1 a cargo de Hugo D\u00e1vila Prado. En este acto tambi\u00e9n se tom\u00f3 la protesta de rigor a quienes contender\u00e1n en el Distrito 04, que encabeza Cristina Amezcua, y al Distrito 07, liderado por Sol Mar\u00eda Luna Adame.<\/p>\n\n\n\n<p><strong>Robles Lostanau.<\/strong><\/p>\n\n\n\n<p>Correspondi\u00f3 al se\u00f1or Carlos Robles Lostanau pronunciar el discurso central. Dirigi\u00e9ndose a la audiencia, expres\u00f3: &#8220;Compa\u00f1eras y compa\u00f1eros, hoy no es un d\u00eda cualquiera; es un d\u00eda que se siente en la piel y que marca el rumbo. Hoy estamos aqu\u00ed hombres y mujeres de car\u00e1cter, de visi\u00f3n y de territorio, pero sobre todo, hombres y mujeres que jam\u00e1s han fallado cuando Coahuila los necesita&#8221;.<\/p>\n\n\n\n<p>Agradeci\u00f3 a los presentes por &#8220;dar la cara, por construir y nunca abandonar la causa&#8221;. Salud\u00f3 a quien represent\u00f3 al alcalde de Torre\u00f3n en este acto, el licenciado Eduardo Olmos Castro, as\u00ed como a los candidatos, a Diego Rodr\u00edguez, a su amigo &#8220;Guti&#8221; Guti\u00e9rrez y a la diputada Olivia Mart\u00ednez. &#8220;Este d\u00eda hay que decirlo como es, con orgullo y sin titubeos: aqu\u00ed est\u00e1 lo mejor del PRI, su fuerza y su futuro. Aqu\u00ed hay un partido vivo, firme y de pie, listo para salir con todo para enfrentar con dignidad y ganar el carro completo&#8221;, enfatiz\u00f3.<\/p>\n\n\n\n<p>Bajo el coreo de la frase &#8220;s\u00ed se puede&#8221;, Robles destac\u00f3 que en sus candidatos no hay improvisaci\u00f3n, sino trayectorias y resultados de quienes conocen su tierra y recorren sus colonias contando con el apoyo del pueblo.<\/p>\n\n\n\n<p><strong>Diego Rodr\u00edguez Canales.<\/strong><\/p>\n\n\n\n<p>Por su parte, el licenciado Diego Rodr\u00edguez Canales, cuya intervenci\u00f3n cerr\u00f3 el acto, expres\u00f3: &#8220;Que se escuche siempre que hoy, desde Torre\u00f3n y desde Coahuila, damos un paso al frente para defender a M\u00e9xico y para defender lo mucho que nos ha costado tener en Coahuila la seguridad, el desarrollo y la calidad de vida que hoy tenemos en nuestro estado&#8221;.<\/p>\n\n\n\n<p>Afirm\u00f3 que Coahuila es un ejemplo nacional y un referente, lo cual es resultado del trabajo en equipo entre la ciudadan\u00eda y los buenos gobiernos del PRI. &#8220;La calidad de vida que hoy tenemos se construy\u00f3 con esfuerzo, no con ocurrencias; no fue con improvisaci\u00f3n, sino porque Manolo cumple. Aqu\u00ed tenemos un gobernador que le echa con todo para defender la calidad de vida, porque aqu\u00ed hay futuro y resultados porque Manolo, nuestro m\u00e1ximo orgullo, trabaja en equipo&#8221;, se\u00f1al\u00f3.<\/p>\n\n\n\n<p>Prosigui\u00f3 mencionando que lo que est\u00e1 en juego no es una elecci\u00f3n m\u00e1s, sino la estabilidad y el futuro de Coahuila, el cual se defiende desde el Congreso del Estado. &#8220;El Congreso es la trinchera desde donde se blinda nuestro estado para que sigamos siendo una tierra de paz y oportunidades. Ah\u00ed se define el presupuesto de la seguridad, de la educaci\u00f3n, de la salud, de la mujer y de los programas sociales. Manolo necesita aliados, por eso tenemos a los mejores candidatos&#8221;.<\/p>\n\n\n\n<p>Termin\u00f3 lanzando varios &#8220;vivas&#8221; coreados por la audiencia y agreg\u00f3 que, &#8220;para que Coahuila siga pa&#8217;delante, es necesario ganar el Congreso local para apoyar los proyectos del gobernador y del alcalde Rom\u00e1n Alberto Cepeda, trabajando siempre en equipo&#8221;.<\/p>\n","protected":false},"excerpt":{"rendered":"<p>Torre\u00f3n, Coahuila.- Con la singular emoci\u00f3n que imprime como sello el viejo Partido Revolucionario Institucional, que en Coahuila sigue vigente, esta tarde miles de militantes laguneros y sus dirigentes estatales estuvieron presentes en la rendici\u00f3n de protesta de las duplas de candidatos titulares y suplentes seleccionadas para representar sus siglas en la contienda electoral en marcha, la cual culminar\u00e1 el pr\u00f3ximo 7 de junio para renovar el Poder Legislativo estatal&#8230;.<\/p>\n","protected":false},"author":2,"featured_media":0,"comment_status":"closed","ping_status":"","sticky":false,"template":"","format":"standard","meta":{"footnotes":""},"categories":[5,42,28,16,7],"tags":[],"class_list":["post-31542","post","type-post","status-publish","format-standard","hentry","category-coahuila","category-elecciones","category-la-laguna","category-pri","category-torreon","wpcat-5-id","wpcat-42-id","wpcat-28-id","wpcat-16-id","wpcat-7-id"],"_links":{"self":[{"href":"https:\/\/www.aquilaguna.com\/index.php\/wp-json\/wp\/v2\/posts\/31542","targetHints":{"allow":["GET"]}}],"collection":[{"href":"https:\/\/www.aquilaguna.com\/index.php\/wp-json\/wp\/v2\/posts"}],"about":[{"href":"https:\/\/www.aquilaguna.com\/index.php\/wp-json\/wp\/v2\/types\/post"}],"author":[{"embeddable":true,"href":"https:\/\/www.aquilaguna.com\/index.php\/wp-json\/wp\/v2\/users\/2"}],"replies":[{"embeddable":true,"href":"https:\/\/www.aquilaguna.com\/index.php\/wp-json\/wp\/v2\/comments?post=31542"}],"version-history":[{"count":1,"href":"https:\/\/www.aquilaguna.com\/index.php\/wp-json\/wp\/v2\/posts\/31542\/revisions"}],"predecessor-version":[{"id":31543,"href":"https:\/\/www.aquilaguna.com\/index.php\/wp-json\/wp\/v2\/posts\/31542\/revisions\/31543"}],"wp:attachment":[{"href":"https:\/\/www.aquilaguna.com\/index.php\/wp-json\/wp\/v2\/media?parent=31542"}],"wp:term":[{"taxonomy":"category","embeddable":true,"href":"https:\/\/www.aquilaguna.com\/index.php\/wp-json\/wp\/v2\/categories?post=31542"},{"taxonomy":"post_tag","embeddable":true,"href":"https:\/\/www.aquilaguna.com\/index.php\/wp-json\/wp\/v2\/tags?post=31542"}],"curies":[{"name":"wp","href":"https:\/\/api.w.org\/{rel}","templated":true}]}}