{"id":31590,"date":"2026-04-28T21:27:40","date_gmt":"2026-04-29T03:27:40","guid":{"rendered":"https:\/\/www.aquilaguna.com\/?p=31590"},"modified":"2026-04-28T21:27:40","modified_gmt":"2026-04-29T03:27:40","slug":"blindan-programas-sociales-en-torreon-cepeda-destaca-tambien-el-centro-cultural-del-norte","status":"publish","type":"post","link":"https:\/\/www.aquilaguna.com\/index.php\/2026\/04\/28\/blindan-programas-sociales-en-torreon-cepeda-destaca-tambien-el-centro-cultural-del-norte\/","title":{"rendered":"Blindan programas sociales en Torre\u00f3n; Cepeda destaca tambi\u00e9n el Centro Cultural del Norte."},"content":{"rendered":"\n<p>Torre\u00f3n, Coahuila.- La administraci\u00f3n a cargo del licenciado Rom\u00e1n Alberto Cepeda Gonz\u00e1lez puso en marcha este d\u00eda los programas sociales con un monto de 150 millones de pesos, que estar\u00e1n impactando en el mejoramiento de las condiciones de vida de la poblaci\u00f3n vulnerable en este municipio. Asegura, adem\u00e1s, que tal operaci\u00f3n se encuentra &#8220;blindada&#8221;, aun cuando la dispersi\u00f3n de recursos ser\u00e1 casi simult\u00e1nea al tiempo destinado, a lo largo del mes de mayo, a la elecci\u00f3n para elegir el pr\u00f3ximo Congreso del Estado.<\/p>\n\n\n\n<p>El edil asegur\u00f3, tras recordar que ser\u00e1 el pr\u00f3ximo martes cuando las campa\u00f1as pol\u00edtico-electorales se inicien de manera p\u00fablica, &#8220;la importancia de continuar con los proyectos y la entrega de apoyos como huevo, leche y material de construcci\u00f3n, entre otros, a los beneficiarios; todo ello apegado a derecho y a la ley&#8221;.<\/p>\n\n\n\n<p>&#8220;Las necesidades no cesan y es importante que como gobierno coordinemos esfuerzos para poder atender lo que la ciudadan\u00eda demanda&#8221;, insisti\u00f3, reiterando que se actuar\u00e1 conforme a derecho en medio de un proceso electoral. Preguntado sobre en qu\u00e9 consistir\u00e1 &#8220;el blindaje&#8221;, reiter\u00f3 que este &#8220;ser\u00e1 el apego estricto a lo dispuesto por la ley, tal como est\u00e1 proyectado, sin publicitar la operaci\u00f3n en marcha, incluso en los programas que ya se anticiparon&#8221;.<\/p>\n\n\n\n<p>&#8220;Entiendo que se debe cuidar la promoci\u00f3n de cualquier programa social. Si hay arranques, se har\u00e1 conforme a derecho y a los reglamentos del INE&#8221;, afirm\u00f3. Indic\u00f3 que la instrucci\u00f3n a sus funcionarios es la de &#8220;cuidarse&#8221;, se\u00f1alando que &#8220;no es la primera vez que participan en una elecci\u00f3n. La instrucci\u00f3n incluye atender puntualmente las recomendaciones y mantener la vigilancia a trav\u00e9s de la Contralor\u00eda. Se les ha dicho al respecto para que esta administraci\u00f3n no registre ning\u00fan conflicto de car\u00e1cter electoral. Nosotros estamos para servir a toda la ciudadan\u00eda&#8221;, asegur\u00f3.<\/p>\n\n\n\n<p><strong>Centro Cultural del Norte<\/strong>.<\/p>\n\n\n\n<p>Asegur\u00f3 luego que es fundamental poner al alcance de los torreonenses el acceso a la cultura y el arte, al comentar la puesta en marcha ayer por la tarde del proyecto del Centro Cultural del Norte. Este formar\u00e1 parte del Distrito Revoluci\u00f3n, el cual quiz\u00e1s constituye la obra m\u00e1s trascendente de la administraci\u00f3n a su cargo.<\/p>\n\n\n\n<p>Dijo que en tal espacio todos los torreonenses -ni\u00f1os, ni\u00f1as y adultos-, podr\u00e1n acceder a clases de m\u00fasica, baile, idiomas o de cualquier otro orden de los que se van a impartir ah\u00ed. Consider\u00f3 vital este proyecto, &#8220;ya que tiene como objeto contribuir a una mejor comunidad no solo en el presente, sino en el corto, mediano y largo plazo&#8221;.<\/p>\n\n\n\n<p>Se\u00f1al\u00f3 que su administraci\u00f3n trabaja con &#8220;temas hist\u00f3ricos&#8221; que tienen una vigencia de varias d\u00e9cadas. Mencion\u00f3 entre estos los del drenaje y los rezagos en pavimentaci\u00f3n, aclarando que no son problemas de hace dos o tres a\u00f1os. Consider\u00f3 fundamental &#8220;atenderlos y avanzar en este camino para ir recuperando terreno y tener mejores calles, as\u00ed como mejores condiciones de abasto de agua&#8221;.<\/p>\n\n\n\n<p>Finalmente, indic\u00f3 que el tema de la seguridad merece atenci\u00f3n no solo con puntualidad, &#8220;sino con total claridad, pues sin seguridad no hay sociedad ni comunidad, y no se generan empleos, empresas ni gente que acuda a visitar los espacios p\u00fablicos. Creo, pues, que la seguridad es y seguir\u00e1 siendo el eje n\u00famero uno de mi gobierno&#8221;, concluy\u00f3.<\/p>\n","protected":false},"excerpt":{"rendered":"<p>Torre\u00f3n, Coahuila.- La administraci\u00f3n a cargo del licenciado Rom\u00e1n Alberto Cepeda Gonz\u00e1lez puso en marcha este d\u00eda los programas sociales con un monto de 150 millones de pesos, que estar\u00e1n impactando en el mejoramiento de las condiciones de vida de la poblaci\u00f3n vulnerable en este municipio. Asegura, adem\u00e1s, que tal operaci\u00f3n se encuentra &#8220;blindada&#8221;, aun cuando la dispersi\u00f3n de recursos ser\u00e1 casi simult\u00e1nea al tiempo destinado, a lo largo del&#8230;<\/p>\n","protected":false},"author":2,"featured_media":0,"comment_status":"closed","ping_status":"","sticky":false,"template":"","format":"standard","meta":{"footnotes":""},"categories":[5,12,42,28,7],"tags":[],"class_list":["post-31590","post","type-post","status-publish","format-standard","hentry","category-coahuila","category-cultura","category-elecciones","category-la-laguna","category-torreon","wpcat-5-id","wpcat-12-id","wpcat-42-id","wpcat-28-id","wpcat-7-id"],"_links":{"self":[{"href":"https:\/\/www.aquilaguna.com\/index.php\/wp-json\/wp\/v2\/posts\/31590","targetHints":{"allow":["GET"]}}],"collection":[{"href":"https:\/\/www.aquilaguna.com\/index.php\/wp-json\/wp\/v2\/posts"}],"about":[{"href":"https:\/\/www.aquilaguna.com\/index.php\/wp-json\/wp\/v2\/types\/post"}],"author":[{"embeddable":true,"href":"https:\/\/www.aquilaguna.com\/index.php\/wp-json\/wp\/v2\/users\/2"}],"replies":[{"embeddable":true,"href":"https:\/\/www.aquilaguna.com\/index.php\/wp-json\/wp\/v2\/comments?post=31590"}],"version-history":[{"count":1,"href":"https:\/\/www.aquilaguna.com\/index.php\/wp-json\/wp\/v2\/posts\/31590\/revisions"}],"predecessor-version":[{"id":31591,"href":"https:\/\/www.aquilaguna.com\/index.php\/wp-json\/wp\/v2\/posts\/31590\/revisions\/31591"}],"wp:attachment":[{"href":"https:\/\/www.aquilaguna.com\/index.php\/wp-json\/wp\/v2\/media?parent=31590"}],"wp:term":[{"taxonomy":"category","embeddable":true,"href":"https:\/\/www.aquilaguna.com\/index.php\/wp-json\/wp\/v2\/categories?post=31590"},{"taxonomy":"post_tag","embeddable":true,"href":"https:\/\/www.aquilaguna.com\/index.php\/wp-json\/wp\/v2\/tags?post=31590"}],"curies":[{"name":"wp","href":"https:\/\/api.w.org\/{rel}","templated":true}]}}