{"id":31601,"date":"2026-04-29T19:09:11","date_gmt":"2026-04-30T01:09:11","guid":{"rendered":"https:\/\/www.aquilaguna.com\/?p=31601"},"modified":"2026-04-29T19:09:11","modified_gmt":"2026-04-30T01:09:11","slug":"realizan-en-la-uadec-unidad-laguna-el-foro-de-sustentabilidad-eco-diversidad-2026","status":"publish","type":"post","link":"https:\/\/www.aquilaguna.com\/index.php\/2026\/04\/29\/realizan-en-la-uadec-unidad-laguna-el-foro-de-sustentabilidad-eco-diversidad-2026\/","title":{"rendered":"Realizan en la UAdeC Unidad Laguna el Foro de Sustentabilidad \u201cEco Diversidad 2026\u201d."},"content":{"rendered":"\n<p>TORRE\u00d3N, Coahuila. 29 de abril de 2026. Con el prop\u00f3sito de compartir<br>conocimientos y abrir un espacio de di\u00e1logo para abordar el tema \u201cCalidad del Aire y<br>Contaminaci\u00f3n Ac\u00fastica en la Zona Metropolitana de la Laguna\u201d, se llev\u00f3 a cabo en<br>el Foro de Sustentabilidad \u201cEco Diversidad 2026\u201d, organizado por la Universidad<br>Aut\u00f3noma de Coahuila, a trav\u00e9s de la Coordinaci\u00f3n General de Sustentabilidad<br>Universitaria, en colaboraci\u00f3n con la Coordinaci\u00f3n Unidad Laguna, Mujeres en la<br>Ciencia y el Tecnol\u00f3gico Nacional de M\u00e9xico (TECNM) Campus Laguna.<\/p>\n\n\n\n<p>El evento se desarroll\u00f3 en la Infoteca \u201cLe\u00f3n Felipe\u201d de Ciudad Universitaria Campus<br>Torre\u00f3n, a donde asisti\u00f3 el coordinador de Unidad Laguna, Omar Rojas Zapata, el<br>catedr\u00e1tico e investigador de la Facultad de Ciencias Biol\u00f3gicas, Nagamani<br>Balagurusamy.<\/p>\n\n\n\n<p>En representaci\u00f3n de la directora de Ecolog\u00eda del Ayuntamiento de G\u00f3mez Palacio,<br>Ilse Estefan\u00eda Segura Zarzosa, la doctora Perla Patricia Ochoa, asimismo, la docente<br>e investigadora del Tecnol\u00f3gico Nacional de M\u00e9xico Campus Laguna, Kenia Crisp\u00edn<br>Garc\u00eda, docentes, investigadores y estudiantes.<\/p>\n\n\n\n<p>En su mensaje, el coordinador de UL, Omar Rojas Zapata, se\u00f1al\u00f3 que el Foro \u201cEco<br>Diversidad 2026\u201d, representa un espacio para que especialistas y estudiantes<br>puedan dialogar, conocer y compartir conocimientos sobre problem\u00e1ticas que<br>actualmente prevalecen en la regi\u00f3n lagunera como la contaminaci\u00f3n del aire y la<br>contaminaci\u00f3n auditiva.<\/p>\n\n\n\n<p>Agreg\u00f3 que, reflexionar sobre estos temas implica entender que restaurar<br>ecosistemas va m\u00e1s all\u00e1 de una acci\u00f3n t\u00e9cnica, es asumir un compromiso para<br>recuperar el equilibrio, generar conciencia con responsabilidad colectiva, por ello,<br>dijo que la Universidad Aut\u00f3noma de Coahuila le apuesta a generar este tipo de<br>conversaciones entre especialistas y comunidad estudiantil.<\/p>\n\n\n\n<p>Por su parte, la investigadora del Tecnol\u00f3gico Nacional de M\u00e9xico Campus Laguna,<br>Kenia Crisp\u00edn Garc\u00eda, reconoci\u00f3 el esfuerzo para la realizaci\u00f3n y la evoluci\u00f3n del<br>Foro, tambi\u00e9n anticip\u00f3 que los trabajos derivados de esta sesi\u00f3n ser\u00e1n altamente<br>productivos para la zona metropolitana de la Laguna.<\/p>\n\n\n\n<p>Para dar inicio al foro, los especialistas Nagamani Balagurusamy, Ilse Estefan\u00eda<br>Segura Zarzos y Kenia Crisp\u00edn Garc\u00eda, realizaron una breve presentaci\u00f3n en la que<br>compartieron su posicionamiento general sobre la tem\u00e1tica abordada,<br>posteriormente, la moderadora, Mar\u00eda Magdalena G\u00f3mez Guijarro condujo el<br>di\u00e1logo, con el prop\u00f3sito de enriquecer la conversaci\u00f3n, y siguieron con mesas de<br>trabajo, para profundizar en los distintos enfoques y reflexiones expuestos durante la<br>sesi\u00f3n.<\/p>\n","protected":false},"excerpt":{"rendered":"<p>TORRE\u00d3N, Coahuila. 29 de abril de 2026. Con el prop\u00f3sito de compartirconocimientos y abrir un espacio de di\u00e1logo para abordar el tema \u201cCalidad del Aire yContaminaci\u00f3n Ac\u00fastica en la Zona Metropolitana de la Laguna\u201d, se llev\u00f3 a cabo enel Foro de Sustentabilidad \u201cEco Diversidad 2026\u201d, organizado por la UniversidadAut\u00f3noma de Coahuila, a trav\u00e9s de la Coordinaci\u00f3n General de SustentabilidadUniversitaria, en colaboraci\u00f3n con la Coordinaci\u00f3n Unidad Laguna, Mujeres en laCiencia y&#8230;<\/p>\n","protected":false},"author":1,"featured_media":31602,"comment_status":"closed","ping_status":"","sticky":false,"template":"","format":"standard","meta":{"footnotes":""},"categories":[7,2],"tags":[],"class_list":["post-31601","post","type-post","status-publish","format-standard","has-post-thumbnail","hentry","category-torreon","category-uadec","wpcat-7-id","wpcat-2-id"],"_links":{"self":[{"href":"https:\/\/www.aquilaguna.com\/index.php\/wp-json\/wp\/v2\/posts\/31601","targetHints":{"allow":["GET"]}}],"collection":[{"href":"https:\/\/www.aquilaguna.com\/index.php\/wp-json\/wp\/v2\/posts"}],"about":[{"href":"https:\/\/www.aquilaguna.com\/index.php\/wp-json\/wp\/v2\/types\/post"}],"author":[{"embeddable":true,"href":"https:\/\/www.aquilaguna.com\/index.php\/wp-json\/wp\/v2\/users\/1"}],"replies":[{"embeddable":true,"href":"https:\/\/www.aquilaguna.com\/index.php\/wp-json\/wp\/v2\/comments?post=31601"}],"version-history":[{"count":1,"href":"https:\/\/www.aquilaguna.com\/index.php\/wp-json\/wp\/v2\/posts\/31601\/revisions"}],"predecessor-version":[{"id":31603,"href":"https:\/\/www.aquilaguna.com\/index.php\/wp-json\/wp\/v2\/posts\/31601\/revisions\/31603"}],"wp:featuredmedia":[{"embeddable":true,"href":"https:\/\/www.aquilaguna.com\/index.php\/wp-json\/wp\/v2\/media\/31602"}],"wp:attachment":[{"href":"https:\/\/www.aquilaguna.com\/index.php\/wp-json\/wp\/v2\/media?parent=31601"}],"wp:term":[{"taxonomy":"category","embeddable":true,"href":"https:\/\/www.aquilaguna.com\/index.php\/wp-json\/wp\/v2\/categories?post=31601"},{"taxonomy":"post_tag","embeddable":true,"href":"https:\/\/www.aquilaguna.com\/index.php\/wp-json\/wp\/v2\/tags?post=31601"}],"curies":[{"name":"wp","href":"https:\/\/api.w.org\/{rel}","templated":true}]}}