{"id":31604,"date":"2026-04-29T19:12:24","date_gmt":"2026-04-30T01:12:24","guid":{"rendered":"https:\/\/www.aquilaguna.com\/?p=31604"},"modified":"2026-04-29T19:12:24","modified_gmt":"2026-04-30T01:12:24","slug":"roman-alberto-cepeda-gonzalez-entrega-recursos-del-forta-2026-a-38-organismos-de-la-sociedad-civil","status":"publish","type":"post","link":"https:\/\/www.aquilaguna.com\/index.php\/2026\/04\/29\/roman-alberto-cepeda-gonzalez-entrega-recursos-del-forta-2026-a-38-organismos-de-la-sociedad-civil\/","title":{"rendered":"Rom\u00e1n Alberto Cepeda Gonz\u00e1lez entrega recursos del Forta 2026 a 38 organismos de la sociedad civil."},"content":{"rendered":"\n<p>Torre\u00f3n, Coahuila. A 29 de abril de 2026.<\/p>\n\n\n\n<p>Este mi\u00e9rcoles, el alcalde Rom\u00e1n Alberto Cepeda Gonz\u00e1lez entreg\u00f3 5.5 millones<br>de pesos, correspondientes al Fondo Municipal de Fortalecimiento para la<br>Infraestructura de los Organismos de la Sociedad Civil de Asistencia Social (Forta)<br>2026, a 38 instituciones que participaron en la convocatoria emitida por el DIF<br>Torre\u00f3n.<\/p>\n\n\n\n<p>El Presidente Municipal destac\u00f3 la unidad y el trabajo compartido entre el gobierno<br>y la sociedad civil para atender a la poblaci\u00f3n m\u00e1s vulnerable, y destac\u00f3 que<br>Torre\u00f3n y Coahuila tienen el mayor n\u00famero de organizaciones no<br>gubernamentales de todo el pa\u00eds.<\/p>\n\n\n\n<p>\u201cEsa voluntad y ese compromiso de la sociedad se manifiesta el d\u00eda de hoy, y en<br>el esfuerzo permanente que le dedican a cada una de sus organizaciones. Es<br>importante que sigamos trabajando conjuntamente por ese 5 por ciento de la<br>poblaci\u00f3n de Torre\u00f3n que padece de alg\u00fan tipo de discapacidad, as\u00ed como por<br>quienes buscan poder accesar a una educaci\u00f3n\u201d, extern\u00f3 el edil.<\/p>\n\n\n\n<p>En ese sentido, el Alcalde expres\u00f3 su reconocimiento a los organismos de la<br>sociedad civil que brindan asistencia social a diferentes causas, y refrend\u00f3 el<br>apoyo de su Administraci\u00f3n para atender en coordinaci\u00f3n tambi\u00e9n con el Gobierno<br>del Estado, a lo m\u00e1s valioso de Torre\u00f3n y de Coahuila: su gente.<\/p>\n\n\n\n<p>Cepeda Gonz\u00e1lez dijo que si bien es importante establecer pol\u00edticas p\u00fablicas en<br>funci\u00f3n de la seguridad y el orden, el empleo, la atracci\u00f3n de empresas e<br>inversiones, as\u00ed como en movilidad, obra p\u00fablica, obra social, el arte, la cultura y<br>deporte, lo m\u00e1s valioso para todo orden de gobierno es atender a la ciudadan\u00eda, y<br>sobre todo, a la poblaci\u00f3n m\u00e1s vulnerable.<\/p>\n\n\n\n<p>\u201cEsa voluntad no se refleja solo en el monto de los 5.5 millones de pesos, se<br>manifiesta en una sociedad que es resiliente, porque despu\u00e9s de ser la quinta<br>ciudad m\u00e1s insegura del mundo, hoy Torre\u00f3n es la segunda ciudad m\u00e1s segura<br>del pa\u00eds, de entre los municipios con m\u00e1s de 500 mil habitantes, y Coahuila es el<br>estado m\u00e1s seguro de todo el pa\u00eds\u201d, se\u00f1al\u00f3.<\/p>\n\n\n\n<p>Indic\u00f3 que las condiciones de seguridad corresponden a la voluntad y la capacidad<br>de coordinar todos los factores de la producci\u00f3n, y trabajar con una sola visi\u00f3n,<br>una sola meta y con una sola ruta que es construir un mejor Torre\u00f3n y tener una<br>sociedad m\u00e1s justa y m\u00e1s equitativa.<\/p>\n\n\n\n<p>La se\u00f1ora Selina Bremer de Cepeda, presidenta Honoraria del DIF Torre\u00f3n,<br>resalt\u00f3 el trabajo coordinado del organismo con la sociedad civil para poder hacer<br>m\u00e1s, brindar m\u00e1s ayuda y dar m\u00e1s atenci\u00f3n a los grupos vulnerables. \u201cJuntos<br>podemos atender diferentes causas y defender sus derechos, valoramos su<br>voluntariado y profesionalismo, as\u00ed como el que siempre est\u00e9n dispuestos a<br>trabajar en beneficio de la sociedad de nuestro querido Torre\u00f3n y de quien m\u00e1s lo<br>necesita\u201d.<\/p>\n\n\n\n<p>Dijo que el Forta es de gran apoyo para que los organismos puedan mejorar y<br>crecer tanto en infraestructura como en atenci\u00f3n a sus beneficiarios, y que gracias<br>al gran compromiso del Alcalde, cada vez se han sumado m\u00e1s beneficios. \u201cAl<br>segundo a\u00f1o de su administraci\u00f3n, despu\u00e9s de 16 a\u00f1os, se aument\u00f3 el monto<br>total de apoyo de 4 a 5 millones de pesos, y este a\u00f1o 500 mil pesos m\u00e1s\u201d.<\/p>\n\n\n\n<p>Por su parte, Rosaura de Bel\u00e9m Estrella Rivera, Fundadora de Casa Hogar<br>Abr\u00e1zame; en representaci\u00f3n de las OSC&#8217;s, reconoci\u00f3 el esfuerzo del alcalde<br>Rom\u00e1n Cepeda por incrementar el monto del Forta, y coincidi\u00f3 en que la<br>coordinaci\u00f3n entre gobierno y sociedad civil es indispensable para atender m\u00e1s<br>causas.<\/p>\n\n\n\n<p>Dijo que el acompa\u00f1amiento institucional fortalece no solo la capacidad de<br>atenci\u00f3n, sino tambi\u00e9n permite dar continuidad, mejorar las condiciones y<br>dignificar los espacios donde se atienden a la poblaci\u00f3n vulnerable.<\/p>\n\n\n\n<p>\u201cReconocemos y agradecemos este gran esfuerzo que se traducen mejores<br>oportunidades para quienes m\u00e1s lo necesitan, en nosotros siempre encontrar\u00e1n<br>con un aliado permanente. La reconstrucci\u00f3n del tejido social requiere voluntad y<br>trabajo conjunto entre gobierno y sociedad civil, lo verdaderamente importante es<br>que cada individuo tenga acceso a un entorno seguro, digno y lleno de<br>oportunidades y esto lo hace posible\u201d, resalt\u00f3.<\/p>\n\n\n\n<p>Estuvieron tambi\u00e9n presentes: Eduardo Olmos Castro, secretario del<br>Ayuntamiento de Torre\u00f3n; Luis Jorge Cuerda, Primer Regidor; Javier Lechuga<br>Jim\u00e9nez Labora, Tesorero Municipal; Marlene Mart\u00ednez Vald\u00e9s, directora de DIF<br>Torre\u00f3n; Ver\u00f3nica Soto D\u00edas, coordinadora del Telef\u00e9rico; y Sofia Rodr\u00edguez Cano,<br>HECAT (Hermandad Educativa del Colegio Americano de Torre\u00f3n).<\/p>\n","protected":false},"excerpt":{"rendered":"<p>Torre\u00f3n, Coahuila. A 29 de abril de 2026. Este mi\u00e9rcoles, el alcalde Rom\u00e1n Alberto Cepeda Gonz\u00e1lez entreg\u00f3 5.5 millonesde pesos, correspondientes al Fondo Municipal de Fortalecimiento para laInfraestructura de los Organismos de la Sociedad Civil de Asistencia Social (Forta)2026, a 38 instituciones que participaron en la convocatoria emitida por el DIFTorre\u00f3n. El Presidente Municipal destac\u00f3 la unidad y el trabajo compartido entre el gobiernoy la sociedad civil para atender a&#8230;<\/p>\n","protected":false},"author":1,"featured_media":31605,"comment_status":"closed","ping_status":"","sticky":false,"template":"","format":"standard","meta":{"footnotes":""},"categories":[5,28,7],"tags":[],"class_list":["post-31604","post","type-post","status-publish","format-standard","has-post-thumbnail","hentry","category-coahuila","category-la-laguna","category-torreon","wpcat-5-id","wpcat-28-id","wpcat-7-id"],"_links":{"self":[{"href":"https:\/\/www.aquilaguna.com\/index.php\/wp-json\/wp\/v2\/posts\/31604","targetHints":{"allow":["GET"]}}],"collection":[{"href":"https:\/\/www.aquilaguna.com\/index.php\/wp-json\/wp\/v2\/posts"}],"about":[{"href":"https:\/\/www.aquilaguna.com\/index.php\/wp-json\/wp\/v2\/types\/post"}],"author":[{"embeddable":true,"href":"https:\/\/www.aquilaguna.com\/index.php\/wp-json\/wp\/v2\/users\/1"}],"replies":[{"embeddable":true,"href":"https:\/\/www.aquilaguna.com\/index.php\/wp-json\/wp\/v2\/comments?post=31604"}],"version-history":[{"count":1,"href":"https:\/\/www.aquilaguna.com\/index.php\/wp-json\/wp\/v2\/posts\/31604\/revisions"}],"predecessor-version":[{"id":31606,"href":"https:\/\/www.aquilaguna.com\/index.php\/wp-json\/wp\/v2\/posts\/31604\/revisions\/31606"}],"wp:featuredmedia":[{"embeddable":true,"href":"https:\/\/www.aquilaguna.com\/index.php\/wp-json\/wp\/v2\/media\/31605"}],"wp:attachment":[{"href":"https:\/\/www.aquilaguna.com\/index.php\/wp-json\/wp\/v2\/media?parent=31604"}],"wp:term":[{"taxonomy":"category","embeddable":true,"href":"https:\/\/www.aquilaguna.com\/index.php\/wp-json\/wp\/v2\/categories?post=31604"},{"taxonomy":"post_tag","embeddable":true,"href":"https:\/\/www.aquilaguna.com\/index.php\/wp-json\/wp\/v2\/tags?post=31604"}],"curies":[{"name":"wp","href":"https:\/\/api.w.org\/{rel}","templated":true}]}}