{"id":31607,"date":"2026-04-29T19:13:36","date_gmt":"2026-04-30T01:13:36","guid":{"rendered":"https:\/\/www.aquilaguna.com\/?p=31607"},"modified":"2026-04-29T19:13:36","modified_gmt":"2026-04-30T01:13:36","slug":"celebran-el-dia-del-nino-dif-torreon-y-dif-coahuila-con-feria-de-la-inclusion-en-bosque-urbano","status":"publish","type":"post","link":"https:\/\/www.aquilaguna.com\/index.php\/2026\/04\/29\/celebran-el-dia-del-nino-dif-torreon-y-dif-coahuila-con-feria-de-la-inclusion-en-bosque-urbano\/","title":{"rendered":"Celebran el D\u00eda del Ni\u00f1o DIF Torre\u00f3n y DIF Coahuila con Feria de la Inclusi\u00f3n en Bosque Urbano."},"content":{"rendered":"\n<p>Torre\u00f3n, Coahuila. A 29 de abril de 2026.<\/p>\n\n\n\n<p>En el marco de los festejos por el D\u00eda del Ni\u00f1o, ayer por la tarde se llev\u00f3 a cabo<br>una gran celebraci\u00f3n organizada de manera conjunta por el DIF Coahuila y el DIF<br>Torre\u00f3n en el Bosque Urbano, donde se registr\u00f3 la asistencia de m\u00e1s de 5 mil<br>personas, entre ellas alrededor de 3 mil ni\u00f1as y ni\u00f1os atendidos en diversos<br>organismos de la sociedad civil y Centros de Atenci\u00f3n M\u00faltiple.<\/p>\n\n\n\n<p>La se\u00f1ora Selina Bremer de Cepeda, presidenta honoraria de DIF Torre\u00f3n, brind\u00f3<br>el mensaje de bienvenida y agradeci\u00f3 la presencia de la presidenta honoraria de<br>DIF Coahuila, Liliana Salinas Vald\u00e9s, as\u00ed como de la se\u00f1ora Paola Rodr\u00edguez, por<br>sumar esfuerzos para hacer posible este festejo dedicado a la ni\u00f1ez lagunera.<br>Asimismo, transmiti\u00f3 un saludo del alcalde Rom\u00e1n Alberto Cepeda Gonz\u00e1lez para<br>todas las ni\u00f1as y ni\u00f1os de Torre\u00f3n, invit\u00e1ndolos a seguir jugando, aprendiendo y<br>creciendo en un entorno saludable.<\/p>\n\n\n\n<p>\u201cPara nuestro alcalde Rom\u00e1n Alberto Cepeda Gonz\u00e1lez, las ni\u00f1as y los ni\u00f1os son<br>una prioridad. Por ello seguimos trabajando todos los d\u00edas para construir una<br>ciudad con m\u00e1s oportunidades, espacios seguros y mejores condiciones para su<br>desarrollo integral\u201d, expres\u00f3 Selina Bremer de Cepeda.<\/p>\n\n\n\n<p>Por su parte, la presidenta honoraria de DIF Coahuila Liliana Salinas Vald\u00e9s<br>destac\u00f3 la importancia de celebrar a la ni\u00f1ez coahuilense y se\u00f1al\u00f3 que en esta<br>ocasi\u00f3n se realiz\u00f3 una Feria de la Inclusi\u00f3n con la participaci\u00f3n de 14 organismos<br>de la sociedad civil, quienes ofrecieron actividades l\u00fadicas y sensoriales para<br>promover la convivencia y el aprendizaje. Adem\u00e1s, el Centro Integral de<br>Discapacidad Abriendo Caminos del DIF Torre\u00f3n instal\u00f3 una rampa de<br>sensibilizaci\u00f3n para mostrar los retos cotidianos que enfrentan las personas con<br>discapacidad, como parte de su programa de Vida Independiente.<\/p>\n\n\n\n<p>\u201cHoy celebramos a nuestras ni\u00f1as y ni\u00f1os con alegr\u00eda, pero tambi\u00e9n con acciones<br>que fomentan valores como la inclusi\u00f3n, el respeto y la empat\u00eda. Queremos que<br>cada menor en Coahuila crezca feliz y con igualdad de oportunidades\u201d, manifest\u00f3<br>Liliana Salinas Vald\u00e9s.<\/p>\n\n\n\n<p>Al finalizar el recorrido por los stands de la Feria de la Inclusi\u00f3n, las ni\u00f1as y ni\u00f1os<br>recibieron un bolo y un bal\u00f3n por parte del DIF Torre\u00f3n y DIF Coahuila. Adem\u00e1s,<br>en distintos espacios del Bosque Urbano se instalaron m\u00f3dulos de comida gratuita<br>con burritos, hot dogs, paletas, papas, palomitas y bebidas.<\/p>\n\n\n\n<p>En esta gran celebraci\u00f3n participaron tambi\u00e9n la CANIRAC Laguna y 13<br>instituciones educativas. Asimismo, asisti\u00f3 la licenciada Lorena Villavicencio<br>Ayala, secretaria ejecutiva del Sistema Nacional de Protecci\u00f3n Integral de Ni\u00f1as,<br>Ni\u00f1os y Adolescentes, quien present\u00f3 el video de la canci\u00f3n Somos SIPINNA, en<br>la que participaron cinco ni\u00f1as, ni\u00f1os y adolescentes de Coahuila.<\/p>\n\n\n\n<p>Durante la jornada tambi\u00e9n se ofrecieron juegos mec\u00e1nicos gratuitos para las<br>familias asistentes, consolidando una fiesta llena de alegr\u00eda, convivencia e<br>inclusi\u00f3n, con una concurrencia superior a las 5 mil personas en todo el Bosque<br>Urbano celebrando a las ni\u00f1as y ni\u00f1os de Torre\u00f3n y Coahuila.<\/p>\n","protected":false},"excerpt":{"rendered":"<p>Torre\u00f3n, Coahuila. A 29 de abril de 2026. En el marco de los festejos por el D\u00eda del Ni\u00f1o, ayer por la tarde se llev\u00f3 a cabouna gran celebraci\u00f3n organizada de manera conjunta por el DIF Coahuila y el DIFTorre\u00f3n en el Bosque Urbano, donde se registr\u00f3 la asistencia de m\u00e1s de 5 milpersonas, entre ellas alrededor de 3 mil ni\u00f1as y ni\u00f1os atendidos en diversosorganismos de la sociedad civil&#8230;<\/p>\n","protected":false},"author":1,"featured_media":31608,"comment_status":"closed","ping_status":"","sticky":false,"template":"","format":"standard","meta":{"footnotes":""},"categories":[5,28,7],"tags":[],"class_list":["post-31607","post","type-post","status-publish","format-standard","has-post-thumbnail","hentry","category-coahuila","category-la-laguna","category-torreon","wpcat-5-id","wpcat-28-id","wpcat-7-id"],"_links":{"self":[{"href":"https:\/\/www.aquilaguna.com\/index.php\/wp-json\/wp\/v2\/posts\/31607","targetHints":{"allow":["GET"]}}],"collection":[{"href":"https:\/\/www.aquilaguna.com\/index.php\/wp-json\/wp\/v2\/posts"}],"about":[{"href":"https:\/\/www.aquilaguna.com\/index.php\/wp-json\/wp\/v2\/types\/post"}],"author":[{"embeddable":true,"href":"https:\/\/www.aquilaguna.com\/index.php\/wp-json\/wp\/v2\/users\/1"}],"replies":[{"embeddable":true,"href":"https:\/\/www.aquilaguna.com\/index.php\/wp-json\/wp\/v2\/comments?post=31607"}],"version-history":[{"count":1,"href":"https:\/\/www.aquilaguna.com\/index.php\/wp-json\/wp\/v2\/posts\/31607\/revisions"}],"predecessor-version":[{"id":31609,"href":"https:\/\/www.aquilaguna.com\/index.php\/wp-json\/wp\/v2\/posts\/31607\/revisions\/31609"}],"wp:featuredmedia":[{"embeddable":true,"href":"https:\/\/www.aquilaguna.com\/index.php\/wp-json\/wp\/v2\/media\/31608"}],"wp:attachment":[{"href":"https:\/\/www.aquilaguna.com\/index.php\/wp-json\/wp\/v2\/media?parent=31607"}],"wp:term":[{"taxonomy":"category","embeddable":true,"href":"https:\/\/www.aquilaguna.com\/index.php\/wp-json\/wp\/v2\/categories?post=31607"},{"taxonomy":"post_tag","embeddable":true,"href":"https:\/\/www.aquilaguna.com\/index.php\/wp-json\/wp\/v2\/tags?post=31607"}],"curies":[{"name":"wp","href":"https:\/\/api.w.org\/{rel}","templated":true}]}}