{"id":31624,"date":"2026-04-30T11:56:05","date_gmt":"2026-04-30T17:56:05","guid":{"rendered":"https:\/\/www.aquilaguna.com\/?p=31624"},"modified":"2026-04-30T11:56:05","modified_gmt":"2026-04-30T17:56:05","slug":"celebran-con-actividades-academicas-culturales-y-deportivas-la-semana-lobezno-en-el-immo-de-la-uadec","status":"publish","type":"post","link":"https:\/\/www.aquilaguna.com\/index.php\/2026\/04\/30\/celebran-con-actividades-academicas-culturales-y-deportivas-la-semana-lobezno-en-el-immo-de-la-uadec\/","title":{"rendered":"Celebran con Actividades Acad\u00e9micas, Culturales y Deportivas la Semana Lobezno en el IMMO de la UAdeC."},"content":{"rendered":"\n<p>TORRE\u00d3N, Coahuila. 30 de abril de 2026. El Instituto Manuel Mu\u00f1oz Olivares<br>(IMMO) de la Universidad Aut\u00f3noma de Coahuila, del 27 al 30 de abril lleva a cabo la<br>Tercera Semana Acad\u00e9mica y Cultural \u201cLobezno\u201d, con la finalidad de crear un<br>espacio de interacci\u00f3n acad\u00e9mica y cultural entre estudiantes, docentes y<br>especialistas en diversos temas.<\/p>\n\n\n\n<p>Las actividades acad\u00e9micas, deportivas, art\u00edsticas y culturales, iniciaron el lunes 27<br>de abril con las conferencias \u201cIgualdad Sustantiva\u201d, por la Dra. Lorena Medina<br>Bocanegra; \u201cDerechos Humanos\u201d, impartida por el M.D. Jorge Froto Madariaga;<br>\u201cLiderazgo Transformacional\u201d, a cargo de la Lic. Erika Torres Fabela e \u201cInclusi\u00f3n de<br>la Comunidad LGBTQ+\u201d, por Briana Gonz\u00e1lez.<\/p>\n\n\n\n<p>Adem\u00e1s, \u201cLiderazgo y Seguridad\u201d, a cargo del Lic. Luis Humberto Ram\u00edrez y el Lic.<br>Eduardo Renter\u00eda del Sistema Municipal para el Desarrollo Integral de la Familia de<br>Matamoros (DIF) y \u201cEl dinero no lo es todo\u2026pero casi\u201d, por el C.P. William Flores.<\/p>\n\n\n\n<p>El martes 28 de abril, fueron impartidos los talleres \u201cPi\u00f1atas\u201d, \u201cChefsitos\u201d y \u201cPrimeros<br>Respondientes\u201d, a cargo de la Cruz Roja; \u201cFotograf\u00eda digital\u201d, \u201cDibujo\u201d y<br>\u201cAutomaquillaje\u201d; mientras que el \u00e1rea de las canchas fue sede de demostraciones<br>por parte de elementos de la Direcci\u00f3n de Protecci\u00f3n Civil y una exhibici\u00f3n de la<br>Unidad Canina K9.<\/p>\n\n\n\n<p>Por otra parte, el 29 de abril fue presentada la conferencia magistral \u201cCon el bal\u00f3n en<br>mis pies y el futuro en mi mente\u201d, a cargo de la alumna Renata Ram\u00edrez Espinoza,<br>jugadora profesional del Club Santos Laguna y seleccionada nacional sub-16;<br>tambi\u00e9n se llev\u00f3 a cabo el cuadrangular de f\u00fatbol \u201cCampe\u00f3n de Campeones\u201d y un<br>rally deportivo organizado por alumnos de cuarto semestre, cerrando el d\u00eda con el<br>grupo de m\u00fasica del plantel \u201cNorte\u00f1-IMMO\u201d.<\/p>\n\n\n\n<p>El 30 de abril, la comunidad estudiantil, realiz\u00f3 una labor altruista en el ejido Filipinas<br>en conjunto con el DIF Matamoros, que consisti\u00f3 en la entrega de juguetes y bolos<br>con motivo del D\u00eda del Ni\u00f1o y de la Ni\u00f1a, y finalizaron con una jornada de<br>reforestaci\u00f3n.<\/p>\n","protected":false},"excerpt":{"rendered":"<p>TORRE\u00d3N, Coahuila. 30 de abril de 2026. El Instituto Manuel Mu\u00f1oz Olivares(IMMO) de la Universidad Aut\u00f3noma de Coahuila, del 27 al 30 de abril lleva a cabo laTercera Semana Acad\u00e9mica y Cultural \u201cLobezno\u201d, con la finalidad de crear unespacio de interacci\u00f3n acad\u00e9mica y cultural entre estudiantes, docentes yespecialistas en diversos temas. Las actividades acad\u00e9micas, deportivas, art\u00edsticas y culturales, iniciaron el lunes 27de abril con las conferencias \u201cIgualdad Sustantiva\u201d, por la&#8230;<\/p>\n","protected":false},"author":1,"featured_media":31625,"comment_status":"closed","ping_status":"","sticky":false,"template":"","format":"standard","meta":{"footnotes":""},"categories":[7,2],"tags":[],"class_list":["post-31624","post","type-post","status-publish","format-standard","has-post-thumbnail","hentry","category-torreon","category-uadec","wpcat-7-id","wpcat-2-id"],"_links":{"self":[{"href":"https:\/\/www.aquilaguna.com\/index.php\/wp-json\/wp\/v2\/posts\/31624","targetHints":{"allow":["GET"]}}],"collection":[{"href":"https:\/\/www.aquilaguna.com\/index.php\/wp-json\/wp\/v2\/posts"}],"about":[{"href":"https:\/\/www.aquilaguna.com\/index.php\/wp-json\/wp\/v2\/types\/post"}],"author":[{"embeddable":true,"href":"https:\/\/www.aquilaguna.com\/index.php\/wp-json\/wp\/v2\/users\/1"}],"replies":[{"embeddable":true,"href":"https:\/\/www.aquilaguna.com\/index.php\/wp-json\/wp\/v2\/comments?post=31624"}],"version-history":[{"count":1,"href":"https:\/\/www.aquilaguna.com\/index.php\/wp-json\/wp\/v2\/posts\/31624\/revisions"}],"predecessor-version":[{"id":31626,"href":"https:\/\/www.aquilaguna.com\/index.php\/wp-json\/wp\/v2\/posts\/31624\/revisions\/31626"}],"wp:featuredmedia":[{"embeddable":true,"href":"https:\/\/www.aquilaguna.com\/index.php\/wp-json\/wp\/v2\/media\/31625"}],"wp:attachment":[{"href":"https:\/\/www.aquilaguna.com\/index.php\/wp-json\/wp\/v2\/media?parent=31624"}],"wp:term":[{"taxonomy":"category","embeddable":true,"href":"https:\/\/www.aquilaguna.com\/index.php\/wp-json\/wp\/v2\/categories?post=31624"},{"taxonomy":"post_tag","embeddable":true,"href":"https:\/\/www.aquilaguna.com\/index.php\/wp-json\/wp\/v2\/tags?post=31624"}],"curies":[{"name":"wp","href":"https:\/\/api.w.org\/{rel}","templated":true}]}}