{"id":31627,"date":"2026-04-30T11:59:07","date_gmt":"2026-04-30T17:59:07","guid":{"rendered":"https:\/\/www.aquilaguna.com\/?p=31627"},"modified":"2026-04-30T11:59:07","modified_gmt":"2026-04-30T17:59:07","slug":"realizan-en-la-uadec-unidad-laguna-el-quinto-maraton-de-grupos-de-danza-folklorica","status":"publish","type":"post","link":"https:\/\/www.aquilaguna.com\/index.php\/2026\/04\/30\/realizan-en-la-uadec-unidad-laguna-el-quinto-maraton-de-grupos-de-danza-folklorica\/","title":{"rendered":"Realizan en la UAdeC Unidad Laguna el Quinto Marat\u00f3n de Grupos de Danza Folkl\u00f3rica."},"content":{"rendered":"\n<p>TORRE\u00d3N, Coahuila. 30 de abril de 2026. Con la participaci\u00f3n de 42 agrupaciones y<br>m\u00e1s de mil 200 bailarines en escena, el Grupo de Danza Folkl\u00f3rica \u201cXochiquetzalli\u201d<br>de la Universidad Aut\u00f3noma de Coahuila Unidad Laguna, llev\u00f3 a cabo el Quinto<br>Marat\u00f3n de Grupos de Danza Folkl\u00f3rica en la Regi\u00f3n Lagunera, encuentro que<br>reuni\u00f3 en un mismo escenario a compa\u00f1\u00edas locales y for\u00e1neas para celebrar la<br>riqueza cultural y la tradici\u00f3n danc\u00edstica de M\u00e9xico.<\/p>\n\n\n\n<p>El evento se realiz\u00f3 en el Teatro del Pueblo del Bosque Venustiano Carranza, donde<br>se dieron cita diversas agrupaciones folkl\u00f3ricas provenientes de distintos municipios<br>de la Comarca Lagunera, as\u00ed como de los estados de Nuevo Le\u00f3n y Durango,<br>consolidando este encuentro como uno de los foros m\u00e1s importantes para la difusi\u00f3n<br>del folklor mexicano en el norte del pa\u00eds.<\/p>\n\n\n\n<p>El director del Grupo de Danza \u201cXochiquetzalli\u201d, Juan Carlos Avi\u00f1a Rodr\u00edguez,<br>destac\u00f3 que el objetivo principal del marat\u00f3n es brindar un espacio para la<br>proyecci\u00f3n y el reconocimiento del talento danc\u00edstico regional, al abrir oportunidades<br>tanto a agrupaciones emergentes como a compa\u00f1\u00edas consolidadas.<\/p>\n\n\n\n<p>Durante la jornada, el p\u00fablico disfrut\u00f3 de diversas presentaciones que, a trav\u00e9s de la<br>danza, mostraron estampas representativas de distintas regiones del pa\u00eds, reflejando<br>la diversidad esc\u00e9nica, la identidad de cada agrupaci\u00f3n y la riqueza cultural que<br>caracteriza a la danza folkl\u00f3rica mexicana.<\/p>\n\n\n\n<p>Con este tipo de actividades, la Universidad Aut\u00f3noma de Coahuila a trav\u00e9s de la<br>Unidad Laguna, refrenda su compromiso con la promoci\u00f3n del arte, la cultura y la<br>identidad nacional, al impulsar espacios de encuentro que fomentan la expresi\u00f3n<br>art\u00edstica en beneficio de la comunidad universitaria y la sociedad en general.<\/p>\n","protected":false},"excerpt":{"rendered":"<p>TORRE\u00d3N, Coahuila. 30 de abril de 2026. Con la participaci\u00f3n de 42 agrupaciones ym\u00e1s de mil 200 bailarines en escena, el Grupo de Danza Folkl\u00f3rica \u201cXochiquetzalli\u201dde la Universidad Aut\u00f3noma de Coahuila Unidad Laguna, llev\u00f3 a cabo el QuintoMarat\u00f3n de Grupos de Danza Folkl\u00f3rica en la Regi\u00f3n Lagunera, encuentro quereuni\u00f3 en un mismo escenario a compa\u00f1\u00edas locales y for\u00e1neas para celebrar lariqueza cultural y la tradici\u00f3n danc\u00edstica de M\u00e9xico. El evento&#8230;<\/p>\n","protected":false},"author":1,"featured_media":31628,"comment_status":"closed","ping_status":"","sticky":false,"template":"","format":"standard","meta":{"footnotes":""},"categories":[7,2],"tags":[],"class_list":["post-31627","post","type-post","status-publish","format-standard","has-post-thumbnail","hentry","category-torreon","category-uadec","wpcat-7-id","wpcat-2-id"],"_links":{"self":[{"href":"https:\/\/www.aquilaguna.com\/index.php\/wp-json\/wp\/v2\/posts\/31627","targetHints":{"allow":["GET"]}}],"collection":[{"href":"https:\/\/www.aquilaguna.com\/index.php\/wp-json\/wp\/v2\/posts"}],"about":[{"href":"https:\/\/www.aquilaguna.com\/index.php\/wp-json\/wp\/v2\/types\/post"}],"author":[{"embeddable":true,"href":"https:\/\/www.aquilaguna.com\/index.php\/wp-json\/wp\/v2\/users\/1"}],"replies":[{"embeddable":true,"href":"https:\/\/www.aquilaguna.com\/index.php\/wp-json\/wp\/v2\/comments?post=31627"}],"version-history":[{"count":1,"href":"https:\/\/www.aquilaguna.com\/index.php\/wp-json\/wp\/v2\/posts\/31627\/revisions"}],"predecessor-version":[{"id":31629,"href":"https:\/\/www.aquilaguna.com\/index.php\/wp-json\/wp\/v2\/posts\/31627\/revisions\/31629"}],"wp:featuredmedia":[{"embeddable":true,"href":"https:\/\/www.aquilaguna.com\/index.php\/wp-json\/wp\/v2\/media\/31628"}],"wp:attachment":[{"href":"https:\/\/www.aquilaguna.com\/index.php\/wp-json\/wp\/v2\/media?parent=31627"}],"wp:term":[{"taxonomy":"category","embeddable":true,"href":"https:\/\/www.aquilaguna.com\/index.php\/wp-json\/wp\/v2\/categories?post=31627"},{"taxonomy":"post_tag","embeddable":true,"href":"https:\/\/www.aquilaguna.com\/index.php\/wp-json\/wp\/v2\/tags?post=31627"}],"curies":[{"name":"wp","href":"https:\/\/api.w.org\/{rel}","templated":true}]}}