{"id":31642,"date":"2026-04-30T12:01:17","date_gmt":"2026-04-30T18:01:17","guid":{"rendered":"https:\/\/www.aquilaguna.com\/?p=31642"},"modified":"2026-04-30T19:10:01","modified_gmt":"2026-05-01T01:10:01","slug":"por-dia-de-asueto-presidencia-municipal-y-simas-torreon-suspenderan-labores-este-viernes-se-mantienen-activas-las-areas-de-atencion-prioritaria","status":"publish","type":"post","link":"https:\/\/www.aquilaguna.com\/index.php\/2026\/04\/30\/por-dia-de-asueto-presidencia-municipal-y-simas-torreon-suspenderan-labores-este-viernes-se-mantienen-activas-las-areas-de-atencion-prioritaria\/","title":{"rendered":"Por d\u00eda de asueto, Presidencia Municipal y SIMAS Torre\u00f3n suspender\u00e1n labores este viernes; se mantienen activas las \u00e1reas de atenci\u00f3n prioritaria."},"content":{"rendered":"\n<p>Torre\u00f3n, Coahuila a 30 de abril de 2025.<\/p>\n\n\n\n<p>La Administraci\u00f3n P\u00fablica Municipal de Torre\u00f3n informa a la ciudadan\u00eda que, con<br>motivo de la conmemoraci\u00f3n del D\u00eda del Trabajo, este viernes 1 de mayo se<br>suspender\u00e1n las actividades en las oficinas de la Presidencia y SIMAS. Sin<br>embargo, las \u00e1reas prioritarias se mantendr\u00e1n activas para la atenci\u00f3n a la<br>ciudadan\u00eda.<\/p>\n\n\n\n<p>De acuerdo con lo estipulado en la Ley Federal de Trabajo, y de conformidad con<br>el art\u00edculo 277 del C\u00f3digo Municipal para el Estado de Coahuila, y el art\u00edculo 54<br>del Convenio de Condiciones Generales de Trabajo del Ayuntamiento de Torre\u00f3n,<br>el 01 de Mayo se considera d\u00eda de descanso obligatorio, por lo que el personal de<br>\u00e1reas administrativas reanudar\u00e1 su labor hasta el lunes 4 de mayo.<\/p>\n\n\n\n<p>No obstante, las dependencias que brindan atenci\u00f3n permanente a la poblaci\u00f3n<br>contar\u00e1n con personal de guardia para asegurar la continuidad de los servicios<br>esenciales, entre ellas Seguridad P\u00fablica, Tr\u00e1nsito y Vialidad, Centro de Justicia<br>Municipal, Protecci\u00f3n Civil y Bomberos.<\/p>\n\n\n\n<p>De igual forma, SIMAS Torre\u00f3n informa que sus oficinas administrativas y cajas<br>receptoras de pagos en matriz y sucursales permanecer\u00e1n cerradas durante el<br>viernes 1 de mayo, y reanudar\u00e1n labores el s\u00e1bado 02 de mayo en sus horarios<br>acostumbrados.<\/p>\n\n\n\n<p>Sin embargo, el organismo mantendr\u00e1 cuadrillas de guardia para atender de<br>manera oportuna los reportes relacionados con agua potable y drenaje, a fin de no<br>afectar la atenci\u00f3n a los usuarios.<\/p>\n\n\n\n<p>Se invita adem\u00e1s a la ciudadan\u00eda a realizar el pago de sus recibos de forma r\u00e1pida<br>y segura mediante la aplicaci\u00f3n digital de SIMAS Torre\u00f3n APP, disponible para<br>sistemas iOS y Android, as\u00ed como en centros comerciales, tiendas de<br>conveniencia y pago en l\u00ednea.<\/p>\n\n\n\n<p>Para reportes o atenci\u00f3n, SIMAS Torre\u00f3n pone a disposici\u00f3n la l\u00ednea de WhatsApp<br>870 171 41 97, el Call Center 871 690 95 95, el conmutador 871 749 17 00 y su<br>p\u00e1gina oficial de Facebook SIMAS TORRE\u00d3N.<\/p>\n\n\n\n<p>El horario de la oficina matriz en bulevar Independencia es de lunes a viernes de<br>08:00 a 17:30 horas; y los s\u00e1bados de 09:00 a 14:00 horas, solo en cajas<br>receptoras de pago.<\/p>\n\n\n\n<p>Los horarios en las sucursales de: Saulo ubicado en el bulevar Rodr\u00edguez Triana y<br>prolongaci\u00f3n bulevar Las Fuentes, Abastos en Diagonal Reforma, Libertad en el<br>bulevar del mismo nombre, Norte en el sector Vi\u00f1edos, son de lunes a viernes de<br>08:00 a 16:00 horas, y s\u00e1bados de 09:00 a 14:00 horas.<\/p>\n\n\n\n<p>Asimismo, el Departamento de Garant\u00edas, Infracciones y Parqu\u00edmetros brindar\u00e1<br>servicio el s\u00e1bado 2 de mayo en su horario cotidiano, de 09:00 a 13:00 horas.<\/p>\n","protected":false},"excerpt":{"rendered":"<p>Torre\u00f3n, Coahuila a 30 de abril de 2025. La Administraci\u00f3n P\u00fablica Municipal de Torre\u00f3n informa a la ciudadan\u00eda que, conmotivo de la conmemoraci\u00f3n del D\u00eda del Trabajo, este viernes 1 de mayo sesuspender\u00e1n las actividades en las oficinas de la Presidencia y SIMAS. Sinembargo, las \u00e1reas prioritarias se mantendr\u00e1n activas para la atenci\u00f3n a laciudadan\u00eda. De acuerdo con lo estipulado en la Ley Federal de Trabajo, y de conformidad conel&#8230;<\/p>\n","protected":false},"author":1,"featured_media":31643,"comment_status":"closed","ping_status":"closed","sticky":false,"template":"","format":"standard","meta":{"footnotes":""},"categories":[5,28,7],"tags":[],"class_list":["post-31642","post","type-post","status-publish","format-standard","has-post-thumbnail","hentry","category-coahuila","category-la-laguna","category-torreon","wpcat-5-id","wpcat-28-id","wpcat-7-id"],"_links":{"self":[{"href":"https:\/\/www.aquilaguna.com\/index.php\/wp-json\/wp\/v2\/posts\/31642","targetHints":{"allow":["GET"]}}],"collection":[{"href":"https:\/\/www.aquilaguna.com\/index.php\/wp-json\/wp\/v2\/posts"}],"about":[{"href":"https:\/\/www.aquilaguna.com\/index.php\/wp-json\/wp\/v2\/types\/post"}],"author":[{"embeddable":true,"href":"https:\/\/www.aquilaguna.com\/index.php\/wp-json\/wp\/v2\/users\/1"}],"replies":[{"embeddable":true,"href":"https:\/\/www.aquilaguna.com\/index.php\/wp-json\/wp\/v2\/comments?post=31642"}],"version-history":[{"count":1,"href":"https:\/\/www.aquilaguna.com\/index.php\/wp-json\/wp\/v2\/posts\/31642\/revisions"}],"predecessor-version":[{"id":31644,"href":"https:\/\/www.aquilaguna.com\/index.php\/wp-json\/wp\/v2\/posts\/31642\/revisions\/31644"}],"wp:featuredmedia":[{"embeddable":true,"href":"https:\/\/www.aquilaguna.com\/index.php\/wp-json\/wp\/v2\/media\/31643"}],"wp:attachment":[{"href":"https:\/\/www.aquilaguna.com\/index.php\/wp-json\/wp\/v2\/media?parent=31642"}],"wp:term":[{"taxonomy":"category","embeddable":true,"href":"https:\/\/www.aquilaguna.com\/index.php\/wp-json\/wp\/v2\/categories?post=31642"},{"taxonomy":"post_tag","embeddable":true,"href":"https:\/\/www.aquilaguna.com\/index.php\/wp-json\/wp\/v2\/tags?post=31642"}],"curies":[{"name":"wp","href":"https:\/\/api.w.org\/{rel}","templated":true}]}}