{"id":31651,"date":"2026-04-30T19:16:08","date_gmt":"2026-05-01T01:16:08","guid":{"rendered":"https:\/\/www.aquilaguna.com\/?p=31651"},"modified":"2026-04-30T19:16:08","modified_gmt":"2026-05-01T01:16:08","slug":"de-la-funcion-publica-a-la-operacion-electoral-fernando-villarreal-llega-al-pri-torreon","status":"publish","type":"post","link":"https:\/\/www.aquilaguna.com\/index.php\/2026\/04\/30\/de-la-funcion-publica-a-la-operacion-electoral-fernando-villarreal-llega-al-pri-torreon\/","title":{"rendered":"De la funci\u00f3n p\u00fablica a la operaci\u00f3n electoral: Fernando Villarreal llega al PRI Torre\u00f3n."},"content":{"rendered":"\n<p>Torre\u00f3n, Coahuila.- Se confirma la renuncia a su cargo de director de Servicios P\u00fablicos de Fernando Villarreal Cu\u00e9llar, quien ocupaba tal encargo desde su designaci\u00f3n a partir del 1 de enero de 2022 por parte del licenciado Rom\u00e1n Alberto Cepeda Gonz\u00e1lez, al inicio de lo que fue su primer periodo como alcalde de este municipio. En el cargo que ahora deja, lo asume de manera provisional Ricardo Compe\u00e1n Hern\u00e1ndez.<\/p>\n\n\n\n<p>El motivo esgrimido por el ahora renunciante es para asumir un cargo de orden pol\u00edtico pues, por derecho de prelaci\u00f3n, es decir, al correrse el escalaf\u00f3n integrado en el Comit\u00e9 Municipal del Partido Revolucionario Institucional, asumir\u00e1 de manera interina la dirigencia que dej\u00f3 vacante quien fuera su lideresa para figurar como candidata a la diputaci\u00f3n local por el Distrito 9 de Coahuila.<\/p>\n\n\n\n<p>Similar situaci\u00f3n enfrent\u00f3 el diputado local en busca de su reelecci\u00f3n por el Distrito 11, quien dej\u00f3 vacante el cargo que ocupaba en el CDM del PRI en este municipio como secretario general. Estos movimientos al interior del PRI local permitieron el arribo de Fernando Villarreal Cu\u00e9llar, quien, por cierto, ya ten\u00eda experiencia pol\u00edtica adquirida cuando, como miembro del PVEM, result\u00f3 ser el compa\u00f1ero de f\u00f3rmula de Jos\u00e9 Refugio Sandoval como diputado en la LXIII Legislatura de Coahuila.<\/p>\n\n\n\n<p>Se ignora en qu\u00e9 fechas el licenciado Villarreal Cu\u00e9llar dej\u00f3 de ser identificado con tales siglas para ingresar a las filas del PRI, a donde arriba hoy como su dirigente interino en Torre\u00f3n, y como tal a cargo de las campa\u00f1as electorales ya en marcha de los cuatro candidatos a diputados que corresponden a este municipio.<\/p>\n\n\n\n<p>El hoy exfuncionario antes citado renuncia a su encargo como responsable de la Direcci\u00f3n de Servicios P\u00fablicos municipales tras poco m\u00e1s de cuatro a\u00f1os de gesti\u00f3n, y del que seg\u00fan evaluaciones p\u00fablicas registr\u00f3 un buen desempe\u00f1o; sin embargo, entr\u00f3 en el terreno de la controversia sobre su actuaci\u00f3n al ser literal y materialmente quien tuvo bajo su encargo, al menos de manera p\u00fablica, el proceso de licitaci\u00f3n de la controversial concesi\u00f3n que por 25 a\u00f1os le fuera asignada a un consorcio de nuevo cu\u00f1o, al menos en sus siglas.<\/p>\n\n\n\n<p>Con ello, se heredan a la actual y a las futuras administraciones municipales de Torre\u00f3n, al margen de cualquier signo partidista, compromisos multimillonarios por el pago de tal servicio p\u00fablico que, al menos este a\u00f1o, involucran una erogaci\u00f3n de 500 millones de pesos al erario p\u00fablico local.<\/p>\n","protected":false},"excerpt":{"rendered":"<p>Torre\u00f3n, Coahuila.- Se confirma la renuncia a su cargo de director de Servicios P\u00fablicos de Fernando Villarreal Cu\u00e9llar, quien ocupaba tal encargo desde su designaci\u00f3n a partir del 1 de enero de 2022 por parte del licenciado Rom\u00e1n Alberto Cepeda Gonz\u00e1lez, al inicio de lo que fue su primer periodo como alcalde de este municipio. En el cargo que ahora deja, lo asume de manera provisional Ricardo Compe\u00e1n Hern\u00e1ndez. El&#8230;<\/p>\n","protected":false},"author":2,"featured_media":0,"comment_status":"closed","ping_status":"","sticky":false,"template":"","format":"standard","meta":{"footnotes":""},"categories":[5,42,28,16,7],"tags":[],"class_list":["post-31651","post","type-post","status-publish","format-standard","hentry","category-coahuila","category-elecciones","category-la-laguna","category-pri","category-torreon","wpcat-5-id","wpcat-42-id","wpcat-28-id","wpcat-16-id","wpcat-7-id"],"_links":{"self":[{"href":"https:\/\/www.aquilaguna.com\/index.php\/wp-json\/wp\/v2\/posts\/31651","targetHints":{"allow":["GET"]}}],"collection":[{"href":"https:\/\/www.aquilaguna.com\/index.php\/wp-json\/wp\/v2\/posts"}],"about":[{"href":"https:\/\/www.aquilaguna.com\/index.php\/wp-json\/wp\/v2\/types\/post"}],"author":[{"embeddable":true,"href":"https:\/\/www.aquilaguna.com\/index.php\/wp-json\/wp\/v2\/users\/2"}],"replies":[{"embeddable":true,"href":"https:\/\/www.aquilaguna.com\/index.php\/wp-json\/wp\/v2\/comments?post=31651"}],"version-history":[{"count":1,"href":"https:\/\/www.aquilaguna.com\/index.php\/wp-json\/wp\/v2\/posts\/31651\/revisions"}],"predecessor-version":[{"id":31652,"href":"https:\/\/www.aquilaguna.com\/index.php\/wp-json\/wp\/v2\/posts\/31651\/revisions\/31652"}],"wp:attachment":[{"href":"https:\/\/www.aquilaguna.com\/index.php\/wp-json\/wp\/v2\/media?parent=31651"}],"wp:term":[{"taxonomy":"category","embeddable":true,"href":"https:\/\/www.aquilaguna.com\/index.php\/wp-json\/wp\/v2\/categories?post=31651"},{"taxonomy":"post_tag","embeddable":true,"href":"https:\/\/www.aquilaguna.com\/index.php\/wp-json\/wp\/v2\/tags?post=31651"}],"curies":[{"name":"wp","href":"https:\/\/api.w.org\/{rel}","templated":true}]}}