{"id":3191,"date":"2021-07-08T23:50:25","date_gmt":"2021-07-09T04:50:25","guid":{"rendered":"https:\/\/www.aquilaguna.com\/?p=3191"},"modified":"2021-07-08T23:50:26","modified_gmt":"2021-07-09T04:50:26","slug":"participan-estudiantes-de-la-uadec-en-el-xxvi-verano-de-la-investigacion-tecnologica-y-cientifica-del-pacifico-programa-delfin","status":"publish","type":"post","link":"https:\/\/www.aquilaguna.com\/index.php\/2021\/07\/08\/participan-estudiantes-de-la-uadec-en-el-xxvi-verano-de-la-investigacion-tecnologica-y-cientifica-del-pacifico-programa-delfin\/","title":{"rendered":"Participan Estudiantes de la UAdeC en el XXVI Verano de la Investigaci\u00f3n Tecnol\u00f3gica y Cient\u00edfica del Pac\u00edfico \u201cPrograma Delf\u00edn\u201d."},"content":{"rendered":"\n<p>SALTILLO, Coahuila. 8 de julio de 2021.- Con el objetivo de propiciar el<br>intercambio de experiencias entre investigadores activos y estudiantes de<br>licenciatura con vocaci\u00f3n cient\u00edfica, 21 alumnos de la Universidad Aut\u00f3noma de<br>Coahuila participan en la XXVI edici\u00f3n del \u201cVerano de la Investigaci\u00f3n Tecnol\u00f3gica<br>y Cient\u00edfica del Pac\u00edfico\u201d que impulsa el Programa Delf\u00edn, con proyectos en \u00e1reas<br>del conocimiento como F\u00edsica, Biotecnolog\u00eda y Biolog\u00eda.<\/p>\n\n\n\n<p>En esta iniciativa apoyada por CONACYT y que promueve la movilidad estudiantil,<br>participan j\u00f3venes con talento y vocaci\u00f3n por la ciencia y la tecnolog\u00eda, que con la<br>experiencia personal y acad\u00e9mica adquirida, deciden integrar la investigaci\u00f3n en<br>sus estudios y formar parte de ofertas de posgrado en el pa\u00eds y el extranjero al<br>t\u00e9rmino de su licenciatura, para contribuir en el desarrollo regional, nacional e<br>internacional.<\/p>\n\n\n\n<p>Los estudiantes seleccionados de tercer semestre en adelante y con promedio<br>m\u00ednimo de 8.5, se integran a proyectos de su inter\u00e9s en \u00e1reas de conocimiento<br>como F\u00edsico-Matem\u00e1ticas y Ciencias de la Tierra, Biolog\u00eda y Qu\u00edmica, Medicina y<br>Salud, Humanidades y Ciencias de la Conducta, Sociales y Econ\u00f3micas,<br>Biotecnolog\u00eda y Ciencias Agropecuarias e Ingenier\u00eda e Industria.<\/p>\n\n\n\n<p>Asimismo, son asesorados por distinguidos investigadores en una estancia<br>acad\u00e9mica de siete semanas en Instituciones de Educaci\u00f3n Superior o centros de<br>investigaci\u00f3n, para culminar con la presentaci\u00f3n de resultados de los trabajos<br>realizados en un congreso internacional.<\/p>\n\n\n\n<p>Por parte de la UAdeC, son 21 estudiantes de las Unidades Saltillo y Torre\u00f3n,<br>quienes forman parte del contingente universitario que realizan sus proyectos y<br>estad\u00edas de investigaci\u00f3n relacionadas a la F\u00edsica, Biotecnolog\u00eda y Biolog\u00eda desde<br>el 14 de junio hasta el 30 de julio en distintos lugares de M\u00e9xico y el continente,<br>esto gracias a su aprobaci\u00f3n en la convocatoria del programa Delf\u00edn, publicada el<br>pasado mes de marzo.<\/p>\n\n\n\n<p>En el \u00e1rea de F\u00edsica, Matem\u00e1ticas y Ciencias de la Tierra participan de la Unidad<br>Saltillo y de la Facultad de Ciencias F\u00edsico Matem\u00e1ticas, los alumnos Laura Aracel\u00ed<br>G\u00e1mez Campos, Luis Andr\u00e9s Gonz\u00e1lez de la Rosa y Kort Gerardo Rodr\u00edguez<br>Beck con estancias en la Benem\u00e9rita Universidad Aut\u00f3noma de Puebla,<br>Fundaci\u00f3n Universitaria Konrad Lorenz y la Universidad de Colima,<br>respectivamente.<\/p>\n\n\n\n<p>Mientras que, en el \u00e1rea de Biotecnolog\u00eda y Ciencias Agropecuarias, los<br>estudiantes que realizan su estancia de verano en el Instituto Tecnol\u00f3gico de<br>Durango y la Universidad de Guadalajara, son Jos\u00e9 \u00c1ngel Garc\u00eda Garc\u00eda y Becky<br>Elizabeth R\u00edos Arredondo, ambos de la Facultad de Ciencias Biol\u00f3gicas de la<br>Unidad Torre\u00f3n.<\/p>\n\n\n\n<p>En el \u00e1rea de Biolog\u00eda y Qu\u00edmica participan ocho alumnos de la Facultad de<br>Ciencias Qu\u00edmicas US: Jos\u00e9 Isaac Arias Uribe, Sara Lydia Carrillo Cort\u00e9s, Liliana<br>Sof\u00eda Far\u00edas V\u00e1squez, Alessandra Mart\u00ednez Cruz, Luc\u00eda Mart\u00ednez Hern\u00e1ndez,<br>Evelyn Isabel Mendo Gonz\u00e1lez, Celia Mujica Pe\u00f1aloza y Karen Onofre Renter\u00eda,<br>quienes ya se encuentran desarrollando sus propuestas de investigaci\u00f3n en el<br>Instituto Polit\u00e9cnico Nacional, Universidad de Guadalajara, UNAM, Universidad<br>Polit\u00e9cnica de Tec\u00e1mac, Centro de Investigaci\u00f3n y Estudios Avanzados,<br>Benem\u00e9rita de Puebla y en la Universidad de Nebraska.<\/p>\n\n\n\n<p>De igual forma, los universitarios de la Unidad Torre\u00f3n y adscritos a la Facultad de<br>Ciencias Biol\u00f3gicas que est\u00e1n dentro del programa son: Karen Liliana Cortinas<br>Arguijo, Luis Loreto Costilla Garc\u00eda, Edmundo Hern\u00e1ndez Garc\u00eda, Marco Antonio<br>Hern\u00e1ndez R\u00edos, Natalia Jara Ram\u00edrez, Luis Daniel Mar\u00edn Ibarra, Marlene Palma<br>Wong y Martha In\u00e9s V\u00e9lez Mercado con presencia en el Instituto Tecnol\u00f3gico<br>Superior de Ciudad Serd\u00e1n, Universidad de Guadalajara, Instituto Nacional de<br>Enfermedades Respiratorias Ismael Cos\u00edo Villegas, Universidad Polit\u00e9cnica del<br>Valle de Toluca y la UNAM.<\/p>\n\n\n\n<p>La conformaci\u00f3n del Programa Interinstitucional para el Fortalecimiento de la<br>Investigaci\u00f3n y el Posgrado del Pac\u00edfico o tambi\u00e9n llamado \u201cPrograma Delf\u00edn\u201d,<br>inici\u00f3 a mediados del a\u00f1o de 1995 por iniciativa de la Universidad de Occidente del<br>Estado de Sinaloa, con el apoyo de la Academia Mexicana de Ciencias A. C. y de<br>las Universidades de Guadalajara, Aut\u00f3noma de Chiapas, Aut\u00f3noma de Ciudad<br>Ju\u00e1rez, los Institutos Tecnol\u00f3gicos de Mazatl\u00e1n, de Culiac\u00e1n y el Centro de<br>Investigaci\u00f3n Cient\u00edfica y de Educaci\u00f3n Superior de Ensenada.<\/p>\n\n\n\n<p>El programa se conforma por tres divisiones como la movilidad estudiantil,<br>movilidad de profesores e investigadores, y la divulgaci\u00f3n cient\u00edfica y tecnol\u00f3gica,<br>que cuentan con el financiamiento de recursos financieros que aportan las<br>instituciones integrantes, las aportaciones de programas nacionales e<br>internacionales afines y donaciones.<\/p>\n\n\n\n<p>Por medio de estas iniciativas, la UAdeC impulsa la superaci\u00f3n personal,<br>acad\u00e9mica y cultural de sus estudiantes para fortalecer la investigaci\u00f3n y el desarrollo tecnol\u00f3gico, que coadyuve al desarrollo social e institucional con un<br>enfoque global y de equidad.<\/p>\n","protected":false},"excerpt":{"rendered":"<p>SALTILLO, Coahuila. 8 de julio de 2021.- Con el objetivo de propiciar elintercambio de experiencias entre investigadores activos y estudiantes delicenciatura con vocaci\u00f3n cient\u00edfica, 21 alumnos de la Universidad Aut\u00f3noma deCoahuila participan en la XXVI edici\u00f3n del \u201cVerano de la Investigaci\u00f3n Tecnol\u00f3gicay Cient\u00edfica del Pac\u00edfico\u201d que impulsa el Programa Delf\u00edn, con proyectos en \u00e1reasdel conocimiento como F\u00edsica, Biotecnolog\u00eda y Biolog\u00eda. En esta iniciativa apoyada por CONACYT y que promueve la&#8230;<\/p>\n","protected":false},"author":1,"featured_media":3192,"comment_status":"closed","ping_status":"closed","sticky":false,"template":"","format":"standard","meta":{"footnotes":""},"categories":[2],"tags":[],"class_list":["post-3191","post","type-post","status-publish","format-standard","has-post-thumbnail","hentry","category-uadec","wpcat-2-id"],"_links":{"self":[{"href":"https:\/\/www.aquilaguna.com\/index.php\/wp-json\/wp\/v2\/posts\/3191","targetHints":{"allow":["GET"]}}],"collection":[{"href":"https:\/\/www.aquilaguna.com\/index.php\/wp-json\/wp\/v2\/posts"}],"about":[{"href":"https:\/\/www.aquilaguna.com\/index.php\/wp-json\/wp\/v2\/types\/post"}],"author":[{"embeddable":true,"href":"https:\/\/www.aquilaguna.com\/index.php\/wp-json\/wp\/v2\/users\/1"}],"replies":[{"embeddable":true,"href":"https:\/\/www.aquilaguna.com\/index.php\/wp-json\/wp\/v2\/comments?post=3191"}],"version-history":[{"count":1,"href":"https:\/\/www.aquilaguna.com\/index.php\/wp-json\/wp\/v2\/posts\/3191\/revisions"}],"predecessor-version":[{"id":3193,"href":"https:\/\/www.aquilaguna.com\/index.php\/wp-json\/wp\/v2\/posts\/3191\/revisions\/3193"}],"wp:featuredmedia":[{"embeddable":true,"href":"https:\/\/www.aquilaguna.com\/index.php\/wp-json\/wp\/v2\/media\/3192"}],"wp:attachment":[{"href":"https:\/\/www.aquilaguna.com\/index.php\/wp-json\/wp\/v2\/media?parent=3191"}],"wp:term":[{"taxonomy":"category","embeddable":true,"href":"https:\/\/www.aquilaguna.com\/index.php\/wp-json\/wp\/v2\/categories?post=3191"},{"taxonomy":"post_tag","embeddable":true,"href":"https:\/\/www.aquilaguna.com\/index.php\/wp-json\/wp\/v2\/tags?post=3191"}],"curies":[{"name":"wp","href":"https:\/\/api.w.org\/{rel}","templated":true}]}}