{"id":3200,"date":"2021-07-09T00:01:52","date_gmt":"2021-07-09T05:01:52","guid":{"rendered":"https:\/\/www.aquilaguna.com\/?p=3200"},"modified":"2021-07-09T00:01:53","modified_gmt":"2021-07-09T05:01:53","slug":"inaugura-mars-centro-oncologico-salvador-chavarria-un-gran-logro-de-coahuila","status":"publish","type":"post","link":"https:\/\/www.aquilaguna.com\/index.php\/2021\/07\/09\/inaugura-mars-centro-oncologico-salvador-chavarria-un-gran-logro-de-coahuila\/","title":{"rendered":"INAUGURA MARS CENTRO ONCOL\u00d3GICO \u2018SALVADOR CHAVARR\u00cdA\u2019: UN GRAN LOGRO DE COAHUILA."},"content":{"rendered":"\n<p>\u00b7\u00a0\u00a0\u00a0\u00a0\u00a0\u00a0<strong><em>El gobernador Miguel \u00c1ngel Riquelme recorre el nosocomio al inicio de operaciones.<\/em><\/strong><\/p>\n\n\n\n<p>Saltillo, Coahuila de Zaragoza; a 8 de Julio de 2021.- El gobernador Miguel \u00c1ngel Riquelme Sol\u00eds recorri\u00f3 el Centro Oncol\u00f3gico \u201cSalvador Chavarr\u00eda\u201d, que este mi\u00e9rcoles inici\u00f3 operaciones y el cual, cuando est\u00e9 operando al cien por ciento, dar\u00e1 servicio no solo a la poblaci\u00f3n de Coahuila, sino de todo el Pa\u00eds.<\/p>\n\n\n\n<p>En esta primera etapa, el nosocomio ofrece los servicios de Consulta Externa, Farmacia y Quimioterapias. El Mandatario estatal conf\u00eda en que, aproximadamente en ocho meses, est\u00e9 a su m\u00e1xima capacidad operativa.<\/p>\n\n\n\n<p>En el recorrido, Riquelme Sol\u00eds estuvo acompa\u00f1ado por el Secretario de Salud del Estado, Roberto Bernal G\u00f3mez, Manolo Jim\u00e9nez Salinas, alcalde de Saltillo, y por la directora del Centro, Eva Luc\u00eda Willars Inman, quien explic\u00f3 su operatividad.<\/p>\n\n\n\n<p>El Gobernador de Coahuila apunt\u00f3 que faltan por entrar en operaci\u00f3n algunos equipos de alta tecnolog\u00eda que, por motivos de licencias, o bien, por la adecuaci\u00f3n de otros aparatos, a\u00fan est\u00e1n fuera de servicio; adem\u00e1s de que se programa la operaci\u00f3n del Acelerador Lineal.<\/p>\n\n\n\n<p>Coment\u00f3 que actualmente se atienden a alrededor de 300 pacientes con c\u00e1ncer en todo el estado, a trav\u00e9s de la Secretar\u00eda de Salud, y mencion\u00f3 que, de manera paulatina, se canalizar\u00e1n a este Centro, para sus quimioterapias, inmunoterapias y algunos otros servicios, a pacientes del Hospital General de Saltillo.<\/p>\n\n\n\n<p>Asimismo, expres\u00f3 que el lugar cuenta con los medicamentos suficientes para la atenci\u00f3n de adultos con c\u00e1ncer, ya que previamente se adquirieron \u00e9stos.<\/p>\n\n\n\n<p>De la misma manera, Riquelme Sol\u00eds destac\u00f3 que su Administraci\u00f3n compra directamente los medicamentos para pacientes infantiles, ya que el que se tiene en existencia en el Centro es para adultos.<\/p>\n\n\n\n<p>\u201cLos medicamentos para los pacientes menores con c\u00e1ncer se adquieren en diversas farmac\u00e9uticas. Actualmente este medicamento es escaso y de alto costo\u201d, indic\u00f3.Inform\u00f3 que, a pesar de la pandemia, entre 2020 y lo que va de 2021, el Gobierno del Estado erog\u00f3 alrededor de 700 millones de pesos en la adquisici\u00f3n de una cantidad considerable de medicamentos oncol\u00f3gicos.<\/p>\n\n\n\n<p>\u201cSe tiene suficiente cantidad para la atenci\u00f3n de adultos con c\u00e1ncer, mientras que, para los menores, atendemos a las familias para que a ning\u00fan ni\u00f1o le falte tratamiento\u201d, aclar\u00f3.<\/p>\n\n\n\n<p>El Mandatario estatal record\u00f3 que pr\u00e1cticamente, durante todo el 2020, este Centro oper\u00f3 como Hospital Covid.<\/p>\n\n\n\n<p>\u201cEso detuvo lo programado para echarlo a andar como Centro Oncol\u00f3gico de Alta Especialidad\u201d, record\u00f3, y se\u00f1al\u00f3 que en este 2021 se pondr\u00e1n a trabajar otros equipos para brindar m\u00e1s servicios, equipos que pocos hospitales en el Pa\u00eds tienen.<\/p>\n\n\n\n<p>\u201cSus servicios no solamente se brindar\u00e1n a la poblaci\u00f3n del estado, sino de toda la naci\u00f3n. Vamos a trabajar en coordinaci\u00f3n con el IMSS y con otras dependencias federales que atienden estos padecimientos\u201d, reiter\u00f3.<\/p>\n\n\n\n<p>Riquelme Sol\u00eds adelant\u00f3 que, en breve, se nombrar\u00e1 a las integrantes del Patronato del Centro para trabajar en conjunto con la sociedad y apoyar a la gente que carece de los recursos necesarios que requiere de atenci\u00f3n inmediata.<\/p>\n\n\n\n<p>Agreg\u00f3 que el personal del Centro es de primera, y que la Secretaria del ramo tendr\u00e1 a su cargo la apertura de aquellas plazas de personal m\u00e9dico que se requieran, conforme avanza la apertura del resto de sus servicios.<\/p>\n\n\n\n<p>El Mandatario coahuilense refiri\u00f3 que en lo que respecta a los 28 pacientes menores con c\u00e1ncer, 14 se atienden en el Hospital Infantil de Torre\u00f3n, y los 14 restantes en el Infantil de Saltillo.<\/p>\n\n\n\n<p>Luego, reiter\u00f3 que en cuando menos tres meses, la atenci\u00f3n a ni\u00f1os con c\u00e1ncer se canalizar\u00e1 al Hospital Materno-Infantil, aleda\u00f1o al Centro, para lo que se realizar\u00e1n las adecuaciones necesarias.<\/p>\n\n\n\n<p>Posteriormente se har\u00e1 lo propio con la atenci\u00f3n materna.Mencion\u00f3 que, las adecuaciones que se tuvieron que realizar al Centro Oncol\u00f3gico para su adecuada operatividad, provocaron un desfase en el presupuesto estatal de etre 120 y 150 millones de pesos, ya que los aparatos que faltan de instalar todav\u00eda requieren de algunas modificaciones que son obligadas.<\/p>\n\n\n\n<p>En ese sentido, Miguel Riquelme inform\u00f3 que ya autoriz\u00f3 lo necesario: \u201cPorque me interesa que el centro oncol\u00f3gico est\u00e9 al cien por ciento\u201d, enfatiz\u00f3.El Centro Oncol\u00f3gico \u201cSalvador Chavarr\u00eda\u201d, que se habilit\u00f3 como hospital Covid a lo largo del a\u00f1o pasado, cuenta con 20 ventiladores y camas para la atenci\u00f3n de pacientes contagiados, por lo que reconoci\u00f3 el respaldo, en ese sentido, del INSABI.<\/p>\n\n\n\n<p>Sin embargo, consider\u00f3 que parte de ese equipo se canalizar\u00e1 a otros hospitales del Estado, porque ah\u00ed s\u00f3lo se requieren tres ventiladores.<\/p>\n\n\n\n<p>Adem\u00e1s, mencion\u00f3 que su Administraci\u00f3n volver\u00e1 a modificar \u00e1reas del Centro que las autoridades federales cerraron durante la pandemia, como quir\u00f3fanos y aquellas que se consideraron como riesgosas para el contagio del personal m\u00e9dico o militar que ah\u00ed labor\u00f3 durante ese per\u00edodo.<\/p>\n\n\n\n<p><strong>ESTADO PREPARA ESTRATEGIA PREVENTIVA.<\/strong><\/p>\n\n\n\n<p>Por otra parte, el gobernador Miguel Riquelme explic\u00f3 que su Administraci\u00f3n prepara el modelo preventivo que adoptar\u00e1 Coahuila para evitar que mayor cantidad de poblaci\u00f3n padezca de alg\u00fan tipo de c\u00e1ncer y evitar que se llegue a la atenci\u00f3n especializada que ofrece el Centro Oncol\u00f3gico.<\/p>\n\n\n\n<p>Por el momento, en este hospital operan las \u00e1reas de Consulta Externa, Farmacia y Quimioterapias. Cuenta con 29 personas trabajando en las distintas \u00e1reas como enfermer\u00eda, m\u00e9dicos especialistas y personal administrativo.\u00a0Se pretende atender, en esta primera etapa, a 25 pacientes diariamente; es decir, cinco por cada uno de los cinco especialistas.Posteriormente se atender\u00e1 a m\u00e1s de 15 pacientes por especialista, siendo un total de 75 personas.<\/p>\n\n\n\n<p>Las \u00e1reas que se abrir\u00e1n pr\u00f3ximamente ser\u00e1n Radioterapia, Braquiterapia, y Medicina Nuclear.\u00a0El Centro trabaja en horario de las 08:30 a las 15:00 horas.<\/p>\n\n\n\n<p><strong>EL C\u00c1NCER EN COAHUILA.<\/strong><\/p>\n\n\n\n<p>\u00b7\u00a0\u00a0\u00a0\u00a0\u00a0\u00a0\u00a0Es causante del 15% del total de fallecimientos en la entidad.<\/p>\n\n\n\n<p>\u00b7\u00a0\u00a0\u00a0\u00a0\u00a0\u00a0En Coahuila, el tratamiento de un paciente con c\u00e1ncer, en promedio, tiene un costo que oscila entre los 80 mil y 280 mil pesos.<\/p>\n\n\n\n<p>\u00b7\u00a0\u00a0\u00a0\u00a0\u00a0\u00a0Diariamente mueren 5 personas por causa del c\u00e1ncer.<\/p>\n\n\n\n<p>\u00b7\u00a0\u00a0\u00a0\u00a0\u00a0\u00a0El 51% sucede en mujeres y el 49% en hombres.<\/p>\n\n\n\n<p>\u00b7\u00a0\u00a0\u00a0\u00a0\u00a0\u00a0Es la cuarta causa de muerte, despu\u00e9s del Covid,\u00a0\u00a0la diabetes mellitus y las enfermedades isqu\u00e9micas del coraz\u00f3n.<\/p>\n\n\n\n<p>\u00b7\u00a0\u00a0\u00a0\u00a0\u00a0\u00a0Los principales c\u00e1nceres en Coahuila en las mujeres son de mama, c\u00e9rvico-uterino y de pulm\u00f3n; en los hombres son el de pulm\u00f3n, pr\u00f3stata, h\u00edgado y colon.<\/p>\n\n\n\n<p>\u00b7\u00a0\u00a0\u00a0\u00a0\u00a0\u00a0El Gobierno de Coahuila tiene la infraestructura necesaria para su atenci\u00f3n:\u00a0\u00b7\u00a0\u00a0\u00a0\u00a0\u00a0\u00a0Cuenta con una red de 35 hospitales p\u00fablicos y privados, 18 mast\u00f3grafos en funciones y 313 unidades de salud que operan el programa de prevenci\u00f3n.<\/p>\n\n\n\n<p>\u00b7\u00a0\u00a0\u00a0\u00a0\u00a0\u00a0Adem\u00e1s del servicio de quimioterapias en Hospitales Generales y Universitarios.<\/p>\n\n\n\n<p>\u00b7\u00a0\u00a0\u00a0\u00a0\u00a0\u00a0El Hospital General de Torre\u00f3n cuenta con una Unidad Especial.<\/p>\n\n\n\n<p><strong>C\u00c1NCER INFANTIL.<\/strong><\/p>\n\n\n\n<p>\u00b7\u00a0\u00a0\u00a0\u00a0\u00a0\u00a0El gobernador Miguel Riquelme gestion\u00f3 85 millones de pesos al inicio del a\u00f1o para atender a ni\u00f1os con c\u00e1ncer.<\/p>\n\n\n\n<p>\u00b7\u00a0\u00a0\u00a0\u00a0\u00a0\u00a0Actualmente 26 ni\u00f1os han pedido apoyo ante el desabasto de medicamentos (14 de Torre\u00f3n, Casa Feliz, y 12 en Saltillo).<\/p>\n\n\n\n<p>\u00b7\u00a0\u00a0\u00a0\u00a0\u00a0\u00a0Se gestionan apoyos ante el INSABI<\/p>\n\n\n\n<p>\u00b7\u00a0\u00a0\u00a0\u00a0\u00a0\u00a0Actualmente el Gobierno de Coahuila invierte en ellos un mill\u00f3n de pesos por semana, en promedio.<\/p>\n","protected":false},"excerpt":{"rendered":"<p>\u00b7\u00a0\u00a0\u00a0\u00a0\u00a0\u00a0El gobernador Miguel \u00c1ngel Riquelme recorre el nosocomio al inicio de operaciones. Saltillo, Coahuila de Zaragoza; a 8 de Julio de 2021.- El gobernador Miguel \u00c1ngel Riquelme Sol\u00eds recorri\u00f3 el Centro Oncol\u00f3gico \u201cSalvador Chavarr\u00eda\u201d, que este mi\u00e9rcoles inici\u00f3 operaciones y el cual, cuando est\u00e9 operando al cien por ciento, dar\u00e1 servicio no solo a la poblaci\u00f3n de Coahuila, sino de todo el Pa\u00eds. En esta primera etapa, el nosocomio ofrece&#8230;<\/p>\n","protected":false},"author":1,"featured_media":3201,"comment_status":"closed","ping_status":"closed","sticky":false,"template":"","format":"standard","meta":{"footnotes":""},"categories":[5,15,14],"tags":[],"class_list":["post-3200","post","type-post","status-publish","format-standard","has-post-thumbnail","hentry","category-coahuila","category-gobierno-de-coahuila","category-salud","wpcat-5-id","wpcat-15-id","wpcat-14-id"],"_links":{"self":[{"href":"https:\/\/www.aquilaguna.com\/index.php\/wp-json\/wp\/v2\/posts\/3200","targetHints":{"allow":["GET"]}}],"collection":[{"href":"https:\/\/www.aquilaguna.com\/index.php\/wp-json\/wp\/v2\/posts"}],"about":[{"href":"https:\/\/www.aquilaguna.com\/index.php\/wp-json\/wp\/v2\/types\/post"}],"author":[{"embeddable":true,"href":"https:\/\/www.aquilaguna.com\/index.php\/wp-json\/wp\/v2\/users\/1"}],"replies":[{"embeddable":true,"href":"https:\/\/www.aquilaguna.com\/index.php\/wp-json\/wp\/v2\/comments?post=3200"}],"version-history":[{"count":1,"href":"https:\/\/www.aquilaguna.com\/index.php\/wp-json\/wp\/v2\/posts\/3200\/revisions"}],"predecessor-version":[{"id":3202,"href":"https:\/\/www.aquilaguna.com\/index.php\/wp-json\/wp\/v2\/posts\/3200\/revisions\/3202"}],"wp:featuredmedia":[{"embeddable":true,"href":"https:\/\/www.aquilaguna.com\/index.php\/wp-json\/wp\/v2\/media\/3201"}],"wp:attachment":[{"href":"https:\/\/www.aquilaguna.com\/index.php\/wp-json\/wp\/v2\/media?parent=3200"}],"wp:term":[{"taxonomy":"category","embeddable":true,"href":"https:\/\/www.aquilaguna.com\/index.php\/wp-json\/wp\/v2\/categories?post=3200"},{"taxonomy":"post_tag","embeddable":true,"href":"https:\/\/www.aquilaguna.com\/index.php\/wp-json\/wp\/v2\/tags?post=3200"}],"curies":[{"name":"wp","href":"https:\/\/api.w.org\/{rel}","templated":true}]}}