{"id":322,"date":"2021-02-11T19:40:01","date_gmt":"2021-02-12T01:40:01","guid":{"rendered":"http:\/\/34.69.167.107\/?p=322"},"modified":"2021-02-11T19:40:01","modified_gmt":"2021-02-12T01:40:01","slug":"se-preparan-medidas-necesarias-para-vacunacion-de-adultos-mayores","status":"publish","type":"post","link":"https:\/\/www.aquilaguna.com\/index.php\/2021\/02\/11\/se-preparan-medidas-necesarias-para-vacunacion-de-adultos-mayores\/","title":{"rendered":"Se preparan medidas necesarias para vacunaci\u00f3n de adultos mayores."},"content":{"rendered":"\n<p>Torre\u00f3n, Coahuila.- En proceso las medidas necesarias para esperar, recibir y conservar las vacunas que contra el Covid-19 habr\u00e1n de aplicarse a adultos mayores, seg\u00fan listado que se desprenda del censo convocado v\u00eda internet por el Gobierno Federal que deber\u00e1 fijar fecha y lugar para ello, inform\u00f3 el Doctor Juan P\u00e9rez Ortega, titular de la Jurisdicci\u00f3n Sanitaria N\u00famero 6, de la SSA en Coahuila.<br><br>Indic\u00f3 que, &#8220;seg\u00fan informaci\u00f3n proporcionada por la Coordinadora del INSABI en la regi\u00f3n lagunera, en pl\u00e1ticas sostenidas, est\u00e1 pasando un listado ya de las posibles sedes, donde se vaya a aplicar la vacunaci\u00f3n a los adultos mayores, una vez que llegue el ant\u00edgeno a esta regi\u00f3n&#8221;.<br><br>&#8220;Posteriormente nos indicar\u00e1n con el censo de adultos mayores que ellos mismos elaboran, conocer\u00edamos su n\u00famero y la vacuna que se les vaya a aplicar&#8221;.<br><br>Expreso que, &#8220;por indicaciones del Secretario Roberto G\u00f3mez Bernal estamos esperando llevar a cabo una supervisi\u00f3n y visitar las \u00e1reas que se sugieran para llevar a cabo la vacunaci\u00f3n y saber si estas, son las adecuadas&#8221;.<br><br>En ellas, dijo, &#8220;tenemos que tener un buen sistema de conservaci\u00f3n de vacunas, tener personal que auxilie en casos de presentarse casos que generen efectos secundarios entre los vacunados, es decir, contar con una log\u00edstica bien hecha y en eso estamos&#8221;.<br><br>En cuanto a finiquitar la vacunaci\u00f3n entre todo el personal m\u00e9dico que ya recibi\u00f3 la primera dosis de la vacuna doble de PFIZER dio a conocer que, &#8220;todav\u00eda estamos pendientes por aplicar la segunda dosis para completar los esquemas&#8221;.<br><br>Pero ya es algo m\u00ednimo asegura, agregando que, &#8220;en el Hospital General donde tenemos personal de primera y segunda linea est\u00e1 vacunado pr\u00e1cticamente el 98%&#8221;.<br><br>Asegur\u00f3 que, &#8220;aun estamos en tiempo para ello, pues hay ya mucho personal con el esquema doble completo. Es m\u00ednimo el n\u00famero que nos queda por aplicar la segunda dosis entre el personal que labora en la Laguna previamente seleccionado&#8221;.<br><br>&#8220;Y esa cantidad faltante es la que estamos esperando para los siguientes d\u00edas, pero si hay un avance importante en lo que es la segunda dosis&#8221;.<br><br><br><strong>DESCENSO EN HOSPITALIZADOS POR COVID.<\/strong><br><br><br>En otra variante del tema Covid, el galeno indic\u00f3 que, &#8220;afortunadamente, lo decimos con mucho gusto, el n\u00famero de hospitalizados por Covid-19 ha disminuido&#8221;.<br><br>&#8220;Ahora andamos alrededor de un 26% de ocupaci\u00f3n hospitalaria, luego de semanas que este hecho no se registraba, entonces afortunadamente aqu\u00ed en la Laguna, lo que nos coloca entre todas las regiones del Estado, en sem\u00e1foro amarillo, de acuerdo tales n\u00fameros&#8221;.<br><br>Expreso que, &#8220;este hecho se debe entre otros factores a que la poblaci\u00f3n ha ido entendiendo cada vez mas la importancia de respetar las medidas sanitarias indicadas y tambi\u00e9n los operativos que se realizan bajo la estrategia de Cero Tolerancia, y las decisiones que se toman en el Sub Comit\u00e9 T\u00e9cnico Covid-19 para la regi\u00f3n lagunera, han contribuido sin duda que en este tema, ya estamos mas estables&#8221;.<\/p>\n","protected":false},"excerpt":{"rendered":"<p>Torre\u00f3n, Coahuila.- En proceso las medidas necesarias para esperar, recibir y conservar las vacunas que contra el Covid-19 habr\u00e1n de aplicarse a adultos mayores, seg\u00fan listado que se desprenda del censo convocado v\u00eda internet por el Gobierno Federal que deber\u00e1 fijar fecha y lugar para ello, inform\u00f3 el Doctor Juan P\u00e9rez Ortega, titular de la Jurisdicci\u00f3n Sanitaria N\u00famero 6, de la SSA en Coahuila. Indic\u00f3 que, &#8220;seg\u00fan informaci\u00f3n proporcionada por&#8230;<\/p>\n","protected":false},"author":2,"featured_media":0,"comment_status":"closed","ping_status":"","sticky":false,"template":"","format":"standard","meta":{"footnotes":""},"categories":[7,22],"tags":[],"class_list":["post-322","post","type-post","status-publish","format-standard","hentry","category-torreon","category-vacunas","wpcat-7-id","wpcat-22-id"],"_links":{"self":[{"href":"https:\/\/www.aquilaguna.com\/index.php\/wp-json\/wp\/v2\/posts\/322","targetHints":{"allow":["GET"]}}],"collection":[{"href":"https:\/\/www.aquilaguna.com\/index.php\/wp-json\/wp\/v2\/posts"}],"about":[{"href":"https:\/\/www.aquilaguna.com\/index.php\/wp-json\/wp\/v2\/types\/post"}],"author":[{"embeddable":true,"href":"https:\/\/www.aquilaguna.com\/index.php\/wp-json\/wp\/v2\/users\/2"}],"replies":[{"embeddable":true,"href":"https:\/\/www.aquilaguna.com\/index.php\/wp-json\/wp\/v2\/comments?post=322"}],"version-history":[{"count":1,"href":"https:\/\/www.aquilaguna.com\/index.php\/wp-json\/wp\/v2\/posts\/322\/revisions"}],"predecessor-version":[{"id":323,"href":"https:\/\/www.aquilaguna.com\/index.php\/wp-json\/wp\/v2\/posts\/322\/revisions\/323"}],"wp:attachment":[{"href":"https:\/\/www.aquilaguna.com\/index.php\/wp-json\/wp\/v2\/media?parent=322"}],"wp:term":[{"taxonomy":"category","embeddable":true,"href":"https:\/\/www.aquilaguna.com\/index.php\/wp-json\/wp\/v2\/categories?post=322"},{"taxonomy":"post_tag","embeddable":true,"href":"https:\/\/www.aquilaguna.com\/index.php\/wp-json\/wp\/v2\/tags?post=322"}],"curies":[{"name":"wp","href":"https:\/\/api.w.org\/{rel}","templated":true}]}}