{"id":3274,"date":"2021-07-12T21:20:43","date_gmt":"2021-07-13T02:20:43","guid":{"rendered":"https:\/\/www.aquilaguna.com\/?p=3274"},"modified":"2021-07-12T21:20:43","modified_gmt":"2021-07-13T02:20:43","slug":"lider-de-trabajadores-en-el-estado-no-declina-apoyar-a-empresarios-en-peticion-de-prorroga-sobre-outsourcing","status":"publish","type":"post","link":"https:\/\/www.aquilaguna.com\/index.php\/2021\/07\/12\/lider-de-trabajadores-en-el-estado-no-declina-apoyar-a-empresarios-en-peticion-de-prorroga-sobre-outsourcing\/","title":{"rendered":"L\u00edder de trabajadores en el Estado, no declina apoyar a empresarios en petici\u00f3n de pr\u00f3rroga sobre outsourcing."},"content":{"rendered":"\n<p>Torre\u00f3n, Coahuila.-  El l\u00edder estatal de la Confederaci\u00f3n de Trabajadores de M\u00e9xico -CTM-, licenciado Tereso Medina Ramirez, no declina en\u00a0 apoyar\u00a0 al empresariado en su pretensi\u00f3n de que el Gobierno Federal conceda\u00a0 nueva pr\u00f3rroga a la fecha limite para \u00a0 la\u00a0 regularizaci\u00f3n\u00a0 de\u00a0 sus\u00a0 trabajadores que operen bajo \u00e9ste r\u00e9gimen,\u00a0 toda vez que afirma, &#8221;el Estado, no cuenta con la capacidad \u00a0 necesaria para atender la tramitolog\u00eda que involucra \u00e9sta transici\u00f3n \u00a0 de cara a escaso\u00a0 tiempo\u00a0 \u00a0 del que disponen ya\u00a0 hasta ahora, para hacerlo so pena de incurrir en graves y punibles\u00a0 violaciones al fisco y otras disposiciones legales&#8221;.\u00a0<\/p>\n\n\n\n<p>Tal\u00a0 tema, que quita el sue\u00f1o de decenas de empresarios seg\u00fan lo han externado de manera p\u00fablica sus dirigencias,\u00a0 fue abordado por el l\u00edder obrero durante su estancia en \u00e9sta ciudad, este d\u00eda,\u00a0 diciendo que como se conoce, el Gobierno Federal dio de plazo hasta el d\u00eda 30 de julio del presente para hacer tal tramite.<\/p>\n\n\n\n<p>Justamente el d\u00eda de hoy, revel\u00f3 el dirigente, &#8221;algunas c\u00e1maras empresariales sobre todo los del sector\u00a0 automotriz , que fabrican camiones, camionetas, autom\u00f3viles, el Instituto Nacional de Autopartes, el INA, \u00a0 les gir\u00f3 un oficio\u00a0 dirigido a la Secretaria Maria Luisa Alcalde, en\u00a0 el que le se\u00f1alan la imposibilidad\u00a0 de los tiempos\u00a0 para\u00a0 cumplir la migraci\u00f3n de n\u00f3minas de outsourcing rumbo a las n\u00f3minas directas de cada\u00a0 empresa&#8221;.\u00a0<\/p>\n\n\n\n<p>Primero, afirm\u00f3, &#8221;porque se han topado con una burocracia gubernamental que no les permite avanzar en todos los requisitos para lograrlo&#8221;.<\/p>\n\n\n\n<p>Explic\u00f3 enseguida que en un tema de outsourcing, &#8221;dicho de esta manera, seg\u00fan los fiscalistas, significa revisar 500 elementos\u00a0 o factores de cada empresa desde el punto de vista financiero y administrativo&#8221;.<\/p>\n\n\n\n<p>Entonces, se pregunta, &#8221;es una infinidad de trabajo. El tiempo corre y vence este 30 de julio&#8221;.<\/p>\n\n\n\n<p>El otro problema, asever\u00f3, &#8221;que\u00a0 ellos se\u00f1alan, es\u00a0 una falta de comunicaci\u00f3n\u00a0 y coordinaci\u00f3n entre el SAT,\u00a0 el IMSS  y el Infonavit, y ah\u00ed, esta corriendo el tiempo&#8221;.\u00a0\u00a0<\/p>\n\n\n\n<p>Preguntado, reconoci\u00f3 que\u00a0 en efecto, \u00a0 &#8221;hubo un abuso en la figura del outsourcing, que como Ustedes lo saben\u00a0 que siempre se\u00f1alamos,\u00a0 el Outsorcing deb\u00eda revisarse y regularizarse, porque en muchos de los casos se abus\u00f3 de esta figura, en donde no se daba de alta a los trabajadores con el salario diario, no se reconoc\u00edan antig\u00fcedades, es decir, no se daban beneficios&#8221;.<\/p>\n\n\n\n<p>En muchos de los casos, prosigui\u00f3, &#8221;tambi\u00e9n evad\u00edan impuestos al sistema hacendiario. Esto tuvo como consecuencia la regulaci\u00f3n por un lado y la determinaci\u00f3n de llegar a un extremo porque siempre se\u00f1al\u00e9 en su tiempo que ten\u00edamos dos clases de outsourcing, el bueno y el malo, el negro y el blanco, y ahora, lo que deber\u00edamos haber desaparecido fue\u00a0 al negro, al malo y haber dejado a aquel que s\u00ed cumpl\u00eda con las regulaciones hacendarias, financieras, sin embargo, se nos fue por completo y ahora estamos en un problema de entendimiento y productividad&#8221;.<\/p>\n\n\n\n<p>Dijo luego que, &#8221;la penalizaci\u00f3n hasta con c\u00e1rcel, para la los empresarios que omitan o violen alguna de las nuevas disposiciones en torno a este figura, repito, es una gran amenaza\u00a0 para el desarrollo y crecimiento de la industria, porque ahora resulta que ahora ellos no se\u00a0 van a poder regularizar, corren el riesgo de que sean suspendidas labores o sancionadas y eso, ser\u00eda un da\u00f1o para M\u00e9xico&#8221;.<\/p>\n\n\n\n<p>Preguntado, afirm\u00f3 enf\u00e1tico, &#8221;que me sumen a la petici\u00f3n que surge de diversos grupos empresariales de ampliar\u00a0 el tiempo que el gobierno federal esta concediendo para\u00a0 la transici\u00f3n\u00a0 de trabajadores\u00a0 a nominas\u00a0 directas de las empresas&#8221;, pues admiti\u00f3 que, &#8221;por ahora no hay de otra&#8221;.<\/p>\n","protected":false},"excerpt":{"rendered":"<p>Torre\u00f3n, Coahuila.- El l\u00edder estatal de la Confederaci\u00f3n de Trabajadores de M\u00e9xico -CTM-, licenciado Tereso Medina Ramirez, no declina en\u00a0 apoyar\u00a0 al empresariado en su pretensi\u00f3n de que el Gobierno Federal conceda\u00a0 nueva pr\u00f3rroga a la fecha limite para \u00a0 la\u00a0 regularizaci\u00f3n\u00a0 de\u00a0 sus\u00a0 trabajadores que operen bajo \u00e9ste r\u00e9gimen,\u00a0 toda vez que afirma, &#8221;el Estado, no cuenta con la capacidad \u00a0 necesaria para atender la tramitolog\u00eda que involucra \u00e9sta&#8230;<\/p>\n","protected":false},"author":2,"featured_media":0,"comment_status":"closed","ping_status":"","sticky":false,"template":"","format":"standard","meta":{"footnotes":""},"categories":[5,29,43],"tags":[],"class_list":["post-3274","post","type-post","status-publish","format-standard","hentry","category-coahuila","category-economia","category-empleo","wpcat-5-id","wpcat-29-id","wpcat-43-id"],"_links":{"self":[{"href":"https:\/\/www.aquilaguna.com\/index.php\/wp-json\/wp\/v2\/posts\/3274","targetHints":{"allow":["GET"]}}],"collection":[{"href":"https:\/\/www.aquilaguna.com\/index.php\/wp-json\/wp\/v2\/posts"}],"about":[{"href":"https:\/\/www.aquilaguna.com\/index.php\/wp-json\/wp\/v2\/types\/post"}],"author":[{"embeddable":true,"href":"https:\/\/www.aquilaguna.com\/index.php\/wp-json\/wp\/v2\/users\/2"}],"replies":[{"embeddable":true,"href":"https:\/\/www.aquilaguna.com\/index.php\/wp-json\/wp\/v2\/comments?post=3274"}],"version-history":[{"count":1,"href":"https:\/\/www.aquilaguna.com\/index.php\/wp-json\/wp\/v2\/posts\/3274\/revisions"}],"predecessor-version":[{"id":3275,"href":"https:\/\/www.aquilaguna.com\/index.php\/wp-json\/wp\/v2\/posts\/3274\/revisions\/3275"}],"wp:attachment":[{"href":"https:\/\/www.aquilaguna.com\/index.php\/wp-json\/wp\/v2\/media?parent=3274"}],"wp:term":[{"taxonomy":"category","embeddable":true,"href":"https:\/\/www.aquilaguna.com\/index.php\/wp-json\/wp\/v2\/categories?post=3274"},{"taxonomy":"post_tag","embeddable":true,"href":"https:\/\/www.aquilaguna.com\/index.php\/wp-json\/wp\/v2\/tags?post=3274"}],"curies":[{"name":"wp","href":"https:\/\/api.w.org\/{rel}","templated":true}]}}