{"id":3286,"date":"2021-07-13T18:28:34","date_gmt":"2021-07-13T23:28:34","guid":{"rendered":"https:\/\/www.aquilaguna.com\/?p=3286"},"modified":"2021-07-13T18:28:34","modified_gmt":"2021-07-13T23:28:34","slug":"convocatoria-para-testigos-sociales-en-contrataciones-de-dependencias-del-estado-de-coahuila","status":"publish","type":"post","link":"https:\/\/www.aquilaguna.com\/index.php\/2021\/07\/13\/convocatoria-para-testigos-sociales-en-contrataciones-de-dependencias-del-estado-de-coahuila\/","title":{"rendered":"CONVOCATORIA PARA TESTIGOS SOCIALES EN CONTRATACIONES DE DEPENDENCIAS DEL ESTADO DE COAHUILA."},"content":{"rendered":"\n<p>Saltillo, Coahuila de Zaragoza; a 13 de Julio de 2021.- En cumplimiento a las leyes estatales de adquisiciones y de obras p\u00fablicas, la Secretar\u00eda de Fiscalizaci\u00f3n y Rendici\u00f3n de Cuentas (SEFIRC) publica en su p\u00e1gina web, del 12 de julio al 13 de agosto, la convocatoria para el registro de personas f\u00edsicas y morales en el Padr\u00f3n P\u00fablico de Testigos Sociales, quienes podr\u00e1n participar con derecho a voz en las contrataciones que lleven a cabo las dependencias y entidades.<\/p>\n\n\n\n<p>Esto cuando se utilicen recursos estatales, emitiendo al t\u00e9rmino de su participaci\u00f3n un testimonio p\u00fablico sobre el desarrollo de las mismas.<\/p>\n\n\n\n<p>Los testigos sociales ser\u00e1n seleccionados mediante esta convocatoria p\u00fablica, a trav\u00e9s de la Subsecretar\u00eda de Auditor\u00eda de Obra P\u00fablica y Programas Sociales, debiendo cumplir con los requisitos establecidos en el Acuerdo por el que establecen los lineamientos, entre los que est\u00e1 asistir a los cursos de capacitaci\u00f3n que imparta la SEFIRC sobre las leyes de adquisiciones y de obras p\u00fablicas.<\/p>\n\n\n\n<p>Posteriormente, los seleccionados ser\u00e1n sometidos al Comit\u00e9 de Designaci\u00f3n de Testigos Sociales, que se integrado, adem\u00e1s de funcionarios de SEFIRC, por representantes del ICAI, la CMIC y la CANACO.<\/p>\n\n\n\n<p>Con estas acciones el Gobierno del Estado cumple con objetivos de transparencia y prevenci\u00f3n de la corrupci\u00f3n.<\/p>\n","protected":false},"excerpt":{"rendered":"<p>Saltillo, Coahuila de Zaragoza; a 13 de Julio de 2021.- En cumplimiento a las leyes estatales de adquisiciones y de obras p\u00fablicas, la Secretar\u00eda de Fiscalizaci\u00f3n y Rendici\u00f3n de Cuentas (SEFIRC) publica en su p\u00e1gina web, del 12 de julio al 13 de agosto, la convocatoria para el registro de personas f\u00edsicas y morales en el Padr\u00f3n P\u00fablico de Testigos Sociales, quienes podr\u00e1n participar con derecho a voz en las&#8230;<\/p>\n","protected":false},"author":1,"featured_media":3287,"comment_status":"closed","ping_status":"closed","sticky":false,"template":"","format":"standard","meta":{"footnotes":""},"categories":[5,29,15],"tags":[],"class_list":["post-3286","post","type-post","status-publish","format-standard","has-post-thumbnail","hentry","category-coahuila","category-economia","category-gobierno-de-coahuila","wpcat-5-id","wpcat-29-id","wpcat-15-id"],"_links":{"self":[{"href":"https:\/\/www.aquilaguna.com\/index.php\/wp-json\/wp\/v2\/posts\/3286","targetHints":{"allow":["GET"]}}],"collection":[{"href":"https:\/\/www.aquilaguna.com\/index.php\/wp-json\/wp\/v2\/posts"}],"about":[{"href":"https:\/\/www.aquilaguna.com\/index.php\/wp-json\/wp\/v2\/types\/post"}],"author":[{"embeddable":true,"href":"https:\/\/www.aquilaguna.com\/index.php\/wp-json\/wp\/v2\/users\/1"}],"replies":[{"embeddable":true,"href":"https:\/\/www.aquilaguna.com\/index.php\/wp-json\/wp\/v2\/comments?post=3286"}],"version-history":[{"count":1,"href":"https:\/\/www.aquilaguna.com\/index.php\/wp-json\/wp\/v2\/posts\/3286\/revisions"}],"predecessor-version":[{"id":3288,"href":"https:\/\/www.aquilaguna.com\/index.php\/wp-json\/wp\/v2\/posts\/3286\/revisions\/3288"}],"wp:featuredmedia":[{"embeddable":true,"href":"https:\/\/www.aquilaguna.com\/index.php\/wp-json\/wp\/v2\/media\/3287"}],"wp:attachment":[{"href":"https:\/\/www.aquilaguna.com\/index.php\/wp-json\/wp\/v2\/media?parent=3286"}],"wp:term":[{"taxonomy":"category","embeddable":true,"href":"https:\/\/www.aquilaguna.com\/index.php\/wp-json\/wp\/v2\/categories?post=3286"},{"taxonomy":"post_tag","embeddable":true,"href":"https:\/\/www.aquilaguna.com\/index.php\/wp-json\/wp\/v2\/tags?post=3286"}],"curies":[{"name":"wp","href":"https:\/\/api.w.org\/{rel}","templated":true}]}}