{"id":3335,"date":"2021-07-14T18:49:40","date_gmt":"2021-07-14T23:49:40","guid":{"rendered":"https:\/\/www.aquilaguna.com\/?p=3335"},"modified":"2021-07-14T18:57:18","modified_gmt":"2021-07-14T23:57:18","slug":"niega-alcalde-de-saltillo-estar-trabajando-en-candidatura-para-gobernar-coahuila","status":"publish","type":"post","link":"https:\/\/www.aquilaguna.com\/index.php\/2021\/07\/14\/niega-alcalde-de-saltillo-estar-trabajando-en-candidatura-para-gobernar-coahuila\/","title":{"rendered":"Niega Alcalde de Saltillo estar trabajando en candidatura para gobernar Coahuila."},"content":{"rendered":"\n<p>Torre\u00f3n, Coahuila.- Ante los Medios laguneros, el alcalde de Saltillo, ingeniero Manolo Jim\u00e9nez Salinas,&nbsp; &nbsp; &nbsp; sostuvo&nbsp; que al t\u00e9rmino de su mandato, al concluir el d\u00eda 31 de&nbsp; diciembre&nbsp; del a\u00f1o en curso,&nbsp; su segundo mandato para&nbsp; el que fuera electo, &#8221;lo que sigue ser\u00e1 trabajar en&nbsp; equipo con el Gobernador &nbsp; Miguel AngeL&nbsp; Riquelme Solis&#8221;,&nbsp; &nbsp; eludiendo&nbsp; de manera&nbsp; puntual a ser&nbsp; aspirante &nbsp; a la candidatura &nbsp; del PRI al&nbsp; Gobierno de Coahuila, a conquistar en el 2023, como ya se especula en los mentideros pol\u00edticos de la localidad.&nbsp;<\/p>\n\n\n\n<p>Preguntado &nbsp; sobre si&nbsp; tal intenci\u00f3n es&nbsp; cierta, o bien si tal objetivo existe de su parte,&nbsp; de que la promoci\u00f3n que ahora realiza en Torre\u00f3n como en otras ciudades del Estado,&nbsp; es solo la plataforma desde la cual,&nbsp; se lanza en pos&nbsp; de la mencionada postulaci\u00f3n.&nbsp;<\/p>\n\n\n\n<p>Expreso&nbsp; que, &#8221;hoy Nosotros estamos inmersos&nbsp; en el cierre&nbsp; al 100% de la administraci\u00f3n,&nbsp; pues dicen que es importante arrancar con todo, pero es mas importante&nbsp; cerrar bien. Entonces hoy en d\u00eda a diferencia del a\u00f1o anterior, que tambi\u00e9n quer\u00edamos venir con mucho mas cosas en trabajo con el Gobernador&#8221;, y&nbsp; tras mencionar a algunos de estos, revel\u00f3 que s\u00ed, &#8221;hab\u00eda la intenci\u00f3n de promocionar a Saltillo en materia tur\u00edstica hacia M\u00e9xico&nbsp; y Estados Unidos&#8221;.<\/p>\n\n\n\n<p>&#8221;Pero, la pandemia nos cambi\u00f3 los planes y parte de esta gira es retomar en la medida de las posibilidades&nbsp; el retomar esa intenci\u00f3n que ten\u00edamos en el 2020, fortalecer el festival, fortalecer aun mas la Ruta Vinos y Dinos&#8221;.<\/p>\n\n\n\n<p>Sobre este \u00faltima, dijo espera poder, &#8221;no solo igualar si no superar&nbsp; lo que en \u00e9ste tema, se registra en el Valle de Guadalupe -Baja California-, porque de entrada,  tenemos&nbsp; mucho mejor vino, de mayor calidad&#8221;,&nbsp; &nbsp; considerando que, &#8221;all\u00e1, empezaron al rev\u00e9s, con la gastronom\u00eda, la hoteler\u00eda y solo un vi\u00f1edo,&nbsp; si bien &nbsp; reconoci\u00f3 que algunos de sus vinos s\u00ed tienen calidad, pero ac\u00e1 se invirti\u00f3 mucho en la agricultura, en la calidad, posteriormente se sumaron mas casas vitivin\u00edcolas y ah\u00ed vienen, seguramente la parte&nbsp; gastron\u00f3mica y hotelera, estamos pues ante un potencial econ\u00f3mico impresionante&#8221;.<\/p>\n\n\n\n<p>&#8221;Y, despu\u00e9s de esto, sigue socializar los buenos resultados que hemos alcanzado en Saltillo, trabajando en equipo entre todos, en los temas mas importantes para la gente; reactivaci\u00f3n&nbsp; econ\u00f3mica, combate&nbsp; al virus, servicios&nbsp; p\u00fablicos, luego viene la entrega recepci\u00f3n y terminaremos&nbsp; con el cuarto y ultimo Informe, donde estaremos dando a conocer los resultados&#8221;.<\/p>\n\n\n\n<p>Entonces, resumi\u00f3, &#8221;pues es parte de un proceso de cierre y bueno, lo que sigue ser\u00e1 trabajar en equipo con el Gobernador Riquelme, como lo hemos venido hasta ahora, por Saltillo, por la regi\u00f3n sureste y por Coahuila&#8221;.&nbsp;<\/p>\n\n\n\n<p><strong>OBJETIVO.<\/strong><\/p>\n\n\n\n<p>En cuanto al objetivo primario, tangible,&nbsp; que lo trajo a Torre\u00f3n,&nbsp; &nbsp; promocionar los Festejos del 444 Aniversario de Saltillo capital &nbsp; a celebrar a&nbsp; lo largo del per\u00edodo que abarca del 18 al 25 del&nbsp; mes en curso&nbsp; as\u00ed como la invitaci\u00f3n a recorrer&nbsp; la exitosa &nbsp; Ruta &#8221;Vinos y Dinos&#8221;,&nbsp; que conjunta experiencias&nbsp; &nbsp; que ofrece la&nbsp; cultura &nbsp; del vino y la Paleontolog\u00eda, y que se encuentra &nbsp; en operaci\u00f3n desde el d\u00eda de ayer &nbsp; y su&nbsp; actividad ser\u00e1&nbsp; permanente, &nbsp; present\u00f3 a grandes rasgos&nbsp; los contenidos de ambas.<\/p>\n\n\n\n<p>Indic\u00f3 que,&nbsp; &#8221;el festival conmemorativo &nbsp; tendr\u00e1 inicio \u00e9ste domingo 18 del presente&#8221;,&nbsp; indicando que, la derrama econ\u00f3mica esperada en \u00e9sta actividad,&nbsp; ser\u00e1 menor que la obtenida durante el 2018 por este mismo concepto,&nbsp; conocida como es la limitaci\u00f3n de afluencia de personas&nbsp; que impone&nbsp; la prevenci\u00f3n vigente&nbsp; contra la pandemia.<\/p>\n\n\n\n<p>Anticip\u00f3&nbsp; que, &#8221;los eventos ser\u00e1n gratuitos, en tanto que la Ruta,&nbsp; Vinos y Dinos,&nbsp; est\u00e1 en operaci\u00f3n ya&nbsp; y puede ser disfrutada&nbsp; todo el a\u00f1o&#8221;, si bien recomend\u00f3, &#8221;hacerlo primero agotando la ruta de los Dinos, visitando el Museo del Desierto, &nbsp; la zona paleontol\u00f3gica, la cual esta abierta desde ayer y &nbsp; solo despu\u00e9s, agotar&nbsp; la parte correspondiente al vino, pues de no hacerlo,  pudiera acabar platicando con los Dinos&#8221;.&nbsp;&nbsp;<\/p>\n\n\n\n<p>Expreso que, &#8221;la&nbsp; Ruta Vinos y Dinos, es un gran producto que naci\u00f3 con la intenci\u00f3n de generar derrama econ\u00f3mica&nbsp; paralela al turismo de negocios y era necesario crear una estrategia para atraer no solo el turismo de negocio, sino &nbsp; que tambi\u00e9n se jalara al turismo recreativo y de consumo, lo que&nbsp;ha arrojado resultados positivos, como es la derrama econ\u00f3mica estimada en 50 millones de pesos&#8221;.&nbsp;<\/p>\n\n\n\n<p>Estim\u00f3 luego que,&nbsp; &#8221;el aumento en la actividad tur\u00edstica luego de&nbsp; operar&nbsp; la estrategia antes mencionada, aumento del 21 al 400%&#8221;.<\/p>\n\n\n\n<p><strong>COSTO.<\/strong><\/p>\n\n\n\n<p>A pregunta expresa sobre lo que ser\u00e1 costo de los&nbsp; festejos, del festival y su decena de artistas participantes, conferencias, presentaci\u00f3n de libros, conciertos, etc., &nbsp; expreso que su gobierno, &#8221;estar\u00e1 invirtiendo&nbsp; alrededor de cuatro millones de pesos&#8221;,&nbsp; no sin observar que, &#8221;ahorramos, pues hicimos mas peque\u00f1o al festival&nbsp; y ahorramos recursos para destinarlos&nbsp; a los esfuerzos que hemos hecho en torno al covid&#8221;.<\/p>\n","protected":false},"excerpt":{"rendered":"<p>Torre\u00f3n, Coahuila.- Ante los Medios laguneros, el alcalde de Saltillo, ingeniero Manolo Jim\u00e9nez Salinas,&nbsp; &nbsp; &nbsp; sostuvo&nbsp; que al t\u00e9rmino de su mandato, al concluir el d\u00eda 31 de&nbsp; diciembre&nbsp; del a\u00f1o en curso,&nbsp; su segundo mandato para&nbsp; el que fuera electo, &#8221;lo que sigue ser\u00e1 trabajar en&nbsp; equipo con el Gobernador &nbsp; Miguel AngeL&nbsp; Riquelme Solis&#8221;,&nbsp; &nbsp; eludiendo&nbsp; de manera&nbsp; puntual a ser&nbsp; aspirante &nbsp; a la candidatura &nbsp;&#8230;<\/p>\n","protected":false},"author":2,"featured_media":0,"comment_status":"closed","ping_status":"","sticky":false,"template":"","format":"standard","meta":{"footnotes":""},"categories":[5,60,7,34],"tags":[],"class_list":["post-3335","post","type-post","status-publish","format-standard","hentry","category-coahuila","category-saltillo","category-torreon","category-turismo","wpcat-5-id","wpcat-60-id","wpcat-7-id","wpcat-34-id"],"_links":{"self":[{"href":"https:\/\/www.aquilaguna.com\/index.php\/wp-json\/wp\/v2\/posts\/3335","targetHints":{"allow":["GET"]}}],"collection":[{"href":"https:\/\/www.aquilaguna.com\/index.php\/wp-json\/wp\/v2\/posts"}],"about":[{"href":"https:\/\/www.aquilaguna.com\/index.php\/wp-json\/wp\/v2\/types\/post"}],"author":[{"embeddable":true,"href":"https:\/\/www.aquilaguna.com\/index.php\/wp-json\/wp\/v2\/users\/2"}],"replies":[{"embeddable":true,"href":"https:\/\/www.aquilaguna.com\/index.php\/wp-json\/wp\/v2\/comments?post=3335"}],"version-history":[{"count":2,"href":"https:\/\/www.aquilaguna.com\/index.php\/wp-json\/wp\/v2\/posts\/3335\/revisions"}],"predecessor-version":[{"id":3337,"href":"https:\/\/www.aquilaguna.com\/index.php\/wp-json\/wp\/v2\/posts\/3335\/revisions\/3337"}],"wp:attachment":[{"href":"https:\/\/www.aquilaguna.com\/index.php\/wp-json\/wp\/v2\/media?parent=3335"}],"wp:term":[{"taxonomy":"category","embeddable":true,"href":"https:\/\/www.aquilaguna.com\/index.php\/wp-json\/wp\/v2\/categories?post=3335"},{"taxonomy":"post_tag","embeddable":true,"href":"https:\/\/www.aquilaguna.com\/index.php\/wp-json\/wp\/v2\/tags?post=3335"}],"curies":[{"name":"wp","href":"https:\/\/api.w.org\/{rel}","templated":true}]}}