{"id":33355,"date":"2026-08-30T21:55:13","date_gmt":"2026-08-31T03:55:13","guid":{"rendered":"https:\/\/www.aquilaguna.com\/?p=33355"},"modified":"2026-08-30T21:55:13","modified_gmt":"2026-08-31T03:55:13","slug":"mars-refrenda-su-solidaridad-y-compromiso-con-las-familias-de-personas-no-localizadas","status":"publish","type":"post","link":"https:\/\/www.aquilaguna.com\/index.php\/2026\/08\/30\/mars-refrenda-su-solidaridad-y-compromiso-con-las-familias-de-personas-no-localizadas\/","title":{"rendered":"MARS REFRENDA SU SOLIDARIDAD Y COMPROMISO CON LAS FAMILIAS DE PERSONAS NO LOCALIZADAS."},"content":{"rendered":"\n<ul class=\"wp-block-list\">\n<li><em>La Unidad Violeta<\/em> <em>mantiene atenci\u00f3n especializada a mujeres, ni\u00f1as, ni\u00f1os, adolescentes y otros grupos en situaci\u00f3n de vulnerabilidad.<\/em><\/li>\n<\/ul>\n\n\n\n<p class=\"wp-block-paragraph\">Torre\u00f3n, Coahuila de Zaragoza a 30 de agosto de 2026.- En el marco del D\u00eda Internacional de las V\u00edctimas de Desapariciones Forzadas, el alcalde Miguel \u00c1ngel Riquelme Sol\u00eds refrend\u00f3 su solidaridad y respeto a todas las familias que siguen en la b\u00fasqueda de un ser querido, y extern\u00f3 el apoyo desde la Administraci\u00f3n Municipal, para acompa\u00f1arlos en su lucha leg\u00edtima de exigencia de verdad y justicia.<\/p>\n\n\n\n<p class=\"wp-block-paragraph\">\u201cReconozco su fortaleza, y desde el gobierno municipal de Torre\u00f3n refrendamos nuestro compromiso de escuchar, acompa\u00f1ar y colaborar dentro de nuestras atribuciones con las autoridades y colectivos de b\u00fasqueda. Ninguna familia debe sentirse sola, la ausencia de una persona nos duele a todos y nos compromete a todos como sociedad y al Municipio, a seguir trabajando con el Gobierno del Estado para evitar estas situaciones\u201d, expres\u00f3.<\/p>\n\n\n\n<p class=\"wp-block-paragraph\">El presidente municipal se\u00f1al\u00f3 que el 28 de agosto, fecha establecida por la Asamblea General de las Naciones Unidas, representa un llamado a fortalecer las acciones encaminadas a prevenir las desapariciones, as\u00ed como a colocar en el centro a las v\u00edctimas y sus familias.<\/p>\n\n\n\n<p class=\"wp-block-paragraph\">Dijo que en este sentido, el Municipio mantiene una estrategia de atenci\u00f3n y respuesta inmediata ante los reportes ciudadanos, en la que se prioriza la protecci\u00f3n de las personas y la coordinaci\u00f3n institucional, donde a trav\u00e9s de la Direcci\u00f3n de Seguridad P\u00fablica Municipal y la Unidad Violeta, se atienden de manera inmediata los reportes ciudadanos relacionados con personas no localizadas, extraviadas o en situaci\u00f3n de riesgo, mediante acciones de prevenci\u00f3n, b\u00fasqueda, localizaci\u00f3n y coordinaci\u00f3n con las autoridades competentes.<\/p>\n\n\n\n<p class=\"wp-block-paragraph\">Como parte de esta capacidad de respuesta, el Centro de Control y Comando (C2) dispone de m\u00e1s de mil 500 c\u00e1maras de videovigilancia instaladas en diferentes avenidas, accesos y salidas de la ciudad, as\u00ed como en puntos estrat\u00e9gicos. Esta infraestructura tecnol\u00f3gica permite apoyar en el seguimiento de reportes y en la ubicaci\u00f3n de veh\u00edculos o personas relacionados con distintos hechos, adem\u00e1s de contribuir a las labores de localizaci\u00f3n cuando las circunstancias lo requieren. A estas herramientas se suma el uso de drones, que pueden incorporarse a los operativos de b\u00fasqueda y localizaci\u00f3n en las zonas donde sea necesario.<\/p>\n\n\n\n<p class=\"wp-block-paragraph\">Asimismo, la Unidad Violeta mantiene atenci\u00f3n especializada a mujeres, ni\u00f1as, ni\u00f1os, adolescentes y otros grupos en situaci\u00f3n de vulnerabilidad. Comprende tambi\u00e9n la intervenci\u00f3n ante situaciones de riesgo, el acompa\u00f1amiento y canalizaci\u00f3n a las autoridades competentes, as\u00ed como la coordinaci\u00f3n con familiares y otras instituciones, acciones que se realizan mediante capacitaci\u00f3n constante de sus elementos en temas relacionados con la atenci\u00f3n de grupos vulnerables.<\/p>\n\n\n\n<p class=\"wp-block-paragraph\">Para realizar alg\u00fan reporte de esta \u00edndole, la ciudadan\u00eda puede hacerlo al n\u00famero de emergencias 911, o a trav\u00e9s del WhatsApp de Seguridad P\u00fablica 8719 737975 y del tel\u00e9fono directo 8717290099.<\/p>\n","protected":false},"excerpt":{"rendered":"<p>Torre\u00f3n, Coahuila de Zaragoza a 30 de agosto de 2026.- En el marco del D\u00eda Internacional de las V\u00edctimas de Desapariciones Forzadas, el alcalde Miguel \u00c1ngel Riquelme Sol\u00eds refrend\u00f3 su solidaridad y respeto a todas las familias que siguen en la b\u00fasqueda de un ser querido, y extern\u00f3 el apoyo desde la Administraci\u00f3n Municipal, para acompa\u00f1arlos en su lucha leg\u00edtima de exigencia de verdad y justicia. \u201cReconozco su fortaleza, y&#8230;<\/p>\n","protected":false},"author":1,"featured_media":33356,"comment_status":"closed","ping_status":"","sticky":false,"template":"","format":"standard","meta":{"footnotes":""},"categories":[5,28,24,7],"tags":[],"class_list":["post-33355","post","type-post","status-publish","format-standard","has-post-thumbnail","hentry","category-coahuila","category-la-laguna","category-seguridad","category-torreon","wpcat-5-id","wpcat-28-id","wpcat-24-id","wpcat-7-id"],"_links":{"self":[{"href":"https:\/\/www.aquilaguna.com\/index.php\/wp-json\/wp\/v2\/posts\/33355","targetHints":{"allow":["GET"]}}],"collection":[{"href":"https:\/\/www.aquilaguna.com\/index.php\/wp-json\/wp\/v2\/posts"}],"about":[{"href":"https:\/\/www.aquilaguna.com\/index.php\/wp-json\/wp\/v2\/types\/post"}],"author":[{"embeddable":true,"href":"https:\/\/www.aquilaguna.com\/index.php\/wp-json\/wp\/v2\/users\/1"}],"replies":[{"embeddable":true,"href":"https:\/\/www.aquilaguna.com\/index.php\/wp-json\/wp\/v2\/comments?post=33355"}],"version-history":[{"count":1,"href":"https:\/\/www.aquilaguna.com\/index.php\/wp-json\/wp\/v2\/posts\/33355\/revisions"}],"predecessor-version":[{"id":33357,"href":"https:\/\/www.aquilaguna.com\/index.php\/wp-json\/wp\/v2\/posts\/33355\/revisions\/33357"}],"wp:featuredmedia":[{"embeddable":true,"href":"https:\/\/www.aquilaguna.com\/index.php\/wp-json\/wp\/v2\/media\/33356"}],"wp:attachment":[{"href":"https:\/\/www.aquilaguna.com\/index.php\/wp-json\/wp\/v2\/media?parent=33355"}],"wp:term":[{"taxonomy":"category","embeddable":true,"href":"https:\/\/www.aquilaguna.com\/index.php\/wp-json\/wp\/v2\/categories?post=33355"},{"taxonomy":"post_tag","embeddable":true,"href":"https:\/\/www.aquilaguna.com\/index.php\/wp-json\/wp\/v2\/tags?post=33355"}],"curies":[{"name":"wp","href":"https:\/\/api.w.org\/{rel}","templated":true}]}}