{"id":33361,"date":"2026-08-30T22:03:08","date_gmt":"2026-08-31T04:03:08","guid":{"rendered":"https:\/\/www.aquilaguna.com\/?p=33361"},"modified":"2026-08-30T22:03:08","modified_gmt":"2026-08-31T04:03:08","slug":"aqui-laguna-539","status":"publish","type":"post","link":"https:\/\/www.aquilaguna.com\/index.php\/2026\/08\/30\/aqui-laguna-539\/","title":{"rendered":"Aqu\u00ed Laguna."},"content":{"rendered":"\n<p class=\"wp-block-paragraph\">\u00a1D\u00eda Internacional de las Desapariciones Forzadas! Y en nuestro \u00e1mbito, simplemente &#8220;D\u00eda Internacional de las Personas Desaparecidas&#8221;, no por alg\u00fan ente gubernamental de cualquier nivel, sino por el crimen organizado, que cobr\u00f3 auge en nuestro pa\u00eds y alcanz\u00f3 a Coahuila a partir de all\u00e1 del a\u00f1o 2012. Las familias de los laguneros desaparecidos, portando su dolor y su desconcierto a cuestas, tomaron esta ma\u00f1ana las calles, y no cualquiera, sino las del Paseo Morelos, para hacer visible su dolor, su resiliencia para resistir el olvido del ser querido desaparecido, el cual nutre el sentimiento que alienta la esperanza de verlos retornar o encontrarlos vivos o muertos.<\/p>\n\n\n\n<p class=\"wp-block-paragraph\">Si bien la mayor\u00eda de estos casos se ligan casi de manera insistente con los grupos delictivos, muchos hay tambi\u00e9n cuyos responsables, con todo y que sean delincuentes, no pertenecen a banda delictiva organizada alguna, sino a grup\u00fasculos de los cuales no se tiene certeza anterior o posterior. Con todo, ninguno de los casos -sean responsabilidad presunta del gobierno en alguno de sus \u00e1mbitos, o bien de grupos delictivos, y peor a\u00fan, de simples casos en los que sustrajeron de su vida y destino a los desaparecidos, o sea solo alg\u00fan sujeto extraviado-, deja de haber gestado una enorme cauda de dolor para sus familias; de ah\u00ed que su lucha genere simpat\u00edas y a veces solidaridad con los manifestantes que no cesan en la b\u00fasqueda, que agotan cualquier indicio que pudiera acompa\u00f1arlas en sus jornadas de rastreo.<\/p>\n\n\n\n<p class=\"wp-block-paragraph\">Puede decirse, pues as\u00ed consta, que Coahuila es quiz\u00e1s la entidad del pa\u00eds que m\u00e1s ha avanzado en buscar a sus desaparecidos, acompa\u00f1\u00e1ndolas, escuch\u00e1ndolas, realizando investigaciones, etc\u00e9tera, que hagan sentir un acompa\u00f1amiento real, no declarativo o simplemente propagand\u00edstico. En este cuadro se inscribe el apoyo que asume en tal causa el alcalde de Torre\u00f3n, Miguel \u00c1ngel Riquelme Sol\u00eds, quien de modo alguno desconoce el tema y el dolor que genera entre los familiares afectados, pues ya hizo igual seguimiento a lo largo de la administraci\u00f3n estatal que presidi\u00f3 como gobernador de Coahuila.<\/p>\n\n\n\n<p class=\"wp-block-paragraph\">A unos d\u00edas solo de que el periodo electoral federal se ponga en marcha, seg\u00fan fecha fijada para el d\u00eda 10 del mes que est\u00e1 por iniciarse, el cotarro pol\u00edtico regional empieza a calentar, primero en los due\u00f1os de los logotipos partidistas, as\u00ed sean los de la denominada &#8220;opoficci\u00f3n&#8221;, a trav\u00e9s de promocionales propagand\u00edsticos para que hagan lugar en la memoria de los causantes, as\u00ed sea para empezar con los colores, las siglas y los s\u00edmbolos con los que se identifican ante el elector.<\/p>\n\n\n\n<p class=\"wp-block-paragraph\">Ah\u00ed tiene usted, para citar alguno, al Partido Verde Ecologista, que cuela en los spots que a trav\u00e9s de medios cibern\u00e9ticos bombardean las pantallas de YouTube, deslizando como quien no quiere la cosa el nombre de &#8220;Cuco&#8221; Sandoval, l\u00edder moral de tal organismo partidista en Coahuila. Ha de andar pretendiendo negociar alguna diputaci\u00f3n federal que le permita seguir viviendo fuera del error.<\/p>\n\n\n\n<p class=\"wp-block-paragraph\">Otros que buscan futuro buscan tambi\u00e9n c\u00f3mo permanecer vigentes en el imaginario colectivo, as\u00ed sea con payasadas, con se\u00f1alamientos desfasados en tema y tiempo, como es el caso del diputado Antonio Attolini Murra; que si bien el tema lo amerita, como es el caso de la indispensable y clara transparencia efectiva de la situaci\u00f3n que guardaba al momento de la salida por la puerta trasera de la empresa paramunicipal SIMAS-Torre\u00f3n su entonces director Roberto Escalante y el arribo de su nuevo titular, el contador p\u00fablico Xavier Herrera Arroyo.<\/p>\n\n\n\n<p class=\"wp-block-paragraph\">El monto oficial de la deuda reconocida, y que alcanza m\u00e1s de 2 mil millones de pesos, no es cualquier bicoca. La imaginaci\u00f3n que desatan tales cifras fincadas como deuda requiere una escrupulosa exhibici\u00f3n de los n\u00fameros que la integran; y es que las versiones que ya se fugan por parte de interesados se\u00f1alan que la operaci\u00f3n que se realiza ante proveedores clave -esos que m\u00e1s facturaron, de los que se presume haber presentado facturas infladas por los servicios o bienes que les fueran adquiridos tras asignarles millonarios contratos con la intervenci\u00f3n de un &#8220;coyote&#8221; con innegable poder para hacerlo, y en las que se sospecha que los trabajos simplemente se realizaron mal y los insumos materiales nunca existieron, como es el caso de la compra de uniformes-, hoy son objeto de un singular trato: que por las buenas o por las malas deber\u00e1n dejar olvidada pretensi\u00f3n alguna de cobrar los montos facturados al cien por ciento, reducidos, dicen algunos, hasta solo el 20%, so pena de auditor\u00eda o enviarlos a prisi\u00f3n.<\/p>\n\n\n\n<p class=\"wp-block-paragraph\">Sea esto verdad o no, las versiones no favorecen para nada a nadie que pretenda limpiar &#8220;los establos de Aug\u00edas&#8221; en los que qued\u00f3 la administraci\u00f3n p\u00fablica en este municipio, al menos hasta el mes de junio pasado. SIMAS-Torre\u00f3n deber\u00e1 ventilar los procesos de depuraci\u00f3n contable, si es que se est\u00e1n realizando, la condici\u00f3n t\u00e9cnica existente, su costo de reparaci\u00f3n o rehabilitaci\u00f3n, y no dejar tampoco de lado las condiciones de operaci\u00f3n de la planta tratadora y los ingresos que debe tener la venta de las aguas residuales; y sobre todo las pol\u00edticas vigentes para restaurar las condiciones financieras m\u00ednimas de la paramunicipal a corto y mediano plazo, ya que hoy por hoy ingresan a sus arcas alrededor de 99 millones de pesos mensuales.<\/p>\n\n\n\n<p class=\"wp-block-paragraph\">Y que la poblaci\u00f3n conozca, como debe de ser, las condiciones financieras -y no solo estas, sino tambi\u00e9n las t\u00e9cnicas-, de la instancia de la cual depende tener en la llave domiciliaria el caudal de agua indispensable -ya no hablemos de su calidad potable-, para realizar las actividades normales en cada hogar torreonense, pues de aumentar la molestia por el presunto trato que dicen reciben algunos proveedores de servicios e insumos clave, esto puede avanzar hacia terrenos no precisamente tersos.<\/p>\n","protected":false},"excerpt":{"rendered":"<p>\u00a1D\u00eda Internacional de las Desapariciones Forzadas! Y en nuestro \u00e1mbito, simplemente &#8220;D\u00eda Internacional de las Personas Desaparecidas&#8221;, no por alg\u00fan ente gubernamental de cualquier nivel, sino por el crimen organizado, que cobr\u00f3 auge en nuestro pa\u00eds y alcanz\u00f3 a Coahuila a partir de all\u00e1 del a\u00f1o 2012. Las familias de los laguneros desaparecidos, portando su dolor y su desconcierto a cuestas, tomaron esta ma\u00f1ana las calles, y no cualquiera, sino&#8230;<\/p>\n","protected":false},"author":2,"featured_media":0,"comment_status":"closed","ping_status":"","sticky":false,"template":"","format":"standard","meta":{"footnotes":""},"categories":[8],"tags":[],"class_list":["post-33361","post","type-post","status-publish","format-standard","hentry","category-aqui-laguna","wpcat-8-id"],"_links":{"self":[{"href":"https:\/\/www.aquilaguna.com\/index.php\/wp-json\/wp\/v2\/posts\/33361","targetHints":{"allow":["GET"]}}],"collection":[{"href":"https:\/\/www.aquilaguna.com\/index.php\/wp-json\/wp\/v2\/posts"}],"about":[{"href":"https:\/\/www.aquilaguna.com\/index.php\/wp-json\/wp\/v2\/types\/post"}],"author":[{"embeddable":true,"href":"https:\/\/www.aquilaguna.com\/index.php\/wp-json\/wp\/v2\/users\/2"}],"replies":[{"embeddable":true,"href":"https:\/\/www.aquilaguna.com\/index.php\/wp-json\/wp\/v2\/comments?post=33361"}],"version-history":[{"count":1,"href":"https:\/\/www.aquilaguna.com\/index.php\/wp-json\/wp\/v2\/posts\/33361\/revisions"}],"predecessor-version":[{"id":33362,"href":"https:\/\/www.aquilaguna.com\/index.php\/wp-json\/wp\/v2\/posts\/33361\/revisions\/33362"}],"wp:attachment":[{"href":"https:\/\/www.aquilaguna.com\/index.php\/wp-json\/wp\/v2\/media?parent=33361"}],"wp:term":[{"taxonomy":"category","embeddable":true,"href":"https:\/\/www.aquilaguna.com\/index.php\/wp-json\/wp\/v2\/categories?post=33361"},{"taxonomy":"post_tag","embeddable":true,"href":"https:\/\/www.aquilaguna.com\/index.php\/wp-json\/wp\/v2\/tags?post=33361"}],"curies":[{"name":"wp","href":"https:\/\/api.w.org\/{rel}","templated":true}]}}