{"id":33363,"date":"2026-08-31T17:56:21","date_gmt":"2026-08-31T23:56:21","guid":{"rendered":"https:\/\/www.aquilaguna.com\/?p=33363"},"modified":"2026-08-31T17:56:21","modified_gmt":"2026-08-31T23:56:21","slug":"aviso-de-cierre-de-calles-por-desfile-universitario-de-la-uadec-en-la-unidad-laguna","status":"publish","type":"post","link":"https:\/\/www.aquilaguna.com\/index.php\/2026\/08\/31\/aviso-de-cierre-de-calles-por-desfile-universitario-de-la-uadec-en-la-unidad-laguna\/","title":{"rendered":"Aviso de Cierre de Calles por Desfile Universitario de la UAdeC en la Unidad Laguna."},"content":{"rendered":"\n<p class=\"wp-block-paragraph\">TORRE\u00d3N, Coahuila. 31 de agosto de 2026. La Universidad Aut\u00f3noma de Coahuila,<br>informa que el mi\u00e9rcoles 2 de septiembre de 2026 habr\u00e1 cierre de circulaci\u00f3n de<br>algunas calles de la ciudad, por el Desfile Universitario de Bienvenida a los nuevos<br>integrantes de la UAdeC Unidad Laguna.<\/p>\n\n\n\n<p class=\"wp-block-paragraph\">A trav\u00e9s de la Coordinaci\u00f3n Unidad Laguna, se da a conocer a la comunidad en<br>general que los m\u00e1s de 2 mil alumnas y alumnos se concentrar\u00e1n en la tienda de<br>conveniencia \u201cOXXO UTT\u201d, ubicado en Paseo Universidad S\/N, ejido el \u00c1guila.<\/p>\n\n\n\n<p class=\"wp-block-paragraph\">El contingente saldr\u00e1 a las 17:30 horas hacia la Avenida Jos\u00e9 Mar\u00eda Rodr\u00edguez,<br>ocupando el carril lateral derecho para dirigirse por esta v\u00eda hacia el poniente de la<br>ciudad de Torre\u00f3n, posteriormente continuar\u00e1 hacia el sur sobre la calle Braulio<br>Fern\u00e1ndez Aguirre hasta llegar a Ciudad Universitaria.<\/p>\n\n\n\n<p class=\"wp-block-paragraph\">En el lugar se desarrollar\u00e1 la Ceremonia de Bienvenida para estudiantes de nuevo<br>ingreso, que ser\u00e1 encabezada por el rector de la m\u00e1xima casa de estudios, Octavio<br>Pimentel Mart\u00ednez, quien estar\u00e1 acompa\u00f1ado por autoridades universitarias, as\u00ed<br>como por directivos de escuelas y facultades, posteriormente habr\u00e1 una verbena y<br>actividades de convivencia.<\/p>\n\n\n\n<p class=\"wp-block-paragraph\">La UAdeC recomienda a los automovilistas utilizar rutas alternas a las v\u00edas ya<br>mencionadas durante el horario antes se\u00f1alado, para evitar congestionamientos, por<br>su apoyo y comprensi\u00f3n a automovilistas y peatones \u00a1Muchas Gracias!<\/p>\n","protected":false},"excerpt":{"rendered":"<p>TORRE\u00d3N, Coahuila. 31 de agosto de 2026. La Universidad Aut\u00f3noma de Coahuila,informa que el mi\u00e9rcoles 2 de septiembre de 2026 habr\u00e1 cierre de circulaci\u00f3n dealgunas calles de la ciudad, por el Desfile Universitario de Bienvenida a los nuevosintegrantes de la UAdeC Unidad Laguna. A trav\u00e9s de la Coordinaci\u00f3n Unidad Laguna, se da a conocer a la comunidad engeneral que los m\u00e1s de 2 mil alumnas y alumnos se concentrar\u00e1n en&#8230;<\/p>\n","protected":false},"author":1,"featured_media":33364,"comment_status":"closed","ping_status":"","sticky":false,"template":"","format":"standard","meta":{"footnotes":""},"categories":[7,2],"tags":[],"class_list":["post-33363","post","type-post","status-publish","format-standard","has-post-thumbnail","hentry","category-torreon","category-uadec","wpcat-7-id","wpcat-2-id"],"_links":{"self":[{"href":"https:\/\/www.aquilaguna.com\/index.php\/wp-json\/wp\/v2\/posts\/33363","targetHints":{"allow":["GET"]}}],"collection":[{"href":"https:\/\/www.aquilaguna.com\/index.php\/wp-json\/wp\/v2\/posts"}],"about":[{"href":"https:\/\/www.aquilaguna.com\/index.php\/wp-json\/wp\/v2\/types\/post"}],"author":[{"embeddable":true,"href":"https:\/\/www.aquilaguna.com\/index.php\/wp-json\/wp\/v2\/users\/1"}],"replies":[{"embeddable":true,"href":"https:\/\/www.aquilaguna.com\/index.php\/wp-json\/wp\/v2\/comments?post=33363"}],"version-history":[{"count":1,"href":"https:\/\/www.aquilaguna.com\/index.php\/wp-json\/wp\/v2\/posts\/33363\/revisions"}],"predecessor-version":[{"id":33365,"href":"https:\/\/www.aquilaguna.com\/index.php\/wp-json\/wp\/v2\/posts\/33363\/revisions\/33365"}],"wp:featuredmedia":[{"embeddable":true,"href":"https:\/\/www.aquilaguna.com\/index.php\/wp-json\/wp\/v2\/media\/33364"}],"wp:attachment":[{"href":"https:\/\/www.aquilaguna.com\/index.php\/wp-json\/wp\/v2\/media?parent=33363"}],"wp:term":[{"taxonomy":"category","embeddable":true,"href":"https:\/\/www.aquilaguna.com\/index.php\/wp-json\/wp\/v2\/categories?post=33363"},{"taxonomy":"post_tag","embeddable":true,"href":"https:\/\/www.aquilaguna.com\/index.php\/wp-json\/wp\/v2\/tags?post=33363"}],"curies":[{"name":"wp","href":"https:\/\/api.w.org\/{rel}","templated":true}]}}