{"id":33375,"date":"2026-08-31T19:12:34","date_gmt":"2026-09-01T01:12:34","guid":{"rendered":"https:\/\/www.aquilaguna.com\/?p=33375"},"modified":"2026-08-31T19:12:34","modified_gmt":"2026-09-01T01:12:34","slug":"priorizara-desarrollo-regional-drenaje-agua-y-pavimento-en-la-laguna-para-el-presupuesto-2027","status":"publish","type":"post","link":"https:\/\/www.aquilaguna.com\/index.php\/2026\/08\/31\/priorizara-desarrollo-regional-drenaje-agua-y-pavimento-en-la-laguna-para-el-presupuesto-2027\/","title":{"rendered":"Priorizar\u00e1 Desarrollo Regional drenaje, agua y pavimento en La Laguna para el presupuesto 2027."},"content":{"rendered":"\n<p class=\"wp-block-paragraph\">Torre\u00f3n, Coahuila.- La propuesta para el ejercicio presupuestal a ejercer en 2027 ser\u00e1 dominada, en parte importante de los recursos a ejercer a trav\u00e9s de la Secretar\u00eda de Desarrollo Regional en Torre\u00f3n y en el resto de La Laguna, por la atenci\u00f3n prioritaria a drenajes, abasto de agua y pavimento.<\/p>\n\n\n\n<p class=\"wp-block-paragraph\">Este a\u00f1o, indic\u00f3 su titular, Hugo D\u00e1vila Prado, se han invertido m\u00e1s de 300 millones de pesos, y para el a\u00f1o pr\u00f3ximo, seg\u00fan instrucciones del gobernador Jim\u00e9nez Salinas, el destino ser\u00e1 similar.<\/p>\n\n\n\n<p class=\"wp-block-paragraph\">Sobre estas tem\u00e1ticas se est\u00e1 en coordinaci\u00f3n estrecha y permanente con los alcaldes de los cinco municipios laguneros para alcanzar no solo tal coordinaci\u00f3n, sino concretar acuerdos para mezclar fondos estatales y municipales que nos permitan abarcar y ampliar el alcance de los servicios p\u00fablicos citados.<\/p>\n\n\n\n<p class=\"wp-block-paragraph\">&#8220;Estas tem\u00e1ticas son las que estamos atendiendo y a lo largo del a\u00f1o se han destinado ya alrededor de 300 millones de pesos, y registramos un avance del 50% seg\u00fan lo planeado&#8221;.<\/p>\n\n\n\n<p class=\"wp-block-paragraph\">Cit\u00f3 luego que hay ya siete colectores atendidos y tres nuevas fuentes de abasto de agua, se\u00f1alando que una de estas es inversi\u00f3n directa y total del Gobierno de Coahuila; en los tres casos faltan a\u00fan trabajos de conexi\u00f3n a la red de distribuci\u00f3n que ya se est\u00e1n realizando.<\/p>\n\n\n\n<p class=\"wp-block-paragraph\">Sum\u00f3 siete colectores y dos de las tres nuevas fuentes de abasto de agua que ya se est\u00e1n conectando a las redes de distribuci\u00f3n de Simas Torre\u00f3n, resolviendo con ello la escasez en las colonias del nororiente de Torre\u00f3n.<\/p>\n\n\n\n<p class=\"wp-block-paragraph\">Es decir, se est\u00e1n equipando y estar\u00e1n en servicio ya en d\u00edas pr\u00f3ximos.<\/p>\n","protected":false},"excerpt":{"rendered":"<p>Torre\u00f3n, Coahuila.- La propuesta para el ejercicio presupuestal a ejercer en 2027 ser\u00e1 dominada, en parte importante de los recursos a ejercer a trav\u00e9s de la Secretar\u00eda de Desarrollo Regional en Torre\u00f3n y en el resto de La Laguna, por la atenci\u00f3n prioritaria a drenajes, abasto de agua y pavimento. Este a\u00f1o, indic\u00f3 su titular, Hugo D\u00e1vila Prado, se han invertido m\u00e1s de 300 millones de pesos, y para el&#8230;<\/p>\n","protected":false},"author":2,"featured_media":0,"comment_status":"closed","ping_status":"","sticky":false,"template":"","format":"standard","meta":{"footnotes":""},"categories":[5,28,75,7],"tags":[],"class_list":["post-33375","post","type-post","status-publish","format-standard","hentry","category-coahuila","category-la-laguna","category-obra","category-torreon","wpcat-5-id","wpcat-28-id","wpcat-75-id","wpcat-7-id"],"_links":{"self":[{"href":"https:\/\/www.aquilaguna.com\/index.php\/wp-json\/wp\/v2\/posts\/33375","targetHints":{"allow":["GET"]}}],"collection":[{"href":"https:\/\/www.aquilaguna.com\/index.php\/wp-json\/wp\/v2\/posts"}],"about":[{"href":"https:\/\/www.aquilaguna.com\/index.php\/wp-json\/wp\/v2\/types\/post"}],"author":[{"embeddable":true,"href":"https:\/\/www.aquilaguna.com\/index.php\/wp-json\/wp\/v2\/users\/2"}],"replies":[{"embeddable":true,"href":"https:\/\/www.aquilaguna.com\/index.php\/wp-json\/wp\/v2\/comments?post=33375"}],"version-history":[{"count":1,"href":"https:\/\/www.aquilaguna.com\/index.php\/wp-json\/wp\/v2\/posts\/33375\/revisions"}],"predecessor-version":[{"id":33376,"href":"https:\/\/www.aquilaguna.com\/index.php\/wp-json\/wp\/v2\/posts\/33375\/revisions\/33376"}],"wp:attachment":[{"href":"https:\/\/www.aquilaguna.com\/index.php\/wp-json\/wp\/v2\/media?parent=33375"}],"wp:term":[{"taxonomy":"category","embeddable":true,"href":"https:\/\/www.aquilaguna.com\/index.php\/wp-json\/wp\/v2\/categories?post=33375"},{"taxonomy":"post_tag","embeddable":true,"href":"https:\/\/www.aquilaguna.com\/index.php\/wp-json\/wp\/v2\/tags?post=33375"}],"curies":[{"name":"wp","href":"https:\/\/api.w.org\/{rel}","templated":true}]}}