{"id":33377,"date":"2026-08-31T19:13:48","date_gmt":"2026-09-01T01:13:48","guid":{"rendered":"https:\/\/www.aquilaguna.com\/?p=33377"},"modified":"2026-08-31T19:13:48","modified_gmt":"2026-09-01T01:13:48","slug":"inicia-en-coahuila-el-ciclo-escolar-2026-2027-entregan-utiles-y-anuncian-mochilas-en-torreon","status":"publish","type":"post","link":"https:\/\/www.aquilaguna.com\/index.php\/2026\/08\/31\/inicia-en-coahuila-el-ciclo-escolar-2026-2027-entregan-utiles-y-anuncian-mochilas-en-torreon\/","title":{"rendered":"Inicia en Coahuila el ciclo escolar 2026-2027; entregan \u00fatiles y anuncian mochilas en Torre\u00f3n."},"content":{"rendered":"\n<p class=\"wp-block-paragraph\">Torre\u00f3n, Coahuila.- De manera simult\u00e1nea, en ceremonias celebradas en cada cabecera municipal de esta entidad \u2014encabezadas en Saltillo capital por el gobernador Manolo Jim\u00e9nez Salinas\u2014, a partir de las 8:30 de esta ma\u00f1ana se dio inicio al ciclo escolar 2026-2027 para m\u00e1s de 550 mil ni\u00f1os y ni\u00f1as en edad preescolar, educaci\u00f3n primaria y media en Coahuila.<\/p>\n\n\n\n<p class=\"wp-block-paragraph\">Con tal motivo, en esta cabecera municipal la ceremonia celebrada en la Escuela Vicente Guerrero fue encabezada por el alcalde Miguel \u00c1ngel Riquelme Sol\u00eds, en compa\u00f1\u00eda de autoridades educativas representadas por la titular de la SEP, maestra Flor Renter\u00eda, y de otros \u00e1mbitos del gobierno, miembros del Cabildo y funcionarios municipales y estatales, cuya representaci\u00f3n principal corri\u00f3 a cargo de Hugo D\u00e1vila Prado, secretario de Desarrollo Regional, y Jos\u00e9 In\u00e9s S\u00e1nchez, coordinador operativo del programa estatal Mejora, as\u00ed como padres de familia que acompa\u00f1aron el arranque de este nuevo ciclo escolar 2026-2027.<\/p>\n\n\n\n<p class=\"wp-block-paragraph\">El universo a cubrir en materia educativa en los niveles citados incluye alrededor de medio mill\u00f3n de educandos, de los cuales m\u00e1s de 90 mil corresponden a este municipio y 150 mil al resto de los municipios laguneros, a trav\u00e9s de m\u00e1s de mil planteles educativos y atendidos por el trabajo docente de m\u00e1s de 12 mil maestros.<\/p>\n\n\n\n<p class=\"wp-block-paragraph\">La ceremonia cont\u00f3 con la solemnidad requerida, aunada luego al entusiasmo de los menores participantes, que lucieron sus uniformes de estreno y su mejor arreglo personal, custodiados por sus maestros.<\/p>\n\n\n\n<p class=\"wp-block-paragraph\">En este mismo acto se inici\u00f3 la entrega simb\u00f3lica de \u00fatiles escolares por parte del gobierno estatal y la promesa de que en este municipio de Torre\u00f3n los educandos de nivel primario recibir\u00e1n mochilas en d\u00edas pr\u00f3ximos.<\/p>\n\n\n\n<p class=\"wp-block-paragraph\">El acto cont\u00f3 con la participaci\u00f3n de diversos oradores, cerrando su participaci\u00f3n el alcalde Miguel \u00c1ngel Riquelme Sol\u00eds, quien enfatiz\u00f3 el inicio de este nuevo ciclo escolar lleno de sue\u00f1os, retos y oportunidades.<\/p>\n\n\n\n<p class=\"wp-block-paragraph\">Tras saludar a los ah\u00ed presentes, agradeci\u00f3 al gobernador Manolo Jim\u00e9nez Salinas el respaldo y permanente apoyo a la educaci\u00f3n, a Torre\u00f3n y a toda la regi\u00f3n.<\/p>\n\n\n\n<p class=\"wp-block-paragraph\">&#8220;Aqu\u00ed, en la escuela, se\u00f1al\u00f3, es donde se aprende de todo: a leer, a escribir, a convivir, a respetar, a compartir y, sobre todo, a ser mejores personas&#8230;&#8221;.<\/p>\n\n\n\n<p class=\"wp-block-paragraph\">&#8220;En este ciclo hay un enorme esfuerzo estatal y ello demuestra el trabajo unido entre el Gobierno de Coahuila y todos sus alcaldes&#8221;.<\/p>\n\n\n\n<p class=\"wp-block-paragraph\">&#8220;Este regreso a clases llega acompa\u00f1ado adem\u00e1s de otros beneficios: libros de texto gratuitos y paquetes de \u00fatiles escolares a escuelas p\u00fablicas&#8221;.<\/p>\n\n\n\n<p class=\"wp-block-paragraph\">&#8220;Aqu\u00ed en Torre\u00f3n se entregar\u00e1n m\u00e1s de 90 mil paquetes; por eso en Torre\u00f3n seguimos haciendo nuestra parte y nosotros estaremos entregando mochilas a los alumnos de educaci\u00f3n b\u00e1sica aqu\u00ed en Torre\u00f3n&#8221;.<\/p>\n\n\n\n<p class=\"wp-block-paragraph\">&#8220;Sabemos que invertir en educaci\u00f3n es invertir en el futuro de nuestra ciudad&#8221;.<\/p>\n\n\n\n<p class=\"wp-block-paragraph\">Se\u00f1al\u00f3 la importancia del apoyo de los padres de familia, que traen todo el entusiasmo, se\u00f1alando que &#8220;hoy debemos celebrar aqu\u00ed en Torre\u00f3n la seguridad que hoy se brinda en nuestro estado. Torre\u00f3n es una de las ciudades m\u00e1s seguras del pa\u00eds&#8230;&#8221;.<\/p>\n\n\n\n<p class=\"wp-block-paragraph\">&#8220;Eso, afirm\u00f3, no indica m\u00e1s que una sola cosa: que vivimos en un estado seguro&#8230;&#8221;. Solicit\u00f3 luego a quien represent\u00f3 al gobernador Manolo Jim\u00e9nez en este acto, el titular de Desarrollo Regional, Hugo D\u00e1vila, que de su parte llevara al gobernador &#8220;nuestro agradecimiento, porque las escuelas requieren de mucho apoyo, sum\u00e1ndonos a este gran esfuerzo educativo&#8230;&#8221;.<\/p>\n\n\n\n<p class=\"wp-block-paragraph\">Se dirigi\u00f3 a los padres y madres de familia ah\u00ed presentes por el acompa\u00f1amiento en la educaci\u00f3n de sus hijos, citando que la educaci\u00f3n y la seguridad son factores importantes, por lo que juntos \u2014autoridades, docentes, padres de familia y ciudadan\u00eda\u2014 vamos por un mejor futuro: &#8220;Juntos vamos seguros&#8221;.<\/p>\n","protected":false},"excerpt":{"rendered":"<p>Torre\u00f3n, Coahuila.- De manera simult\u00e1nea, en ceremonias celebradas en cada cabecera municipal de esta entidad \u2014encabezadas en Saltillo capital por el gobernador Manolo Jim\u00e9nez Salinas\u2014, a partir de las 8:30 de esta ma\u00f1ana se dio inicio al ciclo escolar 2026-2027 para m\u00e1s de 550 mil ni\u00f1os y ni\u00f1as en edad preescolar, educaci\u00f3n primaria y media en Coahuila. Con tal motivo, en esta cabecera municipal la ceremonia celebrada en la Escuela&#8230;<\/p>\n","protected":false},"author":2,"featured_media":0,"comment_status":"closed","ping_status":"","sticky":false,"template":"","format":"standard","meta":{"footnotes":""},"categories":[5,9,28,7],"tags":[],"class_list":["post-33377","post","type-post","status-publish","format-standard","hentry","category-coahuila","category-educacion","category-la-laguna","category-torreon","wpcat-5-id","wpcat-9-id","wpcat-28-id","wpcat-7-id"],"_links":{"self":[{"href":"https:\/\/www.aquilaguna.com\/index.php\/wp-json\/wp\/v2\/posts\/33377","targetHints":{"allow":["GET"]}}],"collection":[{"href":"https:\/\/www.aquilaguna.com\/index.php\/wp-json\/wp\/v2\/posts"}],"about":[{"href":"https:\/\/www.aquilaguna.com\/index.php\/wp-json\/wp\/v2\/types\/post"}],"author":[{"embeddable":true,"href":"https:\/\/www.aquilaguna.com\/index.php\/wp-json\/wp\/v2\/users\/2"}],"replies":[{"embeddable":true,"href":"https:\/\/www.aquilaguna.com\/index.php\/wp-json\/wp\/v2\/comments?post=33377"}],"version-history":[{"count":1,"href":"https:\/\/www.aquilaguna.com\/index.php\/wp-json\/wp\/v2\/posts\/33377\/revisions"}],"predecessor-version":[{"id":33378,"href":"https:\/\/www.aquilaguna.com\/index.php\/wp-json\/wp\/v2\/posts\/33377\/revisions\/33378"}],"wp:attachment":[{"href":"https:\/\/www.aquilaguna.com\/index.php\/wp-json\/wp\/v2\/media?parent=33377"}],"wp:term":[{"taxonomy":"category","embeddable":true,"href":"https:\/\/www.aquilaguna.com\/index.php\/wp-json\/wp\/v2\/categories?post=33377"},{"taxonomy":"post_tag","embeddable":true,"href":"https:\/\/www.aquilaguna.com\/index.php\/wp-json\/wp\/v2\/tags?post=33377"}],"curies":[{"name":"wp","href":"https:\/\/api.w.org\/{rel}","templated":true}]}}