{"id":33379,"date":"2026-09-01T18:20:36","date_gmt":"2026-09-02T00:20:36","guid":{"rendered":"https:\/\/www.aquilaguna.com\/?p=33379"},"modified":"2026-09-01T18:20:36","modified_gmt":"2026-09-02T00:20:36","slug":"sera-sede-uadec-de-la-35-catedra-inegi-del-7-al-11-de-septiembre-de-2026","status":"publish","type":"post","link":"https:\/\/www.aquilaguna.com\/index.php\/2026\/09\/01\/sera-sede-uadec-de-la-35-catedra-inegi-del-7-al-11-de-septiembre-de-2026\/","title":{"rendered":"Ser\u00e1 Sede UAdeC de la 35 C\u00e1tedra INEGI del 7 al 11 de septiembre de 2026."},"content":{"rendered":"\n<p class=\"wp-block-paragraph\">SALTILLO, Coahuila. 1 de septiembre de 2026. La Universidad Aut\u00f3noma de<br>Coahuila a trav\u00e9s de la Coordinaci\u00f3n General de Vinculaci\u00f3n e Innovaci\u00f3n<br>Productiva, en conjunto con el Instituto Nacional de Estad\u00edstica y Geograf\u00eda (INEGI),<br>llevar\u00e1n a cabo la 35 C\u00e1tedra INEGI del 7 al 11 de septiembre de 2026 en la Sala de<br>Seminarios \u201cEmilio J. Tamal\u00e1s\u201d, en Unidad Camporredondo, la entrada es gratuita.<\/p>\n\n\n\n<p class=\"wp-block-paragraph\">En rueda de prensa, la coordinadora general de Vinculaci\u00f3n e Innovaci\u00f3n Productiva,<br>Karla Patricia Vald\u00e9s Garc\u00eda, la coordinadora del INEGI en Coahuila, Sara\u00ed Arroyo<br>Alonso y la subcoordinadora de Vinculaci\u00f3n, \u00c1ngela Molina Arriaga, dieron a conocer<br>los detalles del evento y comentaron que la C\u00e1tedra INEGI es una actividad que se<br>realiza en todo el pa\u00eds y en esta ocasi\u00f3n la Universidad Aut\u00f3noma de Coahuila ser\u00e1<br>sede.<\/p>\n\n\n\n<p class=\"wp-block-paragraph\">Se\u00f1alaron que, en el evento se ofertar\u00e1n conferencias y talleres, con cooperaci\u00f3n<br>acad\u00e9mica de catedr\u00e1ticos y personal especializado del INEGI, en d\u00f3nde se busca<br>fomentar el intercambio de conocimientos, reflexiones, experiencias e<br>investigaciones que sean de impacto para la comunidad acad\u00e9mica y p\u00fablico<br>asistente.<\/p>\n\n\n\n<p class=\"wp-block-paragraph\">Explicaron que la inauguraci\u00f3n ser\u00e1 el 7 de septiembre a las 9:30 con la presencia<br>del rector de la m\u00e1xima casa de estudios, Octavio Pimentel Mart\u00ednez y autoridades<br>del INEGI a nivel estatal y nacional, con transmisi\u00f3n en vivo los d\u00edas lunes, mi\u00e9rcoles<br>y viernes de 10:00 a 12:00, y los talleres se desarrollar\u00e1n de manera virtual.<\/p>\n\n\n\n<p class=\"wp-block-paragraph\">Agregaron que, aunque es una invitaci\u00f3n abierta se tendr\u00e1 la participaci\u00f3n directa de<br>las facultades de medicina, psicolog\u00eda, ingenier\u00eda, arquitectura y econom\u00eda; cabe<br>mencionar que el evento est\u00e1 dirigido a investigadores, docentes, estudiantes y<br>profesionales del an\u00e1lisis de datos para explorar el impacto y las aplicaciones<br>pr\u00e1cticas de la informaci\u00f3n estad\u00edstica y geogr\u00e1fica en la toma de decisiones<br>estrat\u00e9gicas, el desarrollo de pol\u00edticas p\u00fablicas y la investigaci\u00f3n cient\u00edfica.<\/p>\n\n\n\n<p class=\"wp-block-paragraph\">El 7 de septiembre, luego de la inauguraci\u00f3n, la C\u00e1tedra iniciar\u00e1 con la conferencia<br>\u201cEncuesta Nacional sobre la Salud y Envejecimiento en M\u00e9xico\u201d, a cargo de la<br>directora de Dise\u00f1o Conceptual de Encuestas Especiales en Hogares, Norma Luz<br>Navarro Sandoval, con los comentarios del Dr. Mario Alberto Vald\u00e9s D\u00e1vila de la<br>Facultad de Medicina y el Dr. Jos\u00e9 Gonz\u00e1lez Tovar de la Facultad de Psicolog\u00eda.<\/p>\n\n\n\n<p class=\"wp-block-paragraph\">Por otro lado, el d\u00eda 8 a las 10:00 horas se llevar\u00e1 a cabo el Taller \u201cElaboraci\u00f3n de<br>tabulados estad\u00edsticos de los datos del INEGI-ENBIARE\u201d, a cargo del director de<br>Generaci\u00f3n de Resultados de Encuestas Especiales en Hogares, Ricardo Mart\u00ednez<br>Novelo; mientras que, el 9 de septiembre se tendr\u00e1 la conferencia \u201cIm\u00e1genes del<br>territorio\u201d, por la subdirectora de Percepci\u00f3n Remota Satelital, Lilia Lizbeth Bastida<\/p>\n\n\n\n<p class=\"wp-block-paragraph\">Ortiz, con los comentarios del Dr. Josu\u00e9 G\u00f3mez Casas de la Facultad de Ingenier\u00eda y<br>la Dra. Areli Magdiel L\u00f3pez Montelongo de la Facultad de Arquitectura.<\/p>\n\n\n\n<p class=\"wp-block-paragraph\">Por otra parte, el d\u00eda 10, se realizar\u00e1 el Taller \u201cElaboraci\u00f3n de mapas tem\u00e1ticos<br>sociodemog\u00e1ficos\u201d, a cargo del jefe de Departamento de Medios Impresos, Julio<br>C\u00e9sar G\u00f3mez Rivera y las actividades finalizar\u00e1n el 11 de septiembre con la<br>conferencia \u201cEncuesta Nacional de Ingresos y Gastos en los Hogares\u201d, por el director<br>general adjunto de Encuestas Sociodemogr\u00e1ficas, Octavio Heredia Hern\u00e1ndez, con<br>los comentarios del Dr. Jes\u00fas \u00c1ngel Padilla G\u00e1mez de la Facultad de Medicina y la<br>Dra. Hada S\u00e1enz de la Facultad de Econom\u00eda.<\/p>\n\n\n\n<p class=\"wp-block-paragraph\">Para m\u00e1s informaci\u00f3n sobre los talleres dirigirse a la Coordinaci\u00f3n General de<br>Vinculaci\u00f3n e Innovaci\u00f3n Productiva a los tel\u00e9fonos 844 410 1441, 844 410 1543 y<br>844 481 6557 o escribir al correo electr\u00f3nico <a href=\"mailto:CGVIP@uadec.edu.mx\">CGVIP@uadec.edu.mx<\/a>, esto debido a<br>que se desarrollar\u00e1n de manera virtual y la dependencia proporcionar\u00e1 el acceso.<\/p>\n","protected":false},"excerpt":{"rendered":"<p>SALTILLO, Coahuila. 1 de septiembre de 2026. La Universidad Aut\u00f3noma deCoahuila a trav\u00e9s de la Coordinaci\u00f3n General de Vinculaci\u00f3n e Innovaci\u00f3nProductiva, en conjunto con el Instituto Nacional de Estad\u00edstica y Geograf\u00eda (INEGI),llevar\u00e1n a cabo la 35 C\u00e1tedra INEGI del 7 al 11 de septiembre de 2026 en la Sala deSeminarios \u201cEmilio J. Tamal\u00e1s\u201d, en Unidad Camporredondo, la entrada es gratuita. En rueda de prensa, la coordinadora general de Vinculaci\u00f3n e&#8230;<\/p>\n","protected":false},"author":1,"featured_media":33380,"comment_status":"closed","ping_status":"","sticky":false,"template":"","format":"standard","meta":{"footnotes":""},"categories":[2],"tags":[],"class_list":["post-33379","post","type-post","status-publish","format-standard","has-post-thumbnail","hentry","category-uadec","wpcat-2-id"],"_links":{"self":[{"href":"https:\/\/www.aquilaguna.com\/index.php\/wp-json\/wp\/v2\/posts\/33379","targetHints":{"allow":["GET"]}}],"collection":[{"href":"https:\/\/www.aquilaguna.com\/index.php\/wp-json\/wp\/v2\/posts"}],"about":[{"href":"https:\/\/www.aquilaguna.com\/index.php\/wp-json\/wp\/v2\/types\/post"}],"author":[{"embeddable":true,"href":"https:\/\/www.aquilaguna.com\/index.php\/wp-json\/wp\/v2\/users\/1"}],"replies":[{"embeddable":true,"href":"https:\/\/www.aquilaguna.com\/index.php\/wp-json\/wp\/v2\/comments?post=33379"}],"version-history":[{"count":1,"href":"https:\/\/www.aquilaguna.com\/index.php\/wp-json\/wp\/v2\/posts\/33379\/revisions"}],"predecessor-version":[{"id":33381,"href":"https:\/\/www.aquilaguna.com\/index.php\/wp-json\/wp\/v2\/posts\/33379\/revisions\/33381"}],"wp:featuredmedia":[{"embeddable":true,"href":"https:\/\/www.aquilaguna.com\/index.php\/wp-json\/wp\/v2\/media\/33380"}],"wp:attachment":[{"href":"https:\/\/www.aquilaguna.com\/index.php\/wp-json\/wp\/v2\/media?parent=33379"}],"wp:term":[{"taxonomy":"category","embeddable":true,"href":"https:\/\/www.aquilaguna.com\/index.php\/wp-json\/wp\/v2\/categories?post=33379"},{"taxonomy":"post_tag","embeddable":true,"href":"https:\/\/www.aquilaguna.com\/index.php\/wp-json\/wp\/v2\/tags?post=33379"}],"curies":[{"name":"wp","href":"https:\/\/api.w.org\/{rel}","templated":true}]}}