{"id":33382,"date":"2026-09-01T18:22:09","date_gmt":"2026-09-02T00:22:09","guid":{"rendered":"https:\/\/www.aquilaguna.com\/?p=33382"},"modified":"2026-09-01T18:22:09","modified_gmt":"2026-09-02T00:22:09","slug":"participara-uadec-en-la-conferencia-express-2026-sobre-fisica-de-materiales-energia-y-medio-ambiente","status":"publish","type":"post","link":"https:\/\/www.aquilaguna.com\/index.php\/2026\/09\/01\/participara-uadec-en-la-conferencia-express-2026-sobre-fisica-de-materiales-energia-y-medio-ambiente\/","title":{"rendered":"Participar\u00e1 UAdeC en la Conferencia Express 2026 sobre F\u00edsica de Materiales, Energ\u00eda y Medio Ambiente."},"content":{"rendered":"\n<p class=\"wp-block-paragraph\">SALTILLO, Coahuila. 31 de agosto de 2026. La Universidad Aut\u00f3noma de Coahuila a<br>trav\u00e9s de la Facultad de Ciencias F\u00edsico Matem\u00e1ticas, ser\u00e1 una de las sedes, de la<br>\u201cConferencia Express 2026: F\u00edsica de Materiales y sus Aplicaciones en Energ\u00eda y<br>Medio Ambiente\u201d (CEFMA), encuentro internacional que reunir\u00e1 a especialistas e<br>investigadores de distintos pa\u00edses para compartir conocimientos y avances en la<br>frontera de la f\u00edsica de materiales.<\/p>\n\n\n\n<p class=\"wp-block-paragraph\">El evento se llevar\u00e1 a cabo los d\u00edas 15 y 16 de septiembre de 2026, mediante<br>sesiones virtuales a trav\u00e9s de la plataforma Zoom, adem\u00e1s de contar con espacios<br>presenciales habilitados en auditorios de diversas instituciones participantes, entre<br>ellas la Universidad Aut\u00f3noma de Coahuila, la Universidad Nacional Aut\u00f3noma de<br>M\u00e9xico y la Universidad de El Salvador; en la UAdeC, la actividad tendr\u00e1 como sede<br>la Sala de Usos M\u00faltiples de la Facultad de Ciencias F\u00edsico-Matem\u00e1ticas (FCFM).<\/p>\n\n\n\n<p class=\"wp-block-paragraph\">Entre los principales ejes tem\u00e1ticos de la conferencia se encuentran la S\u00edntesis,<br>procesamiento y caracterizaci\u00f3n de nanomateriales; Materiales para el<br>almacenamiento y generaci\u00f3n de energ\u00eda; Materiales avanzados para la<br>descontaminaci\u00f3n del agua y la remediaci\u00f3n ambiental; Materiales fotovoltaicos y<br>nuevas tecnolog\u00edas de celdas solares; Modelado computacional, simulaci\u00f3n y teor\u00eda<br>de nuevos materiales; Biomateriales, pol\u00edmeros y materiales sustentables, adem\u00e1s<br>de las propiedades \u00f3pticas, el\u00e9ctricas y magn\u00e9ticas de materiales complejos y otros<br>temas relacionados con la f\u00edsica de materiales, energ\u00eda y medio ambiente.<\/p>\n\n\n\n<p class=\"wp-block-paragraph\">El programa contempla la participaci\u00f3n de destacados investigadores y especialistas,<br>entre la Dra. Claudia Magdalena L\u00f3pez Badillo de la Universidad Aut\u00f3noma de<br>Coahuila; el Dr. Rafael Juli\u00e1n Gonz\u00e1lez Hern\u00e1ndez de la Universidad del Norte,<br>Barranquilla, Colombia; \u00d3scar Ozuna de PPG Aerospace, California, Estados<br>Unidos; el Dr. Aldo Humberto Romero de West Virginia University y el Dr. Ricardo<br>Salazar Gonz\u00e1lez de la Pontificia Universidad Cat\u00f3lica de Chile.<\/p>\n\n\n\n<p class=\"wp-block-paragraph\">La participaci\u00f3n en CEFMA 2026 es gratuita y virtual, por lo que las personas<br>interesadas podr\u00e1n elegir entre diferentes modalidades; es posible asistir \u00fanicamente<br>como participante para seguir las sesiones en vivo por Zoom, sin presentar trabajo, o<br>bien participar mediante la presentaci\u00f3n de un p\u00f3ster en formato PDF, un p\u00f3ster en<br>video grabado o un p\u00f3ster en vivo durante una sesi\u00f3n programada en Zoom.<\/p>\n\n\n\n<p class=\"wp-block-paragraph\">Para quienes deseen presentar trabajos, la fecha l\u00edmite para el env\u00edo de res\u00famenes<br>es el 3 de septiembre de 2026, a trav\u00e9s del sitio <a href=\"https:\/\/cefma.com.mx\/participar\">https:\/\/cefma.com.mx\/participar<\/a>;<br>mientras que la notificaci\u00f3n de aceptaci\u00f3n se realizar\u00e1 el 7 de septiembre.<br>Para m\u00e1s informaci\u00f3n, consultar el sitio web de la Conferencia Express 2026<br><a href=\"https:\/\/cefma.com.mx\/\">https:\/\/cefma.com.mx\/<\/a>, escribir al correo electr\u00f3nico <a href=\"mailto:cefma2026@gmail.com\">cefma2026@gmail.com<\/a> o<\/p>\n\n\n\n<p class=\"wp-block-paragraph\">comunicarse a la Facultad de Ciencias F\u00edsico Matem\u00e1ticas al tel\u00e9fono (844) 414 47<br>39.<\/p>\n","protected":false},"excerpt":{"rendered":"<p>SALTILLO, Coahuila. 31 de agosto de 2026. La Universidad Aut\u00f3noma de Coahuila atrav\u00e9s de la Facultad de Ciencias F\u00edsico Matem\u00e1ticas, ser\u00e1 una de las sedes, de la\u201cConferencia Express 2026: F\u00edsica de Materiales y sus Aplicaciones en Energ\u00eda yMedio Ambiente\u201d (CEFMA), encuentro internacional que reunir\u00e1 a especialistas einvestigadores de distintos pa\u00edses para compartir conocimientos y avances en lafrontera de la f\u00edsica de materiales. El evento se llevar\u00e1 a cabo los d\u00edas&#8230;<\/p>\n","protected":false},"author":1,"featured_media":33383,"comment_status":"closed","ping_status":"","sticky":false,"template":"","format":"standard","meta":{"footnotes":""},"categories":[2],"tags":[],"class_list":["post-33382","post","type-post","status-publish","format-standard","has-post-thumbnail","hentry","category-uadec","wpcat-2-id"],"_links":{"self":[{"href":"https:\/\/www.aquilaguna.com\/index.php\/wp-json\/wp\/v2\/posts\/33382","targetHints":{"allow":["GET"]}}],"collection":[{"href":"https:\/\/www.aquilaguna.com\/index.php\/wp-json\/wp\/v2\/posts"}],"about":[{"href":"https:\/\/www.aquilaguna.com\/index.php\/wp-json\/wp\/v2\/types\/post"}],"author":[{"embeddable":true,"href":"https:\/\/www.aquilaguna.com\/index.php\/wp-json\/wp\/v2\/users\/1"}],"replies":[{"embeddable":true,"href":"https:\/\/www.aquilaguna.com\/index.php\/wp-json\/wp\/v2\/comments?post=33382"}],"version-history":[{"count":1,"href":"https:\/\/www.aquilaguna.com\/index.php\/wp-json\/wp\/v2\/posts\/33382\/revisions"}],"predecessor-version":[{"id":33384,"href":"https:\/\/www.aquilaguna.com\/index.php\/wp-json\/wp\/v2\/posts\/33382\/revisions\/33384"}],"wp:featuredmedia":[{"embeddable":true,"href":"https:\/\/www.aquilaguna.com\/index.php\/wp-json\/wp\/v2\/media\/33383"}],"wp:attachment":[{"href":"https:\/\/www.aquilaguna.com\/index.php\/wp-json\/wp\/v2\/media?parent=33382"}],"wp:term":[{"taxonomy":"category","embeddable":true,"href":"https:\/\/www.aquilaguna.com\/index.php\/wp-json\/wp\/v2\/categories?post=33382"},{"taxonomy":"post_tag","embeddable":true,"href":"https:\/\/www.aquilaguna.com\/index.php\/wp-json\/wp\/v2\/tags?post=33382"}],"curies":[{"name":"wp","href":"https:\/\/api.w.org\/{rel}","templated":true}]}}