{"id":33385,"date":"2026-09-01T18:49:58","date_gmt":"2026-09-02T00:49:58","guid":{"rendered":"https:\/\/www.aquilaguna.com\/?p=33385"},"modified":"2026-09-01T18:49:58","modified_gmt":"2026-09-02T00:49:58","slug":"invita-imce-a-la-exposicion-la-aljamia-de-torreon","status":"publish","type":"post","link":"https:\/\/www.aquilaguna.com\/index.php\/2026\/09\/01\/invita-imce-a-la-exposicion-la-aljamia-de-torreon\/","title":{"rendered":"INVITA IMCE A LA EXPOSICI\u00d3N \u201cLA ALJAM\u00cdA DE TORRE\u00d3N\u201d."},"content":{"rendered":"\n<ul class=\"wp-block-list\">\n<li><em>La muestra analiza la llegada de la escritura del medio oriente mediante la Aljam\u00eda y la expresion arquitect\u00f3nica del \u00e1rte Mud\u00e9jar en la Comarca Lagunera.<\/em><\/li>\n<\/ul>\n\n\n\n<p class=\"wp-block-paragraph\">Torre\u00f3n, Coahuila de Zaragoza; 1 de septiembre de 2026. El Instituto Municipal de Cultura y Educaci\u00f3n (IMCE) invita a la inauguraci\u00f3n de la exposici\u00f3n \u201cLa aljam\u00eda de Torre\u00f3n\u201d, del artista Sayeg Salas, que se llevar\u00e1 a cabo el viernes 4 de septiembre a las 13:00 horas, en el Centro Cultural Pablo C. Moreno.<\/p>\n\n\n\n<p class=\"wp-block-paragraph\">El director del IMCE, Antonio M\u00e9ndez Vigat\u00e1, explic\u00f3 que esta muestra se realizar\u00e1 mediante dibujos que contienen la escritura del medio oriente, as\u00ed como parte de las expresiones arquitect\u00f3nicas que fueron adoptadas mediante el arte Mud\u00e9jar en Am\u00e9rica y en la Comarca Lagunera.<\/p>\n\n\n\n<p class=\"wp-block-paragraph\">\u201cEsta expresi\u00f3n art\u00edstica nos permite entender c\u00f3mo distintas culturas se encontraron, dialogaron y dejaron una huella que permanece hasta nuestros d\u00edas. No solo habla del arte mud\u00e9jar y de sus or\u00edgenes, sino que nos invita a reconocer esas influencias en nuestro propio entorno y en la riqueza arquitect\u00f3nica de la Comarca Lagunera\u201d, se\u00f1al\u00f3<\/p>\n\n\n\n<p class=\"wp-block-paragraph\">La propuesta aborda la aljam\u00eda, una pr\u00e1ctica desarrollada en la pen\u00ednsula ib\u00e9rica que consist\u00eda en escribir lenguas romances como el castellano, con caracteres \u00e1rabes. Esta forma de escritura surgi\u00f3 del contacto entre distintas culturas y tradiciones, y representa la convivencia y el intercambio entre el mundo isl\u00e1mico y el cristiano. Esta influencia tambi\u00e9n se manifest\u00f3 en el arte mud\u00e9jar, que incorpor\u00f3 elementos de tradici\u00f3n isl\u00e1mica en espacios y construcciones cristianas.<\/p>\n\n\n\n<p class=\"wp-block-paragraph\">Como parte de las actividades complementarias, el domingo 6 de septiembre a las 11:00 horas, el IMCE ofrecer\u00e1 una charla sobre el arte mud\u00e9jar su origen, caracter\u00edsticas, principales manifestaciones y llegada a Am\u00e9rica, con ejemplos de edificios representativos de Espa\u00f1a y de la Comarca Lagunera.<\/p>\n","protected":false},"excerpt":{"rendered":"<p>Torre\u00f3n, Coahuila de Zaragoza; 1 de septiembre de 2026. El Instituto Municipal de Cultura y Educaci\u00f3n (IMCE) invita a la inauguraci\u00f3n de la exposici\u00f3n \u201cLa aljam\u00eda de Torre\u00f3n\u201d, del artista Sayeg Salas, que se llevar\u00e1 a cabo el viernes 4 de septiembre a las 13:00 horas, en el Centro Cultural Pablo C. Moreno. El director del IMCE, Antonio M\u00e9ndez Vigat\u00e1, explic\u00f3 que esta muestra se realizar\u00e1 mediante dibujos que contienen&#8230;<\/p>\n","protected":false},"author":1,"featured_media":0,"comment_status":"closed","ping_status":"","sticky":false,"template":"","format":"standard","meta":{"footnotes":""},"categories":[5,12,28,7],"tags":[],"class_list":["post-33385","post","type-post","status-publish","format-standard","hentry","category-coahuila","category-cultura","category-la-laguna","category-torreon","wpcat-5-id","wpcat-12-id","wpcat-28-id","wpcat-7-id"],"_links":{"self":[{"href":"https:\/\/www.aquilaguna.com\/index.php\/wp-json\/wp\/v2\/posts\/33385","targetHints":{"allow":["GET"]}}],"collection":[{"href":"https:\/\/www.aquilaguna.com\/index.php\/wp-json\/wp\/v2\/posts"}],"about":[{"href":"https:\/\/www.aquilaguna.com\/index.php\/wp-json\/wp\/v2\/types\/post"}],"author":[{"embeddable":true,"href":"https:\/\/www.aquilaguna.com\/index.php\/wp-json\/wp\/v2\/users\/1"}],"replies":[{"embeddable":true,"href":"https:\/\/www.aquilaguna.com\/index.php\/wp-json\/wp\/v2\/comments?post=33385"}],"version-history":[{"count":1,"href":"https:\/\/www.aquilaguna.com\/index.php\/wp-json\/wp\/v2\/posts\/33385\/revisions"}],"predecessor-version":[{"id":33386,"href":"https:\/\/www.aquilaguna.com\/index.php\/wp-json\/wp\/v2\/posts\/33385\/revisions\/33386"}],"wp:attachment":[{"href":"https:\/\/www.aquilaguna.com\/index.php\/wp-json\/wp\/v2\/media?parent=33385"}],"wp:term":[{"taxonomy":"category","embeddable":true,"href":"https:\/\/www.aquilaguna.com\/index.php\/wp-json\/wp\/v2\/categories?post=33385"},{"taxonomy":"post_tag","embeddable":true,"href":"https:\/\/www.aquilaguna.com\/index.php\/wp-json\/wp\/v2\/tags?post=33385"}],"curies":[{"name":"wp","href":"https:\/\/api.w.org\/{rel}","templated":true}]}}