{"id":33387,"date":"2026-09-01T18:52:24","date_gmt":"2026-09-02T00:52:24","guid":{"rendered":"https:\/\/www.aquilaguna.com\/?p=33387"},"modified":"2026-09-01T18:52:24","modified_gmt":"2026-09-02T00:52:24","slug":"mi-tienda-del-ahorro-coloca-la-primera-piedra-de-su-nueva-tienda-en-torreon-la-joya","status":"publish","type":"post","link":"https:\/\/www.aquilaguna.com\/index.php\/2026\/09\/01\/mi-tienda-del-ahorro-coloca-la-primera-piedra-de-su-nueva-tienda-en-torreon-la-joya\/","title":{"rendered":"Mi Tienda del Ahorro coloca la primera piedra de su nueva tienda en Torre\u00f3n La Joya."},"content":{"rendered":"\n<ul class=\"wp-block-list\">\n<li>El nuevo proyecto reafirma la confianza de H-E-B M\u00e9xico y Mi Tienda del Ahorro en la Comarca Lagunera, impulsando empleo, inversi\u00f3n y cercan\u00eda con las familias.<\/li>\n<\/ul>\n\n\n\n<p class=\"wp-block-paragraph\"><strong>Torre\u00f3n, Coahuila, 1 de septiembre de 2026.<\/strong> Mi Tienda del Ahorro celebr\u00f3 la ceremonia de primera piedra e inicio de construcci\u00f3n de Mi Tienda del Ahorro Torre\u00f3n La Joya, un proyecto que representa un paso importante en la estrategia de crecimiento de la compa\u00f1\u00eda y refrenda su confianza en el desarrollo econ\u00f3mico y social de Torre\u00f3n. El evento reuni\u00f3 a directivos de<br>H-E-B M\u00e9xico y Mi Tienda del Ahorro, autoridades estatales y municipales, representantes de organismos sociales, medios de comunicaci\u00f3n, proveedores, aliados estrat\u00e9gicos y socios, quienes dieron el arranque formal a la construcci\u00f3n de esta nueva sucursal.<\/p>\n\n\n\n<p class=\"wp-block-paragraph\">Con esta inversi\u00f3n, la compa\u00f1\u00eda busca acercar una propuesta de ahorro, calidad y servicio a las familias de la regi\u00f3n, contribuyendo adem\u00e1s a la generaci\u00f3n de empleo y al fortalecimiento de la econom\u00eda local.<\/p>\n\n\n\n<p class=\"wp-block-paragraph\">El proyecto contempla una inversi\u00f3n proyectada de $371 millones de pesos, una construcci\u00f3n de aproximadamente 6,664.24 m2, 445 cajones de estacionamiento y 2,104.20 m2 de construcci\u00f3n de locales comerciales. Adem\u00e1s, se estima la generaci\u00f3n de 157 empleos directos y 245 empleos indirectos, contribuyendo al dinamismo econ\u00f3mico de la regi\u00f3n.<\/p>\n\n\n\n<p class=\"wp-block-paragraph\">Para la compa\u00f1\u00eda, este arranque representa mucho m\u00e1s que el inicio de una obra: simboliza cercan\u00eda con la comunidad, compromiso con las familias laguneras y la oportunidad de seguir fortaleciendo su presencia en la Laguna con un formato enfocado en precios bajos, promociones relevantes, calidad, variedad y atenci\u00f3n cercana.<\/p>\n\n\n\n<p class=\"wp-block-paragraph\">Como parte de la ceremonia, Rogelio Garza, Director de Mi Tienda del Ahorro, comparti\u00f3 la visi\u00f3n de crecimiento de la marca y la relevancia de este nuevo proyecto para la regi\u00f3n. Posteriormente, Omar Mora, Subdirector Regional de Operaciones de Mi Tienda del Ahorro, destac\u00f3 la importancia de brindar una operaci\u00f3n cercana, eficiente y orientada al servicio de los clientes.<\/p>\n\n\n\n<p class=\"wp-block-paragraph\">Como parte de su compromiso social, la compa\u00f1\u00eda realiz\u00f3 la entrega simb\u00f3lica de donativos provenientes de campa\u00f1as de la Fundaci\u00f3n H-E-B en la comunidad a organizaciones de alto impacto en la comunidad, entre ellas el Banco de Alimentos de Torre\u00f3n, Asociaci\u00f3n ALE y Ciudad de los Ni\u00f1os Torre\u00f3n, fortaleciendo su compromiso de generar un impacto positivo y sostenible en las ciudades donde tiene presencia.<\/p>\n\n\n\n<p class=\"wp-block-paragraph\">La ceremonia tambi\u00e9n cont\u00f3 con la participaci\u00f3n de autoridades estatales y municipales, a quienes la compa\u00f1\u00eda agradeci\u00f3 su acompa\u00f1amiento y colaboraci\u00f3n para impulsar condiciones que favorezcan la inversi\u00f3n, el empleo y el crecimiento de las comunidades de Coahuila.<\/p>\n\n\n\n<p class=\"wp-block-paragraph\">Con este acto simb\u00f3lico, Mi Tienda del Ahorro Torre\u00f3n La Joya se suma al plan de expansi\u00f3n de la empresa, fortaleciendo la presencia de la marca en el noreste de M\u00e9xico y reafirmando su prop\u00f3sito de ofrecer a las familias una alternativa de compra competitiva, accesible y alineada con las necesidades de la econom\u00eda del hogar.<\/p>\n\n\n\n<p class=\"wp-block-paragraph\">Mi Tienda del Ahorro forma parte de H-E-B M\u00e9xico, compa\u00f1\u00eda que inici\u00f3 operaciones en el pa\u00eds en 1997 y que actualmente cuenta con una s\u00f3lida presencia a trav\u00e9s de sus formatos H-E-B, Mi Tienda del Ahorro y comercio digital. La empresa mantiene una relaci\u00f3n comercial con m\u00e1s de 650 PYMES y desarrolla programas de responsabilidad social enfocados principalmente en alimentaci\u00f3n, educaci\u00f3n y salud.<\/p>\n\n\n\n<p class=\"wp-block-paragraph\"><em>\u201cHoy colocamos la primera piedra de una tienda, pero tambi\u00e9n reafirmamos nuestro compromiso de seguir creciendo de manera responsable, cercana y con impacto positivo en las comunidades donde estamos presentes.\u201d<\/em><\/p>\n\n\n\n<p class=\"wp-block-paragraph\">Al finalizar la ceremonia, directivos, autoridades, organismos beneficiados e invitados participaron en la fotograf\u00eda de arranque de construcci\u00f3n, dando inicio formal a este proyecto que busca generar valor econ\u00f3mico y social para Torre\u00f3n y la Comarca Lagunera.<\/p>\n\n\n\n<p class=\"wp-block-paragraph\"><strong>Datos relevantes del<\/strong> <strong>proyecto<\/strong><\/p>\n\n\n\n<ul class=\"wp-block-list\">\n<li>Proyecto: Mi Tienda del Ahorro Torre\u00f3n La Joya.<\/li>\n\n\n\n<li>Inversi\u00f3n proyectada: 371 millones de pesos.<\/li>\n\n\n\n<li>Construcci\u00f3n estimada: 6,664.24 m2<\/li>\n\n\n\n<li>Estacionamiento: 445 cajones de estacionamiento<\/li>\n\n\n\n<li>Locales comerciales: 2,104.20 m2 de construcci\u00f3n<\/li>\n\n\n\n<li>Empleos estimados: 157 directos y 245 indirectos.<\/li>\n<\/ul>\n","protected":false},"excerpt":{"rendered":"<p>Torre\u00f3n, Coahuila, 1 de septiembre de 2026. Mi Tienda del Ahorro celebr\u00f3 la ceremonia de primera piedra e inicio de construcci\u00f3n de Mi Tienda del Ahorro Torre\u00f3n La Joya, un proyecto que representa un paso importante en la estrategia de crecimiento de la compa\u00f1\u00eda y refrenda su confianza en el desarrollo econ\u00f3mico y social de Torre\u00f3n. El evento reuni\u00f3 a directivos deH-E-B M\u00e9xico y Mi Tienda del Ahorro, autoridades estatales&#8230;<\/p>\n","protected":false},"author":1,"featured_media":33388,"comment_status":"closed","ping_status":"","sticky":false,"template":"","format":"standard","meta":{"footnotes":""},"categories":[5,65,28,7],"tags":[],"class_list":["post-33387","post","type-post","status-publish","format-standard","has-post-thumbnail","hentry","category-coahuila","category-inversion","category-la-laguna","category-torreon","wpcat-5-id","wpcat-65-id","wpcat-28-id","wpcat-7-id"],"_links":{"self":[{"href":"https:\/\/www.aquilaguna.com\/index.php\/wp-json\/wp\/v2\/posts\/33387","targetHints":{"allow":["GET"]}}],"collection":[{"href":"https:\/\/www.aquilaguna.com\/index.php\/wp-json\/wp\/v2\/posts"}],"about":[{"href":"https:\/\/www.aquilaguna.com\/index.php\/wp-json\/wp\/v2\/types\/post"}],"author":[{"embeddable":true,"href":"https:\/\/www.aquilaguna.com\/index.php\/wp-json\/wp\/v2\/users\/1"}],"replies":[{"embeddable":true,"href":"https:\/\/www.aquilaguna.com\/index.php\/wp-json\/wp\/v2\/comments?post=33387"}],"version-history":[{"count":1,"href":"https:\/\/www.aquilaguna.com\/index.php\/wp-json\/wp\/v2\/posts\/33387\/revisions"}],"predecessor-version":[{"id":33389,"href":"https:\/\/www.aquilaguna.com\/index.php\/wp-json\/wp\/v2\/posts\/33387\/revisions\/33389"}],"wp:featuredmedia":[{"embeddable":true,"href":"https:\/\/www.aquilaguna.com\/index.php\/wp-json\/wp\/v2\/media\/33388"}],"wp:attachment":[{"href":"https:\/\/www.aquilaguna.com\/index.php\/wp-json\/wp\/v2\/media?parent=33387"}],"wp:term":[{"taxonomy":"category","embeddable":true,"href":"https:\/\/www.aquilaguna.com\/index.php\/wp-json\/wp\/v2\/categories?post=33387"},{"taxonomy":"post_tag","embeddable":true,"href":"https:\/\/www.aquilaguna.com\/index.php\/wp-json\/wp\/v2\/tags?post=33387"}],"curies":[{"name":"wp","href":"https:\/\/api.w.org\/{rel}","templated":true}]}}