{"id":33390,"date":"2026-09-01T20:11:40","date_gmt":"2026-09-02T02:11:40","guid":{"rendered":"https:\/\/www.aquilaguna.com\/?p=33390"},"modified":"2026-09-01T20:11:40","modified_gmt":"2026-09-02T02:11:40","slug":"fortalece-dif-coahuila-inclusion-y-movilidad-con-entrega-regional-de-aparatos-funcionales","status":"publish","type":"post","link":"https:\/\/www.aquilaguna.com\/index.php\/2026\/09\/01\/fortalece-dif-coahuila-inclusion-y-movilidad-con-entrega-regional-de-aparatos-funcionales\/","title":{"rendered":"Fortalece DIF Coahuila inclusi\u00f3n y movilidad con entrega regional de aparatos funcionales."},"content":{"rendered":"\n<p class=\"wp-block-paragraph\">Torre\u00f3n, Coahuila.- Este mediod\u00eda, la se\u00f1ora Liliana Salinas de Jim\u00e9nez, atendiendo la disposici\u00f3n del gobernador Manolo Jim\u00e9nez Salinas de atender con la mayor sensibilidad y cercan\u00eda a las personas que en Coahuila registran en sus vidas alguna discapacidad, ya sea f\u00edsica o de otro orden -y que en la entidad se estima pueden sumar hasta 300 mil afectados-, hizo entrega de insumos que les permitan transitar en mejores condiciones las limitaciones inherentes.<\/p>\n\n\n\n<p class=\"wp-block-paragraph\">Lo anterior fue expresado por la se\u00f1ora Liliana Salinas de Jim\u00e9nez momentos antes de presidir la entrega que, bajo el lema de &#8220;Apoyos Funcionales&#8221;, tuvo lugar en uno de los salones del Centro de Convenciones de esta ciudad, donde era esperada por cientos de personas seleccionadas previamente para recibirlos y que arribaron a Torre\u00f3n desde diversos sitios de la entidad.<\/p>\n\n\n\n<p class=\"wp-block-paragraph\">Abordada, la presidenta honoraria del DIF Coahuila indic\u00f3 que &#8220;sabemos definitivamente que estos apoyos les cambian la vida, mejoran su calidad y por eso estamos haci\u00e9ndolos&#8221;.<\/p>\n\n\n\n<p class=\"wp-block-paragraph\">Record\u00f3 que el mes pasado se hizo entrega aqu\u00ed mismo en Torre\u00f3n de las tarjetas denominadas &#8220;Veamos la Discapacidad&#8221;, con aportaci\u00f3n de recursos destinados a sus gastos y para que con ello se ayude a su econom\u00eda.<\/p>\n\n\n\n<p class=\"wp-block-paragraph\">&#8220;Estamos en septiembre&#8221;, anticipando que en este lapso de tiempo habr\u00e1 muchos actos a lo largo y ancho de Coahuila para poder dar los apoyos convenidos.<\/p>\n\n\n\n<p class=\"wp-block-paragraph\">Preguntada sobre el n\u00famero de personas que enfrentan limitaciones f\u00edsicas o de otro orden, dio a conocer que no cuenta con el n\u00famero exacto, sino solo con una estimaci\u00f3n de alrededor de 300 mil coahuilenses, y que esta es una segunda entrega, pues previamente los alcaldes y alcaldesas de los municipios de la entidad ya estuvieron entregando apoyos: &#8220;El d\u00eda de hoy entregamos 315 aparatos, pero en estas entregas se sumar\u00e1n a otras en la entidad y sumaremos alrededor de 815 aparatos funcionales&#8230;&#8221;.<\/p>\n\n\n\n<p class=\"wp-block-paragraph\">Estos son sillas de ruedas de diversos tipos, PCI, PCA, bastones y sillas para ba\u00f1o, que son elementos que entregamos.<\/p>\n\n\n\n<p class=\"wp-block-paragraph\">&#8220;Este tipo de entregas son casi permanentes, enfrentando las necesidades que se presentan, pues si bien hay entregas masivas, tambi\u00e9n vamos entregando algunas de manera individual; pero la intenci\u00f3n es que todas las personas que necesiten de una silla como apoyo funcional la puedan tener&#8230;&#8221;.<\/p>\n\n\n\n<p class=\"wp-block-paragraph\">Manifest\u00f3 que en esta inversi\u00f3n se destinaron m\u00e1s de 4 millones de pesos del presupuesto del DIF Coahuila.<\/p>\n\n\n\n<p class=\"wp-block-paragraph\">En torno a la principal demanda de apoyo para enfrentar la discapacidad en esta entidad, la se\u00f1ora Salinas de Jim\u00e9nez estim\u00f3 que &#8220;es la demanda de sillas de ruedas, pues muchas de las veces la solicitud tiene que ver con la movilidad&#8230;&#8221;.<\/p>\n\n\n\n<p class=\"wp-block-paragraph\">Analiz\u00f3 que este factor tiene que ver con que hay muchas personas que presentan amputaci\u00f3n en una o dos de sus extremidades generada por afectaci\u00f3n derivada de la diabetes, &#8220;de ah\u00ed que tengamos que atender esta enfermedad&#8221;.<\/p>\n\n\n\n<p class=\"wp-block-paragraph\">&#8220;Tenemos, dijo, que estar todos muy conscientes de bajar el consumo de refrescos, del consumo de harinas refinadas, de los az\u00facares, pues al final est\u00e1n da\u00f1ando las vidas de nuestra poblaci\u00f3n&#8221;.<\/p>\n\n\n\n<p class=\"wp-block-paragraph\">&#8220;Creo que como padres de familia, como madres, tenemos que buscar una alimentaci\u00f3n m\u00e1s sana para nuestras familias, con acciones preventivas; tenemos que evitar luego que en la familia se presente la enfermedad citada&#8230;&#8221;.<\/p>\n\n\n\n<p class=\"wp-block-paragraph\">Cit\u00f3 que entre las afectaciones de esta enfermedad figuran la ceguera y las amputaciones: &#8220;As\u00ed que vamos a cuidarnos en eso y alimentarnos m\u00e1s sanamente&#8221;.<\/p>\n\n\n\n<p class=\"wp-block-paragraph\">No dej\u00f3 de considerar que las acciones para enfrentar esta tem\u00e1tica no solo tienen que ver con la movilidad, ya que la persona afectada cuenta tambi\u00e9n con otras capacidades que pueden compensar y fortalecerla para salir adelante.<\/p>\n\n\n\n<p class=\"wp-block-paragraph\">&#8220;Nosotros estamos trabajando con muchos programas para que puedan descubrir sus habilidades, sus capacidades, y se desarrollen e ingresen al \u00e1mbito laboral o educativo, que no limiten su vida por ello&#8221;.<\/p>\n\n\n\n<p class=\"wp-block-paragraph\">Incluso sugiri\u00f3 que los padres o la familia del paciente no deben de ser tan aprensivos ni tan protectores, sino ayudarlos a salir adelante en la vida, y de ello tenemos grandes ejemplos.<\/p>\n\n\n\n<p class=\"wp-block-paragraph\">Asegur\u00f3 que el Gobierno de Coahuila promueve la inclusi\u00f3n de estas personas y se trabaja conjuntamente con grupos o instituciones, como es el caso de la UAdeC y del sector empresarial.<\/p>\n\n\n\n<p class=\"wp-block-paragraph\">&#8220;Trabajamos coordinadamente con la Secretar\u00eda del Trabajo, con la Secretar\u00eda de Salud&#8230;&#8221;. No dej\u00f3 de mencionar que estos apoyos son posibles gracias a la participaci\u00f3n solidaria de la sociedad civil y de grupos empresariales.<\/p>\n\n\n\n<p class=\"wp-block-paragraph\">Cit\u00f3 en este marco que apenas la semana anterior, gracias a la aportaci\u00f3n del Club Rotario, se pudieron entregar 25 sillas de ruedas a igual n\u00famero de beneficiados: &#8220;S\u00ed hay sinergia, s\u00ed hay apoyo&#8221;, dijo.<\/p>\n\n\n\n<p class=\"wp-block-paragraph\">&#8220;Creo que cuando trabajamos en conjunto podemos hacer m\u00e1s&#8230; Tenemos una participaci\u00f3n muy activa&#8221;.<\/p>\n\n\n\n<p class=\"wp-block-paragraph\">&#8220;Est\u00e1n confiando en nosotros y se est\u00e1n sumando&#8230;&#8221;, concluy\u00f3.<\/p>\n","protected":false},"excerpt":{"rendered":"<p>Torre\u00f3n, Coahuila.- Este mediod\u00eda, la se\u00f1ora Liliana Salinas de Jim\u00e9nez, atendiendo la disposici\u00f3n del gobernador Manolo Jim\u00e9nez Salinas de atender con la mayor sensibilidad y cercan\u00eda a las personas que en Coahuila registran en sus vidas alguna discapacidad, ya sea f\u00edsica o de otro orden -y que en la entidad se estima pueden sumar hasta 300 mil afectados-, hizo entrega de insumos que les permitan transitar en mejores condiciones las&#8230;<\/p>\n","protected":false},"author":2,"featured_media":0,"comment_status":"closed","ping_status":"","sticky":false,"template":"","format":"standard","meta":{"footnotes":""},"categories":[5,26,15,28,7],"tags":[],"class_list":["post-33390","post","type-post","status-publish","format-standard","hentry","category-coahuila","category-dif","category-gobierno-de-coahuila","category-la-laguna","category-torreon","wpcat-5-id","wpcat-26-id","wpcat-15-id","wpcat-28-id","wpcat-7-id"],"_links":{"self":[{"href":"https:\/\/www.aquilaguna.com\/index.php\/wp-json\/wp\/v2\/posts\/33390","targetHints":{"allow":["GET"]}}],"collection":[{"href":"https:\/\/www.aquilaguna.com\/index.php\/wp-json\/wp\/v2\/posts"}],"about":[{"href":"https:\/\/www.aquilaguna.com\/index.php\/wp-json\/wp\/v2\/types\/post"}],"author":[{"embeddable":true,"href":"https:\/\/www.aquilaguna.com\/index.php\/wp-json\/wp\/v2\/users\/2"}],"replies":[{"embeddable":true,"href":"https:\/\/www.aquilaguna.com\/index.php\/wp-json\/wp\/v2\/comments?post=33390"}],"version-history":[{"count":1,"href":"https:\/\/www.aquilaguna.com\/index.php\/wp-json\/wp\/v2\/posts\/33390\/revisions"}],"predecessor-version":[{"id":33391,"href":"https:\/\/www.aquilaguna.com\/index.php\/wp-json\/wp\/v2\/posts\/33390\/revisions\/33391"}],"wp:attachment":[{"href":"https:\/\/www.aquilaguna.com\/index.php\/wp-json\/wp\/v2\/media?parent=33390"}],"wp:term":[{"taxonomy":"category","embeddable":true,"href":"https:\/\/www.aquilaguna.com\/index.php\/wp-json\/wp\/v2\/categories?post=33390"},{"taxonomy":"post_tag","embeddable":true,"href":"https:\/\/www.aquilaguna.com\/index.php\/wp-json\/wp\/v2\/tags?post=33390"}],"curies":[{"name":"wp","href":"https:\/\/api.w.org\/{rel}","templated":true}]}}