{"id":33392,"date":"2026-09-02T18:50:27","date_gmt":"2026-09-03T00:50:27","guid":{"rendered":"https:\/\/www.aquilaguna.com\/?p=33392"},"modified":"2026-09-02T18:50:27","modified_gmt":"2026-09-03T00:50:27","slug":"lleva-a-cabo-uadec-el-talent-boost-foro-de-practicas-profesionales-y-educacion-dual","status":"publish","type":"post","link":"https:\/\/www.aquilaguna.com\/index.php\/2026\/09\/02\/lleva-a-cabo-uadec-el-talent-boost-foro-de-practicas-profesionales-y-educacion-dual\/","title":{"rendered":"Lleva a cabo UAdeC el Talent Boost Foro de Pr\u00e1cticas Profesionales y Educaci\u00f3n Dual."},"content":{"rendered":"\n<p class=\"wp-block-paragraph\">ARTEAGA, Coahuila. 2 de septiembre de 2026. La Coordinaci\u00f3n de Unidad Sureste<br>y la Coordinaci\u00f3n General de Vinculaci\u00f3n e Innovaci\u00f3n Productiva de la Universidad<br>Aut\u00f3noma de Coahuila, llevaron a cabo el Talent Boost Foro de Pr\u00e1cticas<br>Profesionales y Educaci\u00f3n Dual.<\/p>\n\n\n\n<p class=\"wp-block-paragraph\">La actividad se desarroll\u00f3 en el Aula Magna del Centro Cultural Universitario de<br>Campus Arteaga, la ceremonia inaugural estuvo encabezada por la coordinadora de<br>Unidad Sureste, Eva Kerena Hern\u00e1ndez Mart\u00ednez, la coordinadora general de<br>Vinculaci\u00f3n e Innovaci\u00f3n Productiva, Karla Patricia Vald\u00e9s Garc\u00eda, la<br>subcoordinadora general de Vinculaci\u00f3n, \u00c1ngela Molina Arriaga, el presidente de la<br>Academia de Directores US, C\u00e9sar Arnulfo de Le\u00f3n Alvarado, el gerente de<br>Vinculaci\u00f3n de Grupo Davisa, Jos\u00e9 Pedro Morales Peque\u00f1o, directoras y directores<br>de las diversas unidades acad\u00e9micas de US y responsables de pr\u00e1cticas<br>profesionales.<\/p>\n\n\n\n<p class=\"wp-block-paragraph\">La bienvenida estuvo a cargo de la coordinadora de Unidad Sureste, Eva Kerena<br>Hern\u00e1ndez, quien dijo que las pr\u00e1cticas profesionales son parte de la formaci\u00f3n del<br>estudiante, pues esta no solo se da en el \u00e1mbito acad\u00e9mico, es decir en un aula, por<br>lo que, el hecho de que exista una Coordinaci\u00f3n de Vinculaci\u00f3n que abra espacios<br>para que estudiantes puedan encontrar \u00e1mbitos profesionales en donde<br>desarrollarse y que vayan con las competencias adecuadas, es garant\u00eda de una<br>formaci\u00f3n integral.<\/p>\n\n\n\n<p class=\"wp-block-paragraph\">La coordinadora general de Vinculaci\u00f3n e Innovaci\u00f3n Productiva, Karla Patricia<br>Vald\u00e9s Garc\u00eda, coment\u00f3 que, es un foro de pr\u00e1cticas profesionales y educaci\u00f3n dual<br>en el cual los estudiantes van a estar recibiendo dos charlas para hablarles sobre la<br>importancia de estas actividades en su formaci\u00f3n profesional, y recibir\u00e1n algunas<br>recomendaciones y consejos para poder tener mayor \u00e9xito.<\/p>\n\n\n\n<p class=\"wp-block-paragraph\">\u201cEs un espacio en el que estudiantes pueden aprovechar porque van a tener aqu\u00ed a<br>40 empresas y no van a tener que estar acudiendo a una por una tocando puerta por<br>puerta y entonces les ahorra tiempo, esfuerzo y les da posibilidad de elegir entre<br>varias opciones, porque de eso se trata tambi\u00e9n de que ya tengan este acercamiento<br>a lo que va a ser su realidad profesional\u201d, dijo.<\/p>\n\n\n\n<p class=\"wp-block-paragraph\">Agreg\u00f3 que en el tema de realizar las pr\u00e1cticas profesionales el 100 por ciento logra<br>acomodarse en alguna empresa y una vez dentro de entre 10 j\u00f3venes al menos 6 o<br>7 logran una contrataci\u00f3n y los que no, son puestos en la bolsa de trabajo, lo que<br>hace probable que los llamen en el futuro.<\/p>\n\n\n\n<p class=\"wp-block-paragraph\">Mientras que, el gerente de Vinculaci\u00f3n de Grupo Davisa, Jos\u00e9 Pedro Morales<br>Peque\u00f1o, se\u00f1al\u00f3 que el estudiante que no le da sentido a su vida realmente no se ha<\/p>\n\n\n\n<p class=\"wp-block-paragraph\">encontrado, porque debe de tener una br\u00fajula que le indique a d\u00f3nde quiere ir por lo<br>que es fundamental que vayan forjando su proyecto de vida.<\/p>\n\n\n\n<p class=\"wp-block-paragraph\">Posteriormente, se ofrecieron dos conferencias a cargo de la gerente de Producci\u00f3n<br>de Daimler Truck Planta Saltillo, Carolina Mart\u00ednez y por el gerente de Innovaci\u00f3n y<br>Excelencia Operacional de la misma empresa, Eduardo Villanueva; al finalizar las y<br>los j\u00f3venes hicieron un recorrido por los stands de las 40 empresas para entregar su<br>curriculum.<\/p>\n\n\n\n<p class=\"wp-block-paragraph\">Las empresas que participaron son: Antolin Interios, Archivo Municipal de Saltillo,<br>CAIF, C\u00e1ritas de Saltillo A.C., Casa de los Ni\u00f1os de Saltillo A.C., Centro de<br>Evaluaci\u00f3n Psicosocial del Poder Judicial del Estado, Centro de Idiomas, Centro de<br>Integraci\u00f3n Juvenil, Centro de Justicia y Empoderamiento para las Mujeres del<br>Estado de Coahuila de Zaragoza, Centro Kumon, Centro Regional de Identificaci\u00f3n<br>Humana, Clef Academia de Artes, Comercializadora de L\u00e1cteos y Derivados, Davisa<br>Desarrollos Residenciales, DIF Coahuila, Direcci\u00f3n de Educaci\u00f3n Especial SEDU<br>Coahuila, Fastenal y Fiscal\u00eda General del Estado de Coahuila de Zaragoza.<\/p>\n\n\n\n<p class=\"wp-block-paragraph\">General Motors de M\u00e9xico, GP Vivienda, Grupo W Agencia Digital de M\u00e9xico, Jisa<br>Bienes Ra\u00edces, Lennox International, Magna Cims, Magna Powertrain, Multimedios,<br>Neapco, Nexon Automation, Operadora Cicsa, S.A. de C.V., Pluscare Medical<br>Services, Productos de Bio Oxidaci\u00f3n Energ\u00e9tica, Recovi, Sanhua Automotive,<br>Sanhua Investment, Servicio de Administraci\u00f3n Tributaria, Tetakawi, Turck M\u00e9xico y<br>Yanfeng International Automotive Technology Mexico.<\/p>\n","protected":false},"excerpt":{"rendered":"<p>ARTEAGA, Coahuila. 2 de septiembre de 2026. La Coordinaci\u00f3n de Unidad Surestey la Coordinaci\u00f3n General de Vinculaci\u00f3n e Innovaci\u00f3n Productiva de la UniversidadAut\u00f3noma de Coahuila, llevaron a cabo el Talent Boost Foro de Pr\u00e1cticasProfesionales y Educaci\u00f3n Dual. La actividad se desarroll\u00f3 en el Aula Magna del Centro Cultural Universitario deCampus Arteaga, la ceremonia inaugural estuvo encabezada por la coordinadora deUnidad Sureste, Eva Kerena Hern\u00e1ndez Mart\u00ednez, la coordinadora general deVinculaci\u00f3n e&#8230;<\/p>\n","protected":false},"author":1,"featured_media":33393,"comment_status":"closed","ping_status":"","sticky":false,"template":"","format":"standard","meta":{"footnotes":""},"categories":[2],"tags":[],"class_list":["post-33392","post","type-post","status-publish","format-standard","has-post-thumbnail","hentry","category-uadec","wpcat-2-id"],"_links":{"self":[{"href":"https:\/\/www.aquilaguna.com\/index.php\/wp-json\/wp\/v2\/posts\/33392","targetHints":{"allow":["GET"]}}],"collection":[{"href":"https:\/\/www.aquilaguna.com\/index.php\/wp-json\/wp\/v2\/posts"}],"about":[{"href":"https:\/\/www.aquilaguna.com\/index.php\/wp-json\/wp\/v2\/types\/post"}],"author":[{"embeddable":true,"href":"https:\/\/www.aquilaguna.com\/index.php\/wp-json\/wp\/v2\/users\/1"}],"replies":[{"embeddable":true,"href":"https:\/\/www.aquilaguna.com\/index.php\/wp-json\/wp\/v2\/comments?post=33392"}],"version-history":[{"count":1,"href":"https:\/\/www.aquilaguna.com\/index.php\/wp-json\/wp\/v2\/posts\/33392\/revisions"}],"predecessor-version":[{"id":33394,"href":"https:\/\/www.aquilaguna.com\/index.php\/wp-json\/wp\/v2\/posts\/33392\/revisions\/33394"}],"wp:featuredmedia":[{"embeddable":true,"href":"https:\/\/www.aquilaguna.com\/index.php\/wp-json\/wp\/v2\/media\/33393"}],"wp:attachment":[{"href":"https:\/\/www.aquilaguna.com\/index.php\/wp-json\/wp\/v2\/media?parent=33392"}],"wp:term":[{"taxonomy":"category","embeddable":true,"href":"https:\/\/www.aquilaguna.com\/index.php\/wp-json\/wp\/v2\/categories?post=33392"},{"taxonomy":"post_tag","embeddable":true,"href":"https:\/\/www.aquilaguna.com\/index.php\/wp-json\/wp\/v2\/tags?post=33392"}],"curies":[{"name":"wp","href":"https:\/\/api.w.org\/{rel}","templated":true}]}}