{"id":33398,"date":"2026-09-02T18:54:28","date_gmt":"2026-09-03T00:54:28","guid":{"rendered":"https:\/\/www.aquilaguna.com\/?p=33398"},"modified":"2026-09-02T18:54:28","modified_gmt":"2026-09-03T00:54:28","slug":"rector-de-la-uadec-toma-protesta-a-director-de-la-escuela-de-sistemas-e-inaugura-gimnasio-de-pesas-en-la-pvc","status":"publish","type":"post","link":"https:\/\/www.aquilaguna.com\/index.php\/2026\/09\/02\/rector-de-la-uadec-toma-protesta-a-director-de-la-escuela-de-sistemas-e-inaugura-gimnasio-de-pesas-en-la-pvc\/","title":{"rendered":"Rector de la UAdeC Toma Protesta a Director de la Escuela de Sistemas e Inaugura Gimnasio de Pesas en la PVC."},"content":{"rendered":"\n<p class=\"wp-block-paragraph\">TORRE\u00d3N, Coahuila. 2 de septiembre de 2026. En gira de trabajo por la Unidad<br>Laguna, el rector de la Universidad Aut\u00f3noma de Coahuila, Octavio Pimentel<br>Mart\u00ednez, tom\u00f3 protesta al director de la Escuela de Sistemas, Ing. Omar Hassan<br>Soto Hern\u00e1ndez e inaugur\u00f3 el Gimnasio de Pesas de la Escuela de Bachilleres<br>\u201cVenustiano Carranza\u201d (PVC).<\/p>\n\n\n\n<p class=\"wp-block-paragraph\">En el Aula \u201cManuel Patricio Sea\u00f1ez\u201d de la Escuela de Sistemas, el Rector estuvo<br>acompa\u00f1ado por el coordinador de Unidad Laguna, Omar Rojas Zapata, la secretaria<br>general del Sindicato de Trabajadores de la UAdeC, Nora Mireya Ram\u00edrez S\u00e1nchez,<br>funcionariado universitario, directivos de escuelas y facultades, docentes y<br>comunidad estudiantil.<\/p>\n\n\n\n<p class=\"wp-block-paragraph\">En su mensaje, el Rector invit\u00f3 al director de la Escuela de Sistemas UL a trabajar<br>mediante una gesti\u00f3n de territorio y apertura, porque dijo, dirigir una escuela requiere<br>construir acuerdos con unidad y trabajo en equipo para fortalecer a la comunidad<br>universitaria.<\/p>\n\n\n\n<p class=\"wp-block-paragraph\">Agreg\u00f3 que, desde su administraci\u00f3n apoya la capacitaci\u00f3n docente, la actualizaci\u00f3n<br>de los planes de estudio y el fortalecimiento de la pertinencia social, a trav\u00e9s de la<br>vinculaci\u00f3n con el sector empresarial, adem\u00e1s de impulsar la investigaci\u00f3n y el<br>crecimiento de profesores con grado de doctorado.<\/p>\n\n\n\n<p class=\"wp-block-paragraph\">Por su parte, el director de la Escuela de Sistemas, Hassan Soto Hern\u00e1ndez, se<br>comprometi\u00f3 a encabezar una gesti\u00f3n de puertas abiertas, basada en el trabajo en<br>equipo, adem\u00e1s de priorizar la escucha activa de la comunidad estudiantil, docente y<br>administrativa para construir soluciones conjuntas.<\/p>\n\n\n\n<p class=\"wp-block-paragraph\">Asegur\u00f3 que, buscar\u00e1 proveer a los estudiantes de herramientas actuales para<br>enfrentar un entorno cambiante, tambi\u00e9n a fortalecer la vinculaci\u00f3n externa de la<br>Escuela mediante alianzas estrat\u00e9gicas con el sector productivo, empresas e<br>instituciones de la regi\u00f3n para potenciar la educaci\u00f3n dual, los proyectos reales y la<br>reinserci\u00f3n laboral.<\/p>\n\n\n\n<p class=\"wp-block-paragraph\"><strong>Inauguran Gimnasio de Pesas en la PVC.<\/strong><\/p>\n\n\n\n<p class=\"wp-block-paragraph\">Mientras que en la Escuela de Bachilleres \u201cVenustiano Carranza\u201d, el rector de la<br>m\u00e1xima casa de estudios, Octavio Pimentel, inaugur\u00f3 el Gimnasio de Pesas, donde<br>dijo a los j\u00f3venes que la preparatoria representa un espacio para definir el proyecto<br>de vida, desarrollar habilidades y descubrir nuevas oportunidades, por lo que reiter\u00f3<br>el compromiso de la Universidad de acompa\u00f1arlos en ese proceso.<\/p>\n\n\n\n<p class=\"wp-block-paragraph\">Por su parte la directora de la PVC, Jessica Zapata, se\u00f1al\u00f3 que durante el semestre<br>pasado se llev\u00f3 a cabo una rifa a beneficio de la remodelaci\u00f3n y acondicionamiento<\/p>\n\n\n\n<p class=\"wp-block-paragraph\">del gimnasio de pesas, iniciativa que cont\u00f3 con la participaci\u00f3n de estudiantes,<br>padres de familia, as\u00ed como personal de esta casa estudios, gracias a la venta de<br>boletos se logr\u00f3 recaudar una cantidad de $111,000 pesos.<\/p>\n\n\n\n<p class=\"wp-block-paragraph\">Dijo que, para respaldar esta iniciativa, el rector de la UAdeC, Octavio Pimentel, se<br>sum\u00f3 a este esfuerzo con una aportaci\u00f3n superior a los $150,000 pesos, lo que<br>permiti\u00f3 complementar los recursos necesarios para dotar y acondicionar el gimnasio<br>al 100 por ciento, consolid\u00e1ndolo como un espacio adecuado para el desarrollo de<br>las actividades deportivas de la comunidad universitaria, el gimnasio cuenta con<br>mancuernas y barras, racks de ejercicio multifuncional, piso especial, minisplit,<br>espejos, y c\u00e1maras de video vigilancia.<\/p>\n","protected":false},"excerpt":{"rendered":"<p>TORRE\u00d3N, Coahuila. 2 de septiembre de 2026. En gira de trabajo por la UnidadLaguna, el rector de la Universidad Aut\u00f3noma de Coahuila, Octavio PimentelMart\u00ednez, tom\u00f3 protesta al director de la Escuela de Sistemas, Ing. Omar HassanSoto Hern\u00e1ndez e inaugur\u00f3 el Gimnasio de Pesas de la Escuela de Bachilleres\u201cVenustiano Carranza\u201d (PVC). En el Aula \u201cManuel Patricio Sea\u00f1ez\u201d de la Escuela de Sistemas, el Rector estuvoacompa\u00f1ado por el coordinador de Unidad Laguna,&#8230;<\/p>\n","protected":false},"author":1,"featured_media":33399,"comment_status":"closed","ping_status":"","sticky":false,"template":"","format":"standard","meta":{"footnotes":""},"categories":[7,2],"tags":[],"class_list":["post-33398","post","type-post","status-publish","format-standard","has-post-thumbnail","hentry","category-torreon","category-uadec","wpcat-7-id","wpcat-2-id"],"_links":{"self":[{"href":"https:\/\/www.aquilaguna.com\/index.php\/wp-json\/wp\/v2\/posts\/33398","targetHints":{"allow":["GET"]}}],"collection":[{"href":"https:\/\/www.aquilaguna.com\/index.php\/wp-json\/wp\/v2\/posts"}],"about":[{"href":"https:\/\/www.aquilaguna.com\/index.php\/wp-json\/wp\/v2\/types\/post"}],"author":[{"embeddable":true,"href":"https:\/\/www.aquilaguna.com\/index.php\/wp-json\/wp\/v2\/users\/1"}],"replies":[{"embeddable":true,"href":"https:\/\/www.aquilaguna.com\/index.php\/wp-json\/wp\/v2\/comments?post=33398"}],"version-history":[{"count":1,"href":"https:\/\/www.aquilaguna.com\/index.php\/wp-json\/wp\/v2\/posts\/33398\/revisions"}],"predecessor-version":[{"id":33400,"href":"https:\/\/www.aquilaguna.com\/index.php\/wp-json\/wp\/v2\/posts\/33398\/revisions\/33400"}],"wp:featuredmedia":[{"embeddable":true,"href":"https:\/\/www.aquilaguna.com\/index.php\/wp-json\/wp\/v2\/media\/33399"}],"wp:attachment":[{"href":"https:\/\/www.aquilaguna.com\/index.php\/wp-json\/wp\/v2\/media?parent=33398"}],"wp:term":[{"taxonomy":"category","embeddable":true,"href":"https:\/\/www.aquilaguna.com\/index.php\/wp-json\/wp\/v2\/categories?post=33398"},{"taxonomy":"post_tag","embeddable":true,"href":"https:\/\/www.aquilaguna.com\/index.php\/wp-json\/wp\/v2\/tags?post=33398"}],"curies":[{"name":"wp","href":"https:\/\/api.w.org\/{rel}","templated":true}]}}