{"id":33412,"date":"2026-09-02T20:53:22","date_gmt":"2026-09-03T02:53:22","guid":{"rendered":"https:\/\/www.aquilaguna.com\/?p=33412"},"modified":"2026-09-02T20:53:22","modified_gmt":"2026-09-03T02:53:22","slug":"aqui-laguna-540","status":"publish","type":"post","link":"https:\/\/www.aquilaguna.com\/index.php\/2026\/09\/02\/aqui-laguna-540\/","title":{"rendered":"Aqu\u00ed Laguna."},"content":{"rendered":"\n<p class=\"wp-block-paragraph\">\u00a1El primer tercio, agotado! Sin fanfarrias ni apoteosis p\u00fablicas, sin mitin popular, ba\u00f1o de pueblo previo y con la notable ausencia de relevantes personajes que la acompa\u00f1aron en su ascenso, la presidenta Claudia Sheinbaum rindi\u00f3 ante selecta representaci\u00f3n de la Rep\u00fablica -gobernadores, algunos senadores, la \u00e9lite empresarial e invitados especiales, etc\u00e9tera-, su informe; qued\u00f3 para la historia y el Poder Legislativo el an\u00e1lisis del contenido que le fuera entregado por la Secretar\u00eda de Gobernaci\u00f3n en solo unos cuantos minutos, y que quiz\u00e1s la mayor\u00eda de los mexicanos no conozca nunca, hablando solo por su desinter\u00e9s en el tema de las cifras elaboradas, construidas ad hoc para el momento pol\u00edtico que vive el r\u00e9gimen de la Cuarta Transformaci\u00f3n. Con todo, y en el imaginario colectivo, los nombres y trayectorias de figuras como el senador Ad\u00e1n Augusto, del tal Noro\u00f1a, pero m\u00e1s a\u00fan del v\u00e1stago y primog\u00e9nito de Andr\u00e9s Manuel L\u00f3pez Obrador, el controversial &#8220;Andy&#8221;, ubicado hoy por hoy como el factor que dicen viene ampliando la visible grieta que exhibe ya el Movimiento de Regeneraci\u00f3n Nacional, que no fue tal, sino que al parecer y a solo dos a\u00f1os en el ejercicio del m\u00e1ximo poder p\u00fablico supera y por mucho los pasados ochenta a\u00f1os a cargo de reg\u00edmenes pasados; y es que, seg\u00fan los &#8220;otros datos&#8221; sostenidos por la presidenta de que en Morena no hay divisi\u00f3n alguna, ya se sabe que en pol\u00edtica lo que se percibe, es&#8230;<\/p>\n\n\n\n<p class=\"wp-block-paragraph\">El impacto a solo unas horas de su registro no solo incluye el supuesto malestar que registr\u00f3 la salud de nuestra presidenta momentos previos de que iniciara la presentaci\u00f3n de su mensaje con motivo de arribar al segundo a\u00f1o a cargo del pa\u00eds, sino otros que, de buena o mala intenci\u00f3n, corren parejos relacionados con la separaci\u00f3n del cargo por motivos de salud, esta precisamente de orden pol\u00edtico. Nada bueno, pues, para el pa\u00eds, que se estar\u00e1 sumando a rumores, a versiones catastr\u00f3ficas que se unen a los muy reales problemas que se presentan de manera prolongada y recurrente en el tema de seguridad, como es el caso que registra el cercano y vecino estado de Zacatecas.<\/p>\n\n\n\n<p class=\"wp-block-paragraph\">Por lo pronto, se confirma que el domingo pr\u00f3ximo la presidenta Sheinbaum estar\u00e1 en Coahuila como una de las 19 entidades que registrar\u00e1n esta acci\u00f3n, seg\u00fan anunci\u00f3 la interesada. Conocida cosa previa por el gobernador Manolo Jim\u00e9nez Salinas, quien seg\u00fan destacan los medios recibi\u00f3 asiento en la primera fila de asistentes en Palacio Nacional el d\u00eda primero del presente para escuchar de viva voz el mensaje de la mandataria&#8230;<\/p>\n\n\n\n<p class=\"wp-block-paragraph\">Por cierto, tambi\u00e9n en la capital del pa\u00eds el senador Gabriel Elizondo se estrena como legislador en la C\u00e1mara Alta, y en d\u00edas previos registr\u00f3 presencia tambi\u00e9n en la plenaria convocada por el l\u00edder nacional del PRI para conocer de la agenda a presentar e impulsar en el periodo legislativo en marcha, sin dejar de tener, como se dice popularmente, &#8220;un ojo al gato y otro al garabato&#8221; aqu\u00ed, en Coahuila&#8230;<\/p>\n\n\n\n<p class=\"wp-block-paragraph\">Y esta misma tarde el rector de la UAdeC, Octavio Pimentel, se dej\u00f3 ver ante la poblaci\u00f3n universitaria que ingresa por primera ocasi\u00f3n a las escuelas y facultades de la Unidad Torre\u00f3n, siendo el anfitri\u00f3n de este tradicional desfile el titular de la Coordinaci\u00f3n, Omar Rojas. Por cierto, el rector sostuvo ayer mismo y en esta ciudad reuni\u00f3n con algunos funcionarios, entre estos el titular del Poder Judicial, Miguel Mery.<\/p>\n\n\n\n<p class=\"wp-block-paragraph\">Y el barrido y regado que se realiza sobre los restos de la pasada administraci\u00f3n municipal, que hoy contin\u00faa a la orden del ingeniero Miguel \u00c1ngel Riquelme Sol\u00eds tras el deceso de su antecesor. La acci\u00f3n limpiadora alcanz\u00f3 ya las oficinas del Catastro, que est\u00e1n ya a cargo de Evelyn Hern\u00e1ndez, procedente apenas de dejar el encargo como titular de las oficinas del Registro P\u00fablico de la Propiedad, posici\u00f3n por cierto que se le considera espacio del pool a cargo del ahora titular del SIMAS-Torre\u00f3n, Xavier Herrera.<\/p>\n\n\n\n<p class=\"wp-block-paragraph\">Quiz\u00e1s el relevo m\u00e1s esperado lo constituy\u00f3 este d\u00eda el que protagoniza la licenciada Martha Rodr\u00edguez tras a\u00f1os al frente del mismo, con todo y que sum\u00f3 tres decesos de igual n\u00famero de presos alojados en las celdas del tribunal citado, sin mayores consecuencias. La licenciada Rodr\u00edguez no pudo superar los factores en torno a sus aspiraciones de figurar como carta fuerte del PRI, a pesar de su pasado como distinguida panista; pero m\u00e1s complicado result\u00f3 el hecho de ser la compa\u00f1era de vida del controversial Jos\u00e9 El\u00edas Ganem, personaje que, como se sabe, bate\u00f3 y mucho en la trunca administraci\u00f3n municipal. Su sucesor, Carlos Lara McGrath, se inscribe cual &#8220;retorno de los brujos&#8221; en condiciones similares a su antecesora, pues viene de las filas panistas y ya figur\u00f3 como miembro de la administraci\u00f3n que presidi\u00f3 el licenciado Jorge Zerme\u00f1o. Su reclutamiento como miembro de la administraci\u00f3n presente se le atribuye, con raz\u00f3n o sin ella, al hoy consejero jur\u00eddico, doctor Gerardo M\u00e1rquez Guevara, y se anticipa que impondr\u00e1 un nuevo orden y un nuevo trato en el tribunal municipal.<\/p>\n\n\n\n<p class=\"wp-block-paragraph\">Otros que dicen que traen ya su cabeza en sus manos resultan ser los jovenzuelos que el fallecido alcalde sum\u00f3 a su equipo, sin mayores trayectorias que el ser v\u00e1stagos de algunos amigos que le eran muy cercanos, como son los casos de Arturo Novelo Gurza, de Pablo Fern\u00e1ndez Llamas y alcanz\u00f3 hasta para Roberto Barrios Hinojosa, fortaleciendo con la decisi\u00f3n que sum\u00f3 a un personaje muy respetado en el ejercicio de la contadur\u00eda, como es el contador Rogelio Barrios; con lo que se afirma que quien est\u00e1 resultando ganador no son los ciudadanos de Torre\u00f3n, sino nada menos que el a\u00fan inamovible tesorero municipal, el muy simp\u00e1tico Javier Lechuga.<\/p>\n\n\n\n<p class=\"wp-block-paragraph\">Por otra parte, es de se\u00f1alarse el muy buen acto celebratorio del decreto que dio origen a la ciudad de Torre\u00f3n, con orden y limpieza que hace tiempo no se registraban. Por cierto, en la sesi\u00f3n de Cabildo celebrada este mismo d\u00eda se dio a conocer que ser\u00e1 el Centro de Convenciones donde tenga lugar la sesi\u00f3n solemne de este cuerpo colegiado con motivo de las fiestas patrias y entrega de medallas y reconocimientos a los previamente designados Ciudadanos Distinguidos en este municipio&#8230;<\/p>\n\n\n\n<p class=\"wp-block-paragraph\">Y como colof\u00f3n, esta tarde el rector Pimentel encabez\u00f3 con entusiasmo similar a los m\u00e1s de 2,000 nuevos universitarios que ingresan a cursar diversas carreras en la universidad p\u00fablica. Por cierto, contra todo pron\u00f3stico, al evento se sum\u00f3, ca-mi-nan-do, el doctor Manuel Medina Elizondo.<\/p>\n","protected":false},"excerpt":{"rendered":"<p>\u00a1El primer tercio, agotado! Sin fanfarrias ni apoteosis p\u00fablicas, sin mitin popular, ba\u00f1o de pueblo previo y con la notable ausencia de relevantes personajes que la acompa\u00f1aron en su ascenso, la presidenta Claudia Sheinbaum rindi\u00f3 ante selecta representaci\u00f3n de la Rep\u00fablica -gobernadores, algunos senadores, la \u00e9lite empresarial e invitados especiales, etc\u00e9tera-, su informe; qued\u00f3 para la historia y el Poder Legislativo el an\u00e1lisis del contenido que le fuera entregado por&#8230;<\/p>\n","protected":false},"author":2,"featured_media":0,"comment_status":"closed","ping_status":"","sticky":false,"template":"","format":"standard","meta":{"footnotes":""},"categories":[8],"tags":[],"class_list":["post-33412","post","type-post","status-publish","format-standard","hentry","category-aqui-laguna","wpcat-8-id"],"_links":{"self":[{"href":"https:\/\/www.aquilaguna.com\/index.php\/wp-json\/wp\/v2\/posts\/33412","targetHints":{"allow":["GET"]}}],"collection":[{"href":"https:\/\/www.aquilaguna.com\/index.php\/wp-json\/wp\/v2\/posts"}],"about":[{"href":"https:\/\/www.aquilaguna.com\/index.php\/wp-json\/wp\/v2\/types\/post"}],"author":[{"embeddable":true,"href":"https:\/\/www.aquilaguna.com\/index.php\/wp-json\/wp\/v2\/users\/2"}],"replies":[{"embeddable":true,"href":"https:\/\/www.aquilaguna.com\/index.php\/wp-json\/wp\/v2\/comments?post=33412"}],"version-history":[{"count":1,"href":"https:\/\/www.aquilaguna.com\/index.php\/wp-json\/wp\/v2\/posts\/33412\/revisions"}],"predecessor-version":[{"id":33413,"href":"https:\/\/www.aquilaguna.com\/index.php\/wp-json\/wp\/v2\/posts\/33412\/revisions\/33413"}],"wp:attachment":[{"href":"https:\/\/www.aquilaguna.com\/index.php\/wp-json\/wp\/v2\/media?parent=33412"}],"wp:term":[{"taxonomy":"category","embeddable":true,"href":"https:\/\/www.aquilaguna.com\/index.php\/wp-json\/wp\/v2\/categories?post=33412"},{"taxonomy":"post_tag","embeddable":true,"href":"https:\/\/www.aquilaguna.com\/index.php\/wp-json\/wp\/v2\/tags?post=33412"}],"curies":[{"name":"wp","href":"https:\/\/api.w.org\/{rel}","templated":true}]}}