{"id":33414,"date":"2026-09-03T19:10:46","date_gmt":"2026-09-04T01:10:46","guid":{"rendered":"https:\/\/www.aquilaguna.com\/?p=33414"},"modified":"2026-09-03T19:10:46","modified_gmt":"2026-09-04T01:10:46","slug":"presenta-uadec-amplia-cartelera-cultural-para-el-mes-de-septiembre","status":"publish","type":"post","link":"https:\/\/www.aquilaguna.com\/index.php\/2026\/09\/03\/presenta-uadec-amplia-cartelera-cultural-para-el-mes-de-septiembre\/","title":{"rendered":"Presenta UAdeC Amplia Cartelera Cultural para el Mes de Septiembre."},"content":{"rendered":"\n<p class=\"wp-block-paragraph\">SALTILLO, Coahuila. 3 de septiembre de 2026. La Universidad Aut\u00f3noma de<br>Coahuila a trav\u00e9s de la Coordinaci\u00f3n General de Difusi\u00f3n y Patrimonio Cultural,<br>invita a la comunidad universitaria de las Unidades Sureste, Norte y Laguna, as\u00ed<br>como al p\u00fablico en general a disfrutar de las actividades culturales programadas<br>durante el mes de septiembre 2026.<\/p>\n\n\n\n<p class=\"wp-block-paragraph\">La Unidad Sureste contar\u00e1 con una extensa programaci\u00f3n que inicio el mi\u00e9rcoles 2<br>de septiembre a las 19:00 horas con el Concierto de Percusiones \u201cRitmos en el<br>Desierto\u201d, en el que participaron alumnos de la Escuela Superior de M\u00fasica, en la<br>Sala \u201cCarmen Aguirre de Fuentes\u201d.<\/p>\n\n\n\n<p class=\"wp-block-paragraph\">El jueves 3 de septiembre a las 19:00 horas se inaugurar\u00e1 una Exposici\u00f3n de<br>Cer\u00e1mica, con la participaci\u00f3n de Rafael Y\u00e1\u00f1ez y Mariela Guti\u00e9rrez, en el Recinto del<br>Patrimonio Cultural Universitario; simult\u00e1neamente comenzar\u00e1 el Ciclo de Cine<br>Mexicano \u201c\u00c9poca de Oro\u201d, que continuar\u00e1 los d\u00edas 10, 17 y 24 de septiembre, a las<br>19:00 horas, en el Recinto Cultural Universitario \u201cAurora Morales de L\u00f3pez\u201d.<br>Adem\u00e1s, se ofrecer\u00e1 un Taller de Arte Sabatino, impartido por el Mtro. Juan Antonio<br>Pe\u00f1a, las personas interesadas pueden solicitar informes a trav\u00e9s del WhatsApp<br>(844) 105 51 34.<\/p>\n\n\n\n<p class=\"wp-block-paragraph\">El martes 8 de septiembre a las 9:00 horas se presentar\u00e1 la exposici\u00f3n itinerante<br>\u201cJoyas de la Pinacoteca\u201d, en la Sala de Usos M\u00faltiples del Instituto de Ciencias y<br>Humanidades \u201cLic. Salvador Gonz\u00e1lez Lobo\u201d, mientras que a las 10:00 horas se<br>llevar\u00e1 a cabo la presentaci\u00f3n del libro \u201cLa in\u00fatil belleza\u201d, de Christian Luna, en el<br>Auditorio de la Facultad de Ciencias, Educaci\u00f3n y Humanidades.<\/p>\n\n\n\n<p class=\"wp-block-paragraph\">Como parte de los festejos por el d\u00e9cimo aniversario de la Infoteca Campus Arteaga,<br>el mi\u00e9rcoles 9 de septiembre a las 11:00 horas se ofrecer\u00e1 un Concierto de M\u00fasica<br>Mexicana a cargo de la Banda de M\u00fasica del Estado de Coahuila; ese mismo d\u00eda, a<br>las 19:00 horas, alumnos de la Escuela Superior de M\u00fasica participar\u00e1n en un<br>Concierto de M\u00fasica de C\u00e1mara en la Sala \u201cCarmen Aguirre de Fuentes\u201d.<\/p>\n\n\n\n<p class=\"wp-block-paragraph\">El jueves 10 de septiembre a las 10:00 horas, en la explanada de Camporredondo,<br>se realizar\u00e1 un Remate de Libros de las colecciones editadas por la UAdeC a trav\u00e9s<br>de la DPC. Posteriormente, a las 17:00 horas, tendr\u00e1 lugar el Desfile de Bienvenida a<br>los nuevos \u201cLobos 2026\u201d, que iniciar\u00e1 en el Campo de B\u00e9isbol Ram\u00f3n Mendoza de la<br>Unidad Camporredondo.<br>El jueves 17 de septiembre a las 20:00 horas, podr\u00e1s disfrutar del concierto \u201cUn siglo<br>de m\u00fasica mexicana\u201d, presentado por el Coro Universitario Lobo y \u00d3pera de<br>Coahuila, en la Explanada de Rector\u00eda; el evento es gratuito y abierto a toda la<br>familia.<\/p>\n\n\n\n<p class=\"wp-block-paragraph\">La programaci\u00f3n continua el mi\u00e9rcoles 23 de septiembre a las 19:00 horas con un<br>Concierto Mexicano, a cargo de Marco Antonio Guzm\u00e1n Pedraza y alumnos de la<br>Escuela Superior de M\u00fasica, en la Sala \u201cCarmen Aguirre de Fuentes\u201d; el jueves 24<br>de septiembre se presentar\u00e1 nuevamente la obra de danza contempor\u00e1nea \u201cDevorar<br>nuestros d\u00edas\u201d, con Luis Javier Alvarado, Vanessa D\u00e1vila y Dami\u00e1n Cavazos, en el<br>Auditorio del \u201c\u00c1gora Carolina\u201d de la Universidad Carolina.<\/p>\n\n\n\n<p class=\"wp-block-paragraph\">En el Campus Arteaga, se ofrecer\u00e1 el Concierto de Clavec\u00edn \u201cEl Clave bien<br>temperado \u2013 Integral, Parte III\u201d, a las 12:00 horas en el Auditorio de la Escuela<br>Superior de M\u00fasica; adem\u00e1s el 25 de septiembre el Encuentro de Fotograf\u00eda, Cine e<br>Innovaci\u00f3n Visual Sony Be Alpha Coahuila 2026, a las 12:00 horas en el Sal\u00f3n<br>Centenario de la Facultad de Artes Pl\u00e1sticas \u201cProf. Rub\u00e9n Herrera\u201d.<\/p>\n\n\n\n<p class=\"wp-block-paragraph\">Como parte del Tercer Festival de Piano \u201cGerardo Gonz\u00e1lez\u201d, el lunes 28 de<br>septiembre a las 13:00 horas, se realizar\u00e1 un recital de piano con la participaci\u00f3n del<br>Mtro. Mart\u00edn Alcocer en el Auditorio de la Escuela Superior de M\u00fasica Campus<br>Arteaga.<\/p>\n\n\n\n<p class=\"wp-block-paragraph\">El martes 29 de septiembre a las 19:00 horas, el Centro Cultural Casa Purcell ser\u00e1<br>sede de la Ponencia-Recital \u201cSonatas y m\u00fasica mexicana\u201d, presentada por maestros<br>de la Academia de Piano de la Escuela Superior de M\u00fasica.<\/p>\n\n\n\n<p class=\"wp-block-paragraph\">En el marco del Tercer Festival de Piano \u201cGerardo Gonz\u00e1lez\u201d, el mi\u00e9rcoles 30 de<br>septiembre a las 19:00 horas en el Auditorio de la Escuela Superior de M\u00fasica,<br>Campus Arteaga, habr\u00e1 un Recital de Piano con la participaci\u00f3n del Mtro. Aar\u00f3n<br>Abinad\u00ed Mart\u00ednez Hern\u00e1ndez; a la misma hora se llevar\u00e1 a cabo el Concierto de<br>Ganadores del Tercer Concurso Interno de Piano \u201cGerardo Gonz\u00e1lez\u201d en la Sala<br>\u201cCarmen Aguirre de Fuentes\u201d.<\/p>\n\n\n\n<p class=\"wp-block-paragraph\">En la Unidad Norte, las actividades iniciar\u00e1n con el Taller de Lectura \u201cLobitos<br>Lectores\u201d, que se realizar\u00e1 los mi\u00e9rcoles 2, 9, 23 y 30 de septiembre a las 12:00<br>horas, en la Sala Audiovisual de la Escuela de Bachilleres \u201cProf. Ladislao Far\u00edas<br>Campos\u201d; as\u00ed como el jueves 3 de septiembre, a las 10:30 horas, se llevar\u00e1 a cabo el<br>Concurso de Canto \u201cVoces con Historia\u201d, tambi\u00e9n en la Sala Audiovisual de este<br>plantel.<\/p>\n\n\n\n<p class=\"wp-block-paragraph\">Los d\u00edas 4 y 5 de septiembre, a las 17:00 y 20:00 horas, el Teatro de C\u00e1mara \u201cC\u00e9sar<br>Luna Lastra\u201d recibir\u00e1 la producci\u00f3n \u201c\u00a1Que Plant\u00f3n!\u201d, comedia musical de Memo<br>M\u00e9ndez y Marina del Campo, presentada por la UAdeC, la Coordinaci\u00f3n Unidad<br>Norte, el Teatro de la Ciudad \u201cRa\u00fal Flores Canelo\u201d y el grupo de teatro Stage Lab, la<br>entrada ser\u00e1 libre.<\/p>\n\n\n\n<p class=\"wp-block-paragraph\">Como parte de las actividades alusivas a las fiestas patrias, el jueves 11 de<br>septiembre a las 10:00 horas se realizar\u00e1 el Concurso de Personificaci\u00f3n de H\u00e9roes<br>de la Independencia \u201cVive la Historia y Grito de Independencia\u201d en la Escuela de<br>Bachilleres \u201cProf. Ladislao Far\u00edas Campos\u201d.<\/p>\n\n\n\n<p class=\"wp-block-paragraph\">El jueves 18 de septiembre a las 20:00 horas se presentar\u00e1 la obra de danza<br>contempor\u00e1nea \u201cDevorar nuestros d\u00edas\u201d, con la participaci\u00f3n de Luis Javier Alvarado,<br>Vanessa D\u00e1vila y Dami\u00e1n Cavazos en el Teatro de C\u00e1mara \u201cC\u00e9sar Luna Lastra\u201d.<\/p>\n\n\n\n<p class=\"wp-block-paragraph\">En la Unidad Laguna, la programaci\u00f3n contempla el Concierto con la Camerata de<br>Coahuila, el jueves 3 de septiembre a las 10:00 horas, en el Auditorio de la Facultad<br>de Contadur\u00eda y Administraci\u00f3n; el mi\u00e9rcoles 9 de septiembre a las 11:00 horas, el<br>Mtro. \u00c1ngel Reyna encabezar\u00e1 la visita guiada \u201cDe la mano del arte\u201d, en la Galer\u00eda<br>de Difusi\u00f3n Cultural de la Unidad Laguna.<\/p>\n\n\n\n<p class=\"wp-block-paragraph\">Para los interesados en las expresiones audiovisuales, el jueves 17 de septiembre a<br>las 10:00 horas se desarrollar\u00e1 el Encuentro de Fotograf\u00eda, Cine e Innovaci\u00f3n Visual<br>Sony Be Alpha Coahuila 2026, en el Centro Cultural \u201cBraulio Fern\u00e1ndez Aguirre\u201d; ese<br>mismo d\u00eda ser\u00e1 la presentaci\u00f3n del libro \u201cLos abducidos\u201d, con la participaci\u00f3n de<br>Alfredo Castro Mu\u00f1oz, a las 11:00 horas en la Facultad de Ciencias Pol\u00edticas y<br>Sociales.<\/p>\n\n\n\n<p class=\"wp-block-paragraph\">Las actividades de septiembre concluir\u00e1n en esta Unidad con la visita guiada \u201cDe la<br>mano del norte\u201d, a cargo de Marian Venegas y Gabriela Herrera, el martes 29 de<br>septiembre a las 11:00 horas, en la Infoteca \u201cLe\u00f3n Felipe\u201d.<\/p>\n\n\n\n<p class=\"wp-block-paragraph\">La UAdeC invita a escuchar los martes del mes, 8, 22, y 29 a las 16:00 horas, el<br>programa de radio \u201cSalvaguarda\u201d por Radio Universidad en el 104.1 F.M. en Saltillo y<br>89.5 F.M. en Torre\u00f3n o por internet <a href=\"http:\/\/www.uadec.mx\/radio\">www.uadec.mx\/radio<\/a> con temas de patrimonio<br>cultural en voz de expertos, investigadores y profesionales del tema; as\u00ed como todos<br>los jueves del mes, a las 12:00 horas, escucha el programa de la Coordinaci\u00f3n de<br>Unidad Sureste \u201cLobos al Aire\u201d.<\/p>\n\n\n\n<p class=\"wp-block-paragraph\">Para m\u00e1s informaci\u00f3n de todas estas actividades, llamar a los tel\u00e9fonos (844) 410<br>2362 y (844) 410 2482, en el Facebook \u201cDpcUAdeC\u201d, en el Instagram @dpcuadec o<br>en las instalaciones de la Coordinaci\u00f3n de Difusi\u00f3n y Patrimonio Cultural ubicadas en<br>Edificio \u201cF\u201d de la Unidad Camporredondo, Saltillo, Coahuila.<\/p>\n\n\n\n<p class=\"wp-block-paragraph\">En la Unidad Norte al tel\u00e9fono (866) 649 60 30 y en redes sociales:<br><a href=\"http:\/\/www.facebook.com\/CUN.UADEC\">www.facebook.com\/CUN.UADEC<\/a>; en la Unidad Laguna al 871 729 32 01 y en redes<br>sociales <a href=\"http:\/\/www.facebook.com\/UAdeCUL\">www.facebook.com\/UAdeCUL<\/a>.<\/p>\n","protected":false},"excerpt":{"rendered":"<p>SALTILLO, Coahuila. 3 de septiembre de 2026. La Universidad Aut\u00f3noma deCoahuila a trav\u00e9s de la Coordinaci\u00f3n General de Difusi\u00f3n y Patrimonio Cultural,invita a la comunidad universitaria de las Unidades Sureste, Norte y Laguna, as\u00edcomo al p\u00fablico en general a disfrutar de las actividades culturales programadasdurante el mes de septiembre 2026. La Unidad Sureste contar\u00e1 con una extensa programaci\u00f3n que inicio el mi\u00e9rcoles 2de septiembre a las 19:00 horas con el&#8230;<\/p>\n","protected":false},"author":1,"featured_media":33415,"comment_status":"closed","ping_status":"","sticky":false,"template":"","format":"standard","meta":{"footnotes":""},"categories":[2,1],"tags":[],"class_list":["post-33414","post","type-post","status-publish","format-standard","has-post-thumbnail","hentry","category-uadec","category-uncategorized","wpcat-2-id","wpcat-1-id"],"_links":{"self":[{"href":"https:\/\/www.aquilaguna.com\/index.php\/wp-json\/wp\/v2\/posts\/33414","targetHints":{"allow":["GET"]}}],"collection":[{"href":"https:\/\/www.aquilaguna.com\/index.php\/wp-json\/wp\/v2\/posts"}],"about":[{"href":"https:\/\/www.aquilaguna.com\/index.php\/wp-json\/wp\/v2\/types\/post"}],"author":[{"embeddable":true,"href":"https:\/\/www.aquilaguna.com\/index.php\/wp-json\/wp\/v2\/users\/1"}],"replies":[{"embeddable":true,"href":"https:\/\/www.aquilaguna.com\/index.php\/wp-json\/wp\/v2\/comments?post=33414"}],"version-history":[{"count":1,"href":"https:\/\/www.aquilaguna.com\/index.php\/wp-json\/wp\/v2\/posts\/33414\/revisions"}],"predecessor-version":[{"id":33416,"href":"https:\/\/www.aquilaguna.com\/index.php\/wp-json\/wp\/v2\/posts\/33414\/revisions\/33416"}],"wp:featuredmedia":[{"embeddable":true,"href":"https:\/\/www.aquilaguna.com\/index.php\/wp-json\/wp\/v2\/media\/33415"}],"wp:attachment":[{"href":"https:\/\/www.aquilaguna.com\/index.php\/wp-json\/wp\/v2\/media?parent=33414"}],"wp:term":[{"taxonomy":"category","embeddable":true,"href":"https:\/\/www.aquilaguna.com\/index.php\/wp-json\/wp\/v2\/categories?post=33414"},{"taxonomy":"post_tag","embeddable":true,"href":"https:\/\/www.aquilaguna.com\/index.php\/wp-json\/wp\/v2\/tags?post=33414"}],"curies":[{"name":"wp","href":"https:\/\/api.w.org\/{rel}","templated":true}]}}