{"id":33421,"date":"2026-09-03T19:12:49","date_gmt":"2026-09-04T01:12:49","guid":{"rendered":"https:\/\/www.aquilaguna.com\/?p=33421"},"modified":"2026-09-03T19:12:49","modified_gmt":"2026-09-04T01:12:49","slug":"con-desfile-y-una-gran-fiesta-dan-la-bienvenida-a-estudiantes-de-la-uadec-unidad-laguna","status":"publish","type":"post","link":"https:\/\/www.aquilaguna.com\/index.php\/2026\/09\/03\/con-desfile-y-una-gran-fiesta-dan-la-bienvenida-a-estudiantes-de-la-uadec-unidad-laguna\/","title":{"rendered":"Con Desfile y una Gran Fiesta Dan la Bienvenida a Estudiantes de la UAdeC Unidad Laguna."},"content":{"rendered":"\n<p class=\"wp-block-paragraph\">TORRE\u00d3N, Coahuila. 3 de septiembre de 2026. Estudiantes de nuevo ingreso de la<br>Universidad Aut\u00f3noma de Coahuila de la Unidad Laguna, desfilaron con algarab\u00eda y<br>entusiasmo hasta Ciudad Universitaria, esto con motivo de su bienvenida a la<br>m\u00e1xima casa de estudios.<\/p>\n\n\n\n<p class=\"wp-block-paragraph\">El contingente estuvo encabezado por el rector, Octavio Pimentel Mart\u00ednez, el<br>coordinador de Unidad Laguna, Omar Rojas Zapata, funcionariado, directores,<br>escolta, banda de guerra y comunidad estudiantil de 21 Escuelas, Facultades e<br>Institutos, quienes recorrieron las principales calles aleda\u00f1as a Ciudad Universitaria<br>Campus Torre\u00f3n.<\/p>\n\n\n\n<p class=\"wp-block-paragraph\">El Rector acompa\u00f1ado por las y los directores de planteles universitarios, recibi\u00f3 al<br>contingente de alumnas y alumnos en la explanada del Centro Cultural \u201cBraulio<br>Fern\u00e1ndez Aguirre\u201d, donde fue colocado un templete y pantalla para iniciar la fiesta<br>protocolaria y de bienvenida.<\/p>\n\n\n\n<p class=\"wp-block-paragraph\">En su mensaje, Pimentel Mart\u00ednez, les afirm\u00f3 a los nuevos universitarios que est\u00e1n<br>por iniciar una de las mejores etapas de sus vidas, la de ser y hacer universidad, por<br>lo que los exhort\u00f3 a disfrutar del semestre y a estudiar con entusiasmo para cerrar<br>con \u00e9xito el 2026.<\/p>\n\n\n\n<p class=\"wp-block-paragraph\">Agreg\u00f3 que, la UAdeC cuenta con las y los mejores directores y con ellos, trabajando<br>en equipo y en conjunto con sus estudiantes y docentes, la Aut\u00f3noma de Coahuila<br>es la mejor universidad de M\u00e9xico.<\/p>\n\n\n\n<p class=\"wp-block-paragraph\">Posteriormente, la fiesta continu\u00f3 para los universitarios, quienes disfrutaron del<br>evento con la m\u00fasica en vivo de la Sonora Universitaria de la Facultad de Contadur\u00eda<br>y Administraci\u00f3n (FCA) y DJ, en una sana convivencia.<\/p>\n\n\n\n<p class=\"wp-block-paragraph\">Cabe se\u00f1alar que este evento tiene como significado celebrar y dar la bienvenida a<br>estudiantes que reci\u00e9n ingresan a la Universidad Aut\u00f3noma de Coahuila, la cual les<br>brindar\u00e1 una educaci\u00f3n de calidad que los preparar\u00e1 para en un futuro enfrentar los<br>desaf\u00edos del mercado laboral.<\/p>\n","protected":false},"excerpt":{"rendered":"<p>TORRE\u00d3N, Coahuila. 3 de septiembre de 2026. Estudiantes de nuevo ingreso de laUniversidad Aut\u00f3noma de Coahuila de la Unidad Laguna, desfilaron con algarab\u00eda yentusiasmo hasta Ciudad Universitaria, esto con motivo de su bienvenida a lam\u00e1xima casa de estudios. El contingente estuvo encabezado por el rector, Octavio Pimentel Mart\u00ednez, elcoordinador de Unidad Laguna, Omar Rojas Zapata, funcionariado, directores,escolta, banda de guerra y comunidad estudiantil de 21 Escuelas, Facultades eInstitutos, quienes recorrieron&#8230;<\/p>\n","protected":false},"author":1,"featured_media":33422,"comment_status":"closed","ping_status":"","sticky":false,"template":"","format":"standard","meta":{"footnotes":""},"categories":[7,2],"tags":[],"class_list":["post-33421","post","type-post","status-publish","format-standard","has-post-thumbnail","hentry","category-torreon","category-uadec","wpcat-7-id","wpcat-2-id"],"_links":{"self":[{"href":"https:\/\/www.aquilaguna.com\/index.php\/wp-json\/wp\/v2\/posts\/33421","targetHints":{"allow":["GET"]}}],"collection":[{"href":"https:\/\/www.aquilaguna.com\/index.php\/wp-json\/wp\/v2\/posts"}],"about":[{"href":"https:\/\/www.aquilaguna.com\/index.php\/wp-json\/wp\/v2\/types\/post"}],"author":[{"embeddable":true,"href":"https:\/\/www.aquilaguna.com\/index.php\/wp-json\/wp\/v2\/users\/1"}],"replies":[{"embeddable":true,"href":"https:\/\/www.aquilaguna.com\/index.php\/wp-json\/wp\/v2\/comments?post=33421"}],"version-history":[{"count":1,"href":"https:\/\/www.aquilaguna.com\/index.php\/wp-json\/wp\/v2\/posts\/33421\/revisions"}],"predecessor-version":[{"id":33423,"href":"https:\/\/www.aquilaguna.com\/index.php\/wp-json\/wp\/v2\/posts\/33421\/revisions\/33423"}],"wp:featuredmedia":[{"embeddable":true,"href":"https:\/\/www.aquilaguna.com\/index.php\/wp-json\/wp\/v2\/media\/33422"}],"wp:attachment":[{"href":"https:\/\/www.aquilaguna.com\/index.php\/wp-json\/wp\/v2\/media?parent=33421"}],"wp:term":[{"taxonomy":"category","embeddable":true,"href":"https:\/\/www.aquilaguna.com\/index.php\/wp-json\/wp\/v2\/categories?post=33421"},{"taxonomy":"post_tag","embeddable":true,"href":"https:\/\/www.aquilaguna.com\/index.php\/wp-json\/wp\/v2\/tags?post=33421"}],"curies":[{"name":"wp","href":"https:\/\/api.w.org\/{rel}","templated":true}]}}